{"id":815521,"date":"2026-03-22T01:04:11","date_gmt":"2026-03-22T01:04:11","guid":{"rendered":"https:\/\/www.europesays.com\/fr\/815521\/"},"modified":"2026-03-22T01:04:11","modified_gmt":"2026-03-22T01:04:11","slug":"robert-mueller-le-procureur-de-lenquete-russe-est-mort-donald-trump-sen-rejouit","status":"publish","type":"post","link":"https:\/\/www.europesays.com\/fr\/815521\/","title":{"rendered":"Robert Mueller, le procureur de l&rsquo;enqu\u00eate russe, est mort, Donald Trump s&rsquo;en r\u00e9jouit"},"content":{"rendered":"<p>L&rsquo;Am\u00e9ricain <a href=\"https:\/\/www.france24.com\/fr\/tag\/robert-mueller\/\" target=\"_self\" class=\"gtm-add-suggested-tag\" rel=\"nofollow noopener\">Robert Mueller<\/a>, connu pour son r\u00f4le de procureur sp\u00e9cial charg\u00e9 de l&rsquo;enqu\u00eate sur \u00ab\u00a0l&rsquo;ing\u00e9rence russe\u00a0\u00bb aux \u00c9tats-Unis, qui a empoisonn\u00e9 le d\u00e9but du premier mandat de <a href=\"https:\/\/www.france24.com\/fr\/tag\/donald-trump\/\" target=\"_self\" class=\"gtm-add-suggested-tag\" rel=\"nofollow noopener\">Donald Trump<\/a>, est mort \u00e0 81 ans, le pr\u00e9sident am\u00e9ricain se r\u00e9jouissant imm\u00e9diatement de son d\u00e9c\u00e8s samedi 21 mars.<\/p>\n<p>Nomm\u00e9 procureur sp\u00e9cial en 2017, cet ancien directeur de la police f\u00e9d\u00e9rale (FBI) a supervis\u00e9 pendant pr\u00e8s de deux ans l&rsquo;enqu\u00eate sur une possible collusion entre le Kremlin et le candidat Donald Trump lors de la campagne de 2016.<\/p>\n<p class=\"a-read-more\">\u00c0 relire<a href=\"https:\/\/www.france24.com\/fr\/20190419-rapport-mueller-trump-democrates-arme-politique-entrave-justice\" target=\"_self\" class=\"a-read-more__link\" rel=\"nofollow noopener\">Le rapport Mueller, une arme politique difficile \u00e0 manier contre Donald Trump<\/a><\/p>\n<p>Robert Mueller\u00a0avait supervis\u00e9 cette enqu\u00eate dans le plus grand secret et avait rendu, en avril 2019, ses conclusions dans un rapport de plus de 400 pages. Il y d\u00e9crivait les efforts russes pour aider Donald Trump en 2016, mais ajoutait ne pas avoir rassembl\u00e9 de preuves d&rsquo;un complot entre Moscou et l&rsquo;\u00e9quipe de campagne du milliardaire r\u00e9publicain.<\/p>\n<p>Son d\u00e9c\u00e8s, vendredi \u00e0 l&rsquo;\u00e2ge de 81 ans, a \u00e9t\u00e9 annonc\u00e9 par sa famille dans un communiqu\u00e9 mentionn\u00e9 notamment par le New York Times. Le journal rapportait il y a quelques mois qu&rsquo;il avait \u00e9t\u00e9 diagnostiqu\u00e9 de la maladie de Parkinson.<\/p>\n<p> <strong>\u00ab\u00a0Je suis content qu&rsquo;il soit mort\u00a0\u00bb<\/strong> <\/p>\n<p>Le pr\u00e9sident am\u00e9ricain a tr\u00e8s rapidement r\u00e9agi sur sa plateforme Truth Social: \u00ab\u00a0Robert Mueller vient de mourir. Bien. Je suis content qu&rsquo;il soit mort. Il ne va plus pouvoir faire du mal \u00e0 des innocents\u00a0\u00bb.<\/p>\n<p><img fetchpriority=\"low\" decoding=\"async\" src=\"https:\/\/www.europesays.com\/fr\/wp-content\/uploads\/2026\/03\/Capture-d-\u00e9cran-2026-03-21-211049.jpg\"   alt=\"&quot;Robert Mueller vient de mourir. Bien. Je suis content qu'il soit mort. Il ne va plus pouvoir faire du mal \u00e0 des innocents&quot;, a \u00e9crit Donald Trump, sur son r\u00e9seau social, le 21 mars 2026.\" style=\"max-height:187px\" loading=\"lazy\" class=\"a-img \"\/><\/p>\n<p>                \u00ab\u00a0Robert Mueller vient de mourir. Bien. Je suis content qu&rsquo;il soit mort. Il ne va plus pouvoir faire du mal \u00e0 des innocents\u00a0\u00bb, a \u00e9crit Donald Trump, sur son r\u00e9seau social.                \u00a9 Truth Social (capture d&rsquo;\u00e9cran)            <\/p>\n<p>Dans son rapport de 2019, le procureur d\u00e9taillait une s\u00e9rie de pressions troublantes exerc\u00e9es par le locataire de la Maison Blanche sur son enqu\u00eate et se disait incapable de le blanchir des soup\u00e7ons d&rsquo;entrave \u00e0 la justice.<\/p>\n<p>\u00c0 la t\u00eate de l&rsquo;enqu\u00eate russe, Robert Mueller a toujours pris soin de rester dans l&rsquo;ombre, s&rsquo;exprimant par l&rsquo;entremise de documents judiciaires largement prot\u00e9g\u00e9s par le secret.\u00a0Il d\u00e9l\u00e9guait les audiences \u00e0 ses lieutenants. Jamais il n&rsquo;a communiqu\u00e9 avec la presse, laissant son porte-parole livrer de laconiques \u00ab\u00a0pas de commentaire\u00a0\u00bb.<\/p>\n<p>Conscient du grand respect qu&rsquo;il inspirait M. Mueller, le pr\u00e9sident Donald Trump s&rsquo;\u00e9tait gard\u00e9 de l&rsquo;attaquer frontalement, m\u00eame s&rsquo;il avait d\u00e9nonc\u00e9 en boucle une injuste \u00ab\u00a0chasse aux sorci\u00e8res\u00a0\u00bb.<\/p>\n<p>Avec AFP<\/p>\n","protected":false},"excerpt":{"rendered":"L&rsquo;Am\u00e9ricain Robert Mueller, connu pour son r\u00f4le de procureur sp\u00e9cial charg\u00e9 de l&rsquo;enqu\u00eate sur \u00ab\u00a0l&rsquo;ing\u00e9rence russe\u00a0\u00bb aux \u00c9tats-Unis,&hellip;\n","protected":false},"author":2,"featured_media":815522,"comment_status":"","ping_status":"","sticky":false,"template":"","format":"standard","meta":{"footnotes":""},"categories":[5],"tags":[11,782,75,73,1011,27,89178,14,12,10513,132,28],"class_list":{"0":"post-815521","1":"post","2":"type-post","3":"status-publish","4":"format-standard","5":"has-post-thumbnail","7":"category-international","8":"tag-actualites","9":"tag-ameriques","10":"tag-donald-trump","11":"tag-etats-unis","12":"tag-fr","13":"tag-france","14":"tag-ingerence-russe-aux-etats-unis","15":"tag-international","16":"tag-news","17":"tag-robert-mueller","18":"tag-russie","19":"tag-world"},"share_on_mastodon":{"url":"https:\/\/pubeurope.com\/@fr\/116270141620895364","error":""},"_links":{"self":[{"href":"https:\/\/www.europesays.com\/fr\/wp-json\/wp\/v2\/posts\/815521","targetHints":{"allow":["GET"]}}],"collection":[{"href":"https:\/\/www.europesays.com\/fr\/wp-json\/wp\/v2\/posts"}],"about":[{"href":"https:\/\/www.europesays.com\/fr\/wp-json\/wp\/v2\/types\/post"}],"author":[{"embeddable":true,"href":"https:\/\/www.europesays.com\/fr\/wp-json\/wp\/v2\/users\/2"}],"replies":[{"embeddable":true,"href":"https:\/\/www.europesays.com\/fr\/wp-json\/wp\/v2\/comments?post=815521"}],"version-history":[{"count":0,"href":"https:\/\/www.europesays.com\/fr\/wp-json\/wp\/v2\/posts\/815521\/revisions"}],"wp:featuredmedia":[{"embeddable":true,"href":"https:\/\/www.europesays.com\/fr\/wp-json\/wp\/v2\/media\/815522"}],"wp:attachment":[{"href":"https:\/\/www.europesays.com\/fr\/wp-json\/wp\/v2\/media?parent=815521"}],"wp:term":[{"taxonomy":"category","embeddable":true,"href":"https:\/\/www.europesays.com\/fr\/wp-json\/wp\/v2\/categories?post=815521"},{"taxonomy":"post_tag","embeddable":true,"href":"https:\/\/www.europesays.com\/fr\/wp-json\/wp\/v2\/tags?post=815521"}],"curies":[{"name":"wp","href":"https:\/\/api.w.org\/{rel}","templated":true}]}}