{"id":81557,"date":"2025-05-07T09:52:09","date_gmt":"2025-05-07T09:52:09","guid":{"rendered":"https:\/\/www.europesays.com\/fr\/81557\/"},"modified":"2025-05-07T09:52:09","modified_gmt":"2025-05-07T09:52:09","slug":"me-laurent-libouban-nouveau-president-de-la-chambre-des-notaires-des","status":"publish","type":"post","link":"https:\/\/www.europesays.com\/fr\/81557\/","title":{"rendered":"Me Laurent Libouban, nouveau pr\u00e9sident de la Chambre des Notaires des (\u2026)"},"content":{"rendered":"<p>                    <img loading=\"lazy\" decoding=\"async\" src=\"https:\/\/www.europesays.com\/fr\/wp-content\/uploads\/2025\/05\/1f0795e4a37b6092ba67569ed1be36.png\" class=\"img-responsive post-image\" width=\"680\" height=\"510\" alt=\"Me Laurent Libouban, (\u2026)\" title=\"Me Laurent Libouban, nouveau pr\u00e9sident de la Chambre des Notaires des Alpes-Maritimes\"\/><\/p>\n<p class=\"chapo\">\u00ab\u00a0En ce 6 mai j\u2019ai \u00e9t\u00e9 \u00e9lu Pr\u00e9sident de la Chambre des Notaires des Alpes-Maritimes pour deux ans\u00a0\u00a0\u00bb, a \u00e9crit sur son compte LinkedIn Me Laurent Libouban, premier notaire \u00e0 Nice \u00e0 occuper ce poste depuis<strong> Me Jean-Charles March<\/strong> (2013-2015).<\/p>\n<p>Il succ\u00e8de \u00e0 <a href=\"https:\/\/www.petitesaffiches.fr\/nominations,079\/me-herve-accorsi-elu-president-de,27784.html?lang=fr\" rel=\"nofollow noopener\" target=\"_blank\">Me Herv\u00e9 Accorsi<\/a>, notaire \u00e0 Grasse. \u00ab\u00a0\u00a0Je remercie l\u2019ensemble de mes Confr\u00e8res pour la confiance qu\u2019ils m\u2019accordent, et j\u2019aurai un immense plaisir \u00e0 les repr\u00e9senter. Ils pourront compter sur mon \u00e9nergie et ma d\u00e9termination tout au long de mon mandat. \u00c0 mes c\u00f4t\u00e9s, une \u00e9quipe formidable de 20 membres de la<a href=\"https:\/\/www.chambre-notaires06.fr\/\" class=\"texte\" rel=\"external nofollow noopener\" target=\"_blank\">Chambre<\/a> appuiera et amplifiera mon action au quotidien\u00a0\u00bb, a-t-il compl\u00e9t\u00e9.<\/p>\n<p>Me Libouban, qui suit de tr\u00e8s pr\u00e8s les innovations technologiques et tout particuli\u00e8rement les \u00e9volutions qu\u2019implique l\u2019intelligence artificielle, a occup\u00e9 plusieurs postes au sein de la chambre\u00a0: conseiller, tr\u00e9sorier, syndic et mandataire pour les questions relatives \u00e0 l\u2019immobilier. \u00ab\u00a0Son mandat s\u2019articulera autour d\u2019une id\u00e9e essentielle\u00a0: le notaire est aussi un chef d\u2019entrepris\u00a0\u00a0\u00bb, a indiqu\u00e9 la chambre des notaires 06. \u00ab\u00a0Dans une conjoncture difficile, Me Laurent Libouban porte un message d\u2019optimisme fond\u00e9 sur deux axes forts\u00a0: la technologie \u2013 avec une ambition claire pour le d\u00e9ploiement de l\u2019IA dans les \u00e9tudes notariales (et) la diversification \u2013 pour d\u00e9passer les bornes traditionnelles des activit\u00e9s notariales.\u00a0\u00bb<\/p>\n<p><strong>Bureau\u00a0: <\/strong> Laurent Libouban (pr\u00e9sident), Anne-Claire Estrada de Tourniel (vice-pr\u00e9sidente), Corinne Varengo Di Marco, Florian Saltel, Leila Palombieri, Charlotte Bonneuil, Magali Ruez, Anne-Charlotte Charbonnier Gallo, Alexandre Geraci et Benjamin Le Strat.<br class=\"autobr\"\/><br \/>\n<strong>Conseillers\u00a0: <\/strong> Audrey Aramino, Denis Berio, Antoine Cadudal, C\u00e9cile Carreras Devot, Guillaume Deloupy, Pauline Magnaldi, Jordan Planelles, Pierre Ricci, Micka\u00ebl Rosier, Linda Tan, Romain Toullec et Fr\u00e9d\u00e9ric Vouillon.<\/p>\n<p>Photo de Une (d\u00e9tail) \u00a9 Chambre des notaires 06<\/p>\n","protected":false},"excerpt":{"rendered":"\u00ab\u00a0En ce 6 mai j\u2019ai \u00e9t\u00e9 \u00e9lu Pr\u00e9sident de la Chambre des Notaires des Alpes-Maritimes pour deux ans\u00a0\u00a0\u00bb,&hellip;\n","protected":false},"author":2,"featured_media":81558,"comment_status":"","ping_status":"","sticky":false,"template":"","format":"standard","meta":{"footnotes":""},"categories":[2819],"tags":[1111,11,2408,1777,674,1011,27,12,2401,882,25],"class_list":{"0":"post-81557","1":"post","2":"type-post","3":"status-publish","4":"format-standard","5":"has-post-thumbnail","7":"category-nice","8":"tag-actu","9":"tag-actualites","10":"tag-appels-d","11":"tag-eu","12":"tag-europe","13":"tag-fr","14":"tag-france","15":"tag-news","16":"tag-nice","17":"tag-provence-alpes-cote-dazur","18":"tag-republique-francaise"},"share_on_mastodon":{"url":"https:\/\/pubeurope.com\/@fr\/114465940700434910","error":""},"_links":{"self":[{"href":"https:\/\/www.europesays.com\/fr\/wp-json\/wp\/v2\/posts\/81557","targetHints":{"allow":["GET"]}}],"collection":[{"href":"https:\/\/www.europesays.com\/fr\/wp-json\/wp\/v2\/posts"}],"about":[{"href":"https:\/\/www.europesays.com\/fr\/wp-json\/wp\/v2\/types\/post"}],"author":[{"embeddable":true,"href":"https:\/\/www.europesays.com\/fr\/wp-json\/wp\/v2\/users\/2"}],"replies":[{"embeddable":true,"href":"https:\/\/www.europesays.com\/fr\/wp-json\/wp\/v2\/comments?post=81557"}],"version-history":[{"count":0,"href":"https:\/\/www.europesays.com\/fr\/wp-json\/wp\/v2\/posts\/81557\/revisions"}],"wp:featuredmedia":[{"embeddable":true,"href":"https:\/\/www.europesays.com\/fr\/wp-json\/wp\/v2\/media\/81558"}],"wp:attachment":[{"href":"https:\/\/www.europesays.com\/fr\/wp-json\/wp\/v2\/media?parent=81557"}],"wp:term":[{"taxonomy":"category","embeddable":true,"href":"https:\/\/www.europesays.com\/fr\/wp-json\/wp\/v2\/categories?post=81557"},{"taxonomy":"post_tag","embeddable":true,"href":"https:\/\/www.europesays.com\/fr\/wp-json\/wp\/v2\/tags?post=81557"}],"curies":[{"name":"wp","href":"https:\/\/api.w.org\/{rel}","templated":true}]}}