{"id":81579,"date":"2025-05-07T10:03:09","date_gmt":"2025-05-07T10:03:09","guid":{"rendered":"https:\/\/www.europesays.com\/fr\/81579\/"},"modified":"2025-05-07T10:03:09","modified_gmt":"2025-05-07T10:03:09","slug":"la-ville-de-marseille-officiellement-jumelee-avec-la-capitale-de-larmenie","status":"publish","type":"post","link":"https:\/\/www.europesays.com\/fr\/81579\/","title":{"rendered":"La ville de Marseille officiellement jumel\u00e9e avec la capitale de l\u2019Arm\u00e9nie"},"content":{"rendered":"<p>Beno\u00eet Payan et le maire d\u2019Erevan, Tigran Avinyan, ont sign\u00e9 lundi un accord de jumelage afin de renforcer la coop\u00e9ration entre leurs deux villes autour de nombreux projets durables.<\/p>\n<p class=\"fig-paragraph\">C\u2019est un jumelage qui \u00e9tait tr\u00e8s attendu dans la cit\u00e9 phoc\u00e9enne, d\u2019abord \u00e9voqu\u00e9 \u00e0 l\u2019occasion des comm\u00e9morations du g\u00e9nocide arm\u00e9nien en 2024 avant d\u2019\u00eatre adopt\u00e9 en f\u00e9vrier dernier \u00e0 l\u2019occasion d\u2019un conseil municipal et d\u2019\u00eatre sign\u00e9 ce lundi 5 mai. La Ville de Marseille est depuis officiellement jumel\u00e9e \u00e0 la ville d\u2019Erevan, capitale de l\u2019<a href=\"http:\/\/www.lefigaro.fr\/international\/sylvain-tesson-en-armenie-rester-c-est-combattre-20250131\" data-fig-type=\"Article\" data-gtm-custom-categorie=\"navigation\" data-gtm-custom-action=\"crossclick\" data-gtm-custom-label=\"Contextuel\" data-gtm-event=\"customEventSPE\" data-fig-domain=\"LEFIGARO\" rel=\"nofollow noopener\" target=\"_blank\">Arm\u00e9nie<\/a>.<\/p>\n<p class=\"fig-paragraph\">Un accord de jumelage sign\u00e9 des mains de\u00a0<a href=\"http:\/\/www.lefigaro.fr\/marseille\/municipales-a-marseille-benoit-payan-ne-peut-pas-faire-sans-samia-ghali-20250415\" data-fig-type=\"NewsFlash\" data-gtm-custom-categorie=\"navigation\" data-gtm-custom-action=\"crossclick\" data-gtm-custom-label=\"Contextuel\" data-gtm-event=\"customEventSPE\" data-fig-domain=\"LEFIGARO\" rel=\"nofollow noopener\" target=\"_blank\">Beno\u00eet Payan<\/a>\u00a0(DVG) et du maire d\u2019Erevan, Tigran Avinyan, lors d\u2019un d\u00e9placement en Arm\u00e9nie de l\u2019\u00e9dile marseillais. Destin\u00e9 \u00e0 \u00abrenforcer la coop\u00e9ration entre les deux villes autour de projets durables, pour la culture, la transition \u00e9cologique, l\u2019\u00e9ducation, le num\u00e9rique et les m\u00e9tiers d\u2019avenir\u00bb selon un communiqu\u00e9 de la ville de Marseille, ce jumelage \u00abrepr\u00e9sente une promesse d\u2019\u00e9changes approfondis et durables entre les municipalit\u00e9s et les citoyens\u00bb.<\/p>\n<p>\u00abAmiti\u00e9 ind\u00e9fectible\u00bb<\/p>\n<p class=\"fig-paragraph\">\u00abMarseille n\u2019a jamais failli dans son amiti\u00e9 ind\u00e9fectible pour Erevan, dans son amiti\u00e9 inconditionnelle pour l\u2019Arm\u00e9nie\u00bb, a d\u00e9clar\u00e9 Beno\u00eet Payan. \u00abCette signature, je le crois, nous permettra de faire \u00e9merger ensemble, d\u2019inventer ensemble, des solutions concr\u00e8tes pour multiplier nos \u00e9changes et d\u00e9velopper nos villes. Elle doit faire grandir Erevan, faire grandir Marseille, donner du sens \u00e0 ce mot \u201cjumelage\u201d qui nous oblige et qui nous honore\u00bb, a-t-il ajout\u00e9, alors qu\u2019une d\u00e9l\u00e9gation d\u2019\u00e9lus et de repr\u00e9sentants de la diaspora arm\u00e9nienne s\u2019\u00e9tait en m\u00eame temps rendue en Arm\u00e9nie pour officialiser ce jumelage d\u2019une dur\u00e9e de trois ans, selon nos confr\u00e8res de\u00a0<a href=\"https:\/\/www.laprovence.com\/article\/region\/1337434688888715\/la-ville-de-marseille-est-desormais-jumelee-avec-erevan-la-capitale-armenienne\" target=\"_blank\" rel=\"nofollow noopener\" data-gtm-custom-categorie=\"navigation\" data-gtm-custom-action=\"crossclick\" data-gtm-custom-label=\"Contextuel\" data-gtm-event=\"customEventSPE\">La Provence<\/a> .<\/p>\n","protected":false},"excerpt":{"rendered":"Beno\u00eet Payan et le maire d\u2019Erevan, Tigran Avinyan, ont sign\u00e9 lundi un accord de jumelage afin de renforcer&hellip;\n","protected":false},"author":2,"featured_media":81580,"comment_status":"","ping_status":"","sticky":false,"template":"","format":"standard","meta":{"footnotes":""},"categories":[2814],"tags":[1111,11,5950,6469,885,1182,1180,1181,1777,674,1011,27,1184,1185,884,12,1177,1176,149,1186,882,25,1178,1183,1179],"class_list":{"0":"post-81579","1":"post","2":"type-post","3":"status-publish","4":"format-standard","5":"has-post-thumbnail","7":"category-marseille","8":"tag-actu","9":"tag-actualites","10":"tag-armenie","11":"tag-benoit-payan","12":"tag-bouches-du-rhone","13":"tag-calanques","14":"tag-canebiere","15":"tag-cite-phoceenne","16":"tag-eu","17":"tag-europe","18":"tag-fr","19":"tag-france","20":"tag-la-timone","21":"tag-les-baumettes-mediterranee","22":"tag-marseille","23":"tag-news","24":"tag-notre-dame-de-la-garde","25":"tag-olympique-de-marseille","26":"tag-om","27":"tag-provence","28":"tag-provence-alpes-cote-dazur","29":"tag-republique-francaise","30":"tag-saint-charles","31":"tag-sormiou","32":"tag-vieux-port"},"share_on_mastodon":{"url":"https:\/\/pubeurope.com\/@fr\/114465983975991789","error":""},"_links":{"self":[{"href":"https:\/\/www.europesays.com\/fr\/wp-json\/wp\/v2\/posts\/81579","targetHints":{"allow":["GET"]}}],"collection":[{"href":"https:\/\/www.europesays.com\/fr\/wp-json\/wp\/v2\/posts"}],"about":[{"href":"https:\/\/www.europesays.com\/fr\/wp-json\/wp\/v2\/types\/post"}],"author":[{"embeddable":true,"href":"https:\/\/www.europesays.com\/fr\/wp-json\/wp\/v2\/users\/2"}],"replies":[{"embeddable":true,"href":"https:\/\/www.europesays.com\/fr\/wp-json\/wp\/v2\/comments?post=81579"}],"version-history":[{"count":0,"href":"https:\/\/www.europesays.com\/fr\/wp-json\/wp\/v2\/posts\/81579\/revisions"}],"wp:featuredmedia":[{"embeddable":true,"href":"https:\/\/www.europesays.com\/fr\/wp-json\/wp\/v2\/media\/81580"}],"wp:attachment":[{"href":"https:\/\/www.europesays.com\/fr\/wp-json\/wp\/v2\/media?parent=81579"}],"wp:term":[{"taxonomy":"category","embeddable":true,"href":"https:\/\/www.europesays.com\/fr\/wp-json\/wp\/v2\/categories?post=81579"},{"taxonomy":"post_tag","embeddable":true,"href":"https:\/\/www.europesays.com\/fr\/wp-json\/wp\/v2\/tags?post=81579"}],"curies":[{"name":"wp","href":"https:\/\/api.w.org\/{rel}","templated":true}]}}