{"id":81581,"date":"2025-05-07T10:04:11","date_gmt":"2025-05-07T10:04:11","guid":{"rendered":"https:\/\/www.europesays.com\/fr\/81581\/"},"modified":"2025-05-07T10:04:11","modified_gmt":"2025-05-07T10:04:11","slug":"meteo-a-lyon-un-changement-total-de-temps-avec-des-orages-ce-qui-nous-attend","status":"publish","type":"post","link":"https:\/\/www.europesays.com\/fr\/81581\/","title":{"rendered":"M\u00e9t\u00e9o \u00e0 Lyon. Un changement total de temps avec des orages : ce qui nous attend"},"content":{"rendered":"<p>            Par<br \/>\n        <strong><br \/>\n            <a href=\"https:\/\/actu.fr\/auteur\/theo-zuili\" title=\"Consulter tous les articles de Th\u00e9o Zuili\" target=\"_blank\" rel=\"noopener\">Th\u00e9o Zuili<\/a><br \/>\n        <\/strong><\/p>\n<p>        Publi\u00e9 le<\/p>\n<p>            7 mai 2025 \u00e0 11h50        <\/p>\n<p>Ce mercredi 7 mai, le mercure est<strong> bien en dessous<\/strong> des temp\u00e9ratures de saison. Les temp\u00e9ratures ont chut\u00e9 <a href=\"https:\/\/actu.fr\/auvergne-rhone-alpes\/lyon_69123\/un-deluge-de-grele-soudain-et-des-orages-s-abattent-sur-lyon-et-le-rhone-les-images_62592262.html\" target=\"_blank\" rel=\"noopener\">comme la gr\u00eale<\/a> ces derniers jours \u00e0 <a href=\"https:\/\/actu.fr\/auvergne-rhone-alpes\/lyon_69123\" target=\"_blank\" rel=\"noopener\">Lyon<\/a> et dans le Rh\u00f4ne, couverts par des nuages pluvieux.<\/p>\n<p class=\" wall-content\">Bonne nouvelle : <a href=\"https:\/\/actu.fr\/tag\/meteo-france\" target=\"_blank\" rel=\"noopener\">M\u00e9t\u00e9o-France<\/a> pr\u00e9voit le retour du soleil d\u00e8s jeudi 8 mai et jusqu\u2019\u00e0 samedi au moins.<\/p>\n<p>Le retour d\u2019un temps chaud jeudi<\/p>\n<p class=\" wall-content\">Les averses accompagnent les Lyonnais tout au long de la journ\u00e9e ce mercredi 7 mai. Mais d\u00e8s jeudi, <strong>les \u00e9claircies r\u00e8gneront<\/strong>. Avec elles, M\u00e9t\u00e9o-France pr\u00e9voit le retour d\u2019un mercure proche de normales de saison : il fera 21\u00b0C \u00e0 Lyon.<\/p>\n<p class=\" wall-content\">Le vendredi 9 mai sera id\u00e9al pour profiter du beau temps et de la chaleur, avec 23\u00b0C annonc\u00e9s. Le ciel devrait rester au beau fixe toute la journ\u00e9e. M\u00eame chose pour le samedi 10 mai : 24\u00b0C sont attendus et les nuages ne devraient pas g\u00e2cher la f\u00eate.<\/p>\n<p>Des orages attendus d\u00e8s dimanche<\/p>\n<p class=\" wall-content\">D\u00e8s dimanche 11 mai, le printemps devrait \u00e0 nouveau faire la bascule. Le temps sec sera \u00e0 nouveau humide, estiment les pr\u00e9visionnistes de M\u00e9t\u00e9o-France avec une fiabilit\u00e9 \u00e9valu\u00e9e \u00e0 3\/5.<\/p>\n<p>Vid\u00e9os : en ce moment sur Actu<\/p>\n<p class=\" wall-content\">Ils s\u2019attendent \u00e0 des averses d\u00e8s le matin, sous 18\u00b0C. Le mercure grimpera \u00e0 21\u00b0C dans l\u2019apr\u00e8s-midi, lors duquel <strong>des orages sont attendus<\/strong> \u00e0 Lyon. Les averses devraient perdurer dans la soir\u00e9e, voire jusqu\u2019au mardi.<\/p>\n<p class=\" wall-content\">La semaine prochaine pourrait d\u00e9buter sous la pluie et les coups de tonnerre. Voil\u00e0 de bonnes raisons de profiter \u00e0 fond de ce week-end ensoleill\u00e9 !<\/p>\n<p class=\" wall-content\">Suivez toute l\u2019actualit\u00e9 de vos villes et m\u00e9dias favoris en vous inscrivant \u00e0 <a href=\"https:\/\/moncompte.actu.fr\" title=\"D\u00e9couvez Mon Actu\" rel=\"nofollow noopener\" data-trk=\"{&quot;cta&quot;:{&quot;action&quot;:&quot;https:\\\/\\\/moncompte.actu.fr&quot;,&quot;category&quot;:&quot;mon compte&quot;,&quot;from&quot;:&quot;article footer&quot;,&quot;name&quot;:&quot;Mon actu&quot;,&quot;type&quot;:&quot;cta&quot;}}\" target=\"_blank\">Mon Actu<\/a>.<\/p>\n","protected":false},"excerpt":{"rendered":"Par Th\u00e9o Zuili Publi\u00e9 le 7 mai 2025 \u00e0 11h50 Ce mercredi 7 mai, le mercure est bien&hellip;\n","protected":false},"author":2,"featured_media":81582,"comment_status":"","ping_status":"","sticky":false,"template":"","format":"standard","meta":{"footnotes":""},"categories":[1889],"tags":[1111,11,2430,1777,674,1011,27,2428,2487,2357,12,4594,4459,25],"class_list":{"0":"post-81581","1":"post","2":"type-post","3":"status-publish","4":"format-standard","5":"has-post-thumbnail","7":"category-lyon","8":"tag-actu","9":"tag-actualites","10":"tag-auvergne-rhone-alpes","11":"tag-eu","12":"tag-europe","13":"tag-fr","14":"tag-france","15":"tag-lyon","16":"tag-meteo","17":"tag-meteo-france","18":"tag-news","19":"tag-orages","20":"tag-pluie","21":"tag-republique-francaise"},"share_on_mastodon":{"url":"https:\/\/pubeurope.com\/@fr\/114465988303420329","error":""},"_links":{"self":[{"href":"https:\/\/www.europesays.com\/fr\/wp-json\/wp\/v2\/posts\/81581","targetHints":{"allow":["GET"]}}],"collection":[{"href":"https:\/\/www.europesays.com\/fr\/wp-json\/wp\/v2\/posts"}],"about":[{"href":"https:\/\/www.europesays.com\/fr\/wp-json\/wp\/v2\/types\/post"}],"author":[{"embeddable":true,"href":"https:\/\/www.europesays.com\/fr\/wp-json\/wp\/v2\/users\/2"}],"replies":[{"embeddable":true,"href":"https:\/\/www.europesays.com\/fr\/wp-json\/wp\/v2\/comments?post=81581"}],"version-history":[{"count":0,"href":"https:\/\/www.europesays.com\/fr\/wp-json\/wp\/v2\/posts\/81581\/revisions"}],"wp:featuredmedia":[{"embeddable":true,"href":"https:\/\/www.europesays.com\/fr\/wp-json\/wp\/v2\/media\/81582"}],"wp:attachment":[{"href":"https:\/\/www.europesays.com\/fr\/wp-json\/wp\/v2\/media?parent=81581"}],"wp:term":[{"taxonomy":"category","embeddable":true,"href":"https:\/\/www.europesays.com\/fr\/wp-json\/wp\/v2\/categories?post=81581"},{"taxonomy":"post_tag","embeddable":true,"href":"https:\/\/www.europesays.com\/fr\/wp-json\/wp\/v2\/tags?post=81581"}],"curies":[{"name":"wp","href":"https:\/\/api.w.org\/{rel}","templated":true}]}}