{"id":81612,"date":"2025-05-07T10:20:13","date_gmt":"2025-05-07T10:20:13","guid":{"rendered":"https:\/\/www.europesays.com\/fr\/81612\/"},"modified":"2025-05-07T10:20:13","modified_gmt":"2025-05-07T10:20:13","slug":"a-washington-premiere-rencontre-tendue-entre-mark-carney-et-donald-trump","status":"publish","type":"post","link":"https:\/\/www.europesays.com\/fr\/81612\/","title":{"rendered":"\u00c0 Washington, premi\u00e8re rencontre tendue entre Mark Carney et Donald Trump"},"content":{"rendered":"<p><img decoding=\"async\" class=\"c-ad__placeholder__logo\" src=\"https:\/\/www.europesays.com\/fr\/wp-content\/uploads\/2025\/03\/logo-euronews-grey-6-180x22.svg.svg+xml\" width=\"180\" height=\"22\" alt=\"\" loading=\"lazy\"\/>PUBLICIT\u00c9<\/p>\n<p>C&rsquo;est un premier t\u00eate-\u00e0-t\u00eate sous tension. Mardi 6 mai, <a href=\"https:\/\/fr.euronews.com\/2025\/04\/29\/mark-carney-resiste-a-la-tempete-conservatrice-et-mene-les-liberaux-a-une-quatrieme-victoi\" target=\"_blank\" rel=\"noopener\">Mark Carney, Premier ministre canadien nouvellement \u00e9lu<\/a>, s&rsquo;est rendu \u00e0 la Maison Blanche pour rencontrer le pr\u00e9sident \u00e9tats-unien Donald Trump, sur <strong>fond de d\u00e9saccords et de fortes tensions entre les deux pays.<\/strong><\/p>\n<p>Si, pour cette premi\u00e8re rencontre, les deux hommes sont rest\u00e9s courtois, il n&rsquo;a pas fallu attendre longtemps pour voir le pr\u00e9sident r\u00e9publicain souffler de nouveau sur les braises, en affirmant qu&rsquo;il <strong>souhaitait toujours <a href=\"https:\/\/fr.euronews.com\/2024\/12\/19\/faire-du-canada-le-51e-etat-des-etats-unis-une-excellente-idee-selon-donald-trump\" target=\"_blank\" rel=\"noopener\">annexer le Canada pour en faire le 51e \u00c9tat am\u00e9ricain<\/a><\/strong>, qualifiant ainsi la fronti\u00e8re entre les deux pays de \u00ab\u00a0simple d\u00e9marcation arbitraire\u00a0\u00bb. <\/p>\n<p><img decoding=\"async\" src=\"https:\/\/www.europesays.com\/fr\/wp-content\/uploads\/2025\/03\/icon-cross-10x10-grey-6.svg.svg+xml\" width=\"10\" height=\"10\" alt=\"Close advertising\" fetchpriority=\"high\" loading=\"lazy\"\/><\/p>\n<p>Une provocation qui n&rsquo;a pas manqu\u00e9 de faire r\u00e9agir Mark Carney, qui a r\u00e9pliqu\u00e9 en soulignant que <strong>le Canada \u00ab\u00a0ne sera jamais \u00e0 vendre\u00a0\u00bb<\/strong>. \u00ab\u00a0Il ne faut jamais dire jamais\u00a0\u00bb, a r\u00e9torqu\u00e9 Donald Trump, en haussant le sourcil. \u00ab\u00a0Jamais, jamais, jamais !\u00a0\u00bb, a assur\u00e9 le Premier ministre canadien.<\/p>\n<p>La rencontre entre les deux dirigeants a mis en \u00e9vidence tout le spectre du <strong>m\u00e9lange unique d&rsquo;agressivit\u00e9, d&rsquo;hospitalit\u00e9 et d&rsquo;ent\u00eatement de Donald Trump<\/strong>, faisant passer ces rendez-vous d&rsquo;interactions br\u00e8ves et banales \u00e0 des situations tendues obligeant les dirigeants \u00e9trangers \u00e0 choisir entre apaiser la situation ou d\u00e9fier le pr\u00e9sident \u00e9tats-unien.<\/p>\n<p>Une m\u00e9thode qui peut se r\u00e9v\u00e9ler exaltante pour ses partisans, tout en <strong>cr\u00e9ant de l&rsquo;instabilit\u00e9 pour les diplomates habitu\u00e9s \u00e0 un style plus mesur\u00e9<\/strong>. \u00ab\u00a0Il n&rsquo;y a pas de formule pour faire face \u00e0 cette situation\u00a0\u00bb, a d\u00e9clar\u00e9 Daniel Mulhall, ambassadeur d&rsquo;Irlande aux \u00c9tats-Unis pendant le premier mandat de Donald Trump, qualifiant alors le comportement impr\u00e9visible du pr\u00e9sident de \u00ab\u00a0facteur de risque\u00a0\u00bb.<\/p>\n<p>Les deux dirigeants ont \u00e9galement <strong>discut\u00e9, selon Mark Carney, d&rsquo;un large \u00e9ventail de sujets, dont celui du commerce<\/strong>, dans le contexte de <a href=\"https:\/\/fr.euronews.com\/business\/2025\/05\/06\/les-experts-de-lue-a-washington-pour-des-negociations-tarifaires\" target=\"_blank\" rel=\"noopener\">guerre commerciale initi\u00e9e par Donald Trump<\/a>. Ce dernier a assur\u00e9 qu&rsquo;il souhaitait toujours mettre en \u0153uvre son plan, actuellement en suspens pendant 90 jours, ajoutant que les autres pays ont bien plus besoin des \u00c9tats-Unis que Washington n&rsquo;a besoin d&rsquo;eux.<\/p>\n<p>Il a m\u00eame assur\u00e9 qu&rsquo;il n&rsquo;y avait <strong>rien que Mark Carney pouvait dire qui lui ferait changer d&rsquo;avis<\/strong>, avant de souligner que les droits de douane resteront en vigueur jusqu&rsquo;\u00e0 ce que ses exigences soient satisfaites.<\/p>\n<p>\u00ab\u00a0Nous pourrions signer 25 accords en ce moment m\u00eame, Howard [Lutnick, secr\u00e9taire au commerce, NDLR], si nous le voulions. <strong>Nous n&rsquo;avons pas besoin de signer des accords.<\/strong> Ils doivent signer des accords avec nous\u00a0\u00bb, a assur\u00e9 Donald Trump. \u00ab\u00a0Ils veulent une part de notre march\u00e9. Nous ne voulons pas d&rsquo;une partie de leur march\u00e9, nous nous moquons de leur march\u00e9.\u00a0\u00bb<\/p>\n<p>Il a \u00e9galement maintenu que les \u00c9tats-Unis n&rsquo;\u00e9taient pas int\u00e9ress\u00e9s par l&rsquo;achat d&rsquo;automobiles au Canada, qu&rsquo;elles soient ou non assembl\u00e9es aux \u00c9tats-Unis.<\/p>\n<p>Pour Mark Carney, les surtaxes impos\u00e9es par Donald Trump entrent dans une \u00ab\u00a0conversation bien plus larges\u00a0\u00bb. \u00ab\u00a0<strong>Il faudra du temps et des discussions<\/strong>. Et c&rsquo;est pour cela que nous sommes ici, pour avoir ces discussions\u00a0\u00bb, a-t-il assur\u00e9, ouvrant ainsi la porte \u00e0 de nouvelles rencontres.<\/p>\n<p>Au sortir de ce t\u00eate-\u00e0-t\u00eate, <strong>Mark Carney a qualifi\u00e9 la r\u00e9union de constructive<\/strong>, ajoutant que le Canada souhaitait collaborer avec Washington, mais pas au d\u00e9triment de ses int\u00e9r\u00eats. <\/p>\n<p>De son c\u00f4t\u00e9, <strong>Donald Trump a d\u00e9clar\u00e9 que la rencontre avec le dirigeant canadien avait \u00e9t\u00e9 \u00ab\u00a0formidable\u00a0\u00bb<\/strong> et qu&rsquo;il \u00e9tait convaincu que les relations entre les deux pays resteraient solides.<\/p>\n<p>Le <strong>Canada est la principale destination des exportations de 36 \u00c9tats am\u00e9ricains<\/strong>, avec pr\u00e8s de 2,7 milliards de dollars de biens et de services qui traversent la fronti\u00e8re chaque jour. Environ 60 % du p\u00e9trole brut et 85 % de l&rsquo;\u00e9lectricit\u00e9 import\u00e9s aux \u00c9tats-Unis proviennent du Canada.<\/p>\n<p>Le Canada est \u00e9galement le premier fournisseur \u00e9tranger d&rsquo;acier, d&rsquo;aluminium et d&rsquo;uranium de Washington, et poss\u00e8de 34 min\u00e9raux et m\u00e9taux cruciaux que le Pentagone recherche \u00e0 des fins de s\u00e9curit\u00e9 nationale.<\/p>\n<p>Le Canada est l&rsquo;une des nations les plus d\u00e9pendantes du commerce mondial, 77 % de ses exportations \u00e9tant destin\u00e9es aux \u00c9tats-Unis.<\/p>\n<p>Sources additionnelles<strong> \u2022 AP<\/strong><\/p>\n","protected":false},"excerpt":{"rendered":"PUBLICIT\u00c9 C&rsquo;est un premier t\u00eate-\u00e0-t\u00eate sous tension. Mardi 6 mai, Mark Carney, Premier ministre canadien nouvellement \u00e9lu, s&rsquo;est&hellip;\n","protected":false},"author":2,"featured_media":81613,"comment_status":"","ping_status":"","sticky":false,"template":"","format":"standard","meta":{"footnotes":""},"categories":[2],"tags":[11,574,75,1866,1011,27,78,15904,12,25],"class_list":{"0":"post-81612","1":"post","2":"type-post","3":"status-publish","4":"format-standard","5":"has-post-thumbnail","7":"category-actualites","8":"tag-actualites","9":"tag-canada","10":"tag-donald-trump","11":"tag-etats-unis-damerique","12":"tag-fr","13":"tag-france","14":"tag-maison-blanche","15":"tag-mark-carney","16":"tag-news","17":"tag-republique-francaise"},"share_on_mastodon":{"url":"https:\/\/pubeurope.com\/@fr\/114466050952876716","error":""},"_links":{"self":[{"href":"https:\/\/www.europesays.com\/fr\/wp-json\/wp\/v2\/posts\/81612","targetHints":{"allow":["GET"]}}],"collection":[{"href":"https:\/\/www.europesays.com\/fr\/wp-json\/wp\/v2\/posts"}],"about":[{"href":"https:\/\/www.europesays.com\/fr\/wp-json\/wp\/v2\/types\/post"}],"author":[{"embeddable":true,"href":"https:\/\/www.europesays.com\/fr\/wp-json\/wp\/v2\/users\/2"}],"replies":[{"embeddable":true,"href":"https:\/\/www.europesays.com\/fr\/wp-json\/wp\/v2\/comments?post=81612"}],"version-history":[{"count":0,"href":"https:\/\/www.europesays.com\/fr\/wp-json\/wp\/v2\/posts\/81612\/revisions"}],"wp:featuredmedia":[{"embeddable":true,"href":"https:\/\/www.europesays.com\/fr\/wp-json\/wp\/v2\/media\/81613"}],"wp:attachment":[{"href":"https:\/\/www.europesays.com\/fr\/wp-json\/wp\/v2\/media?parent=81612"}],"wp:term":[{"taxonomy":"category","embeddable":true,"href":"https:\/\/www.europesays.com\/fr\/wp-json\/wp\/v2\/categories?post=81612"},{"taxonomy":"post_tag","embeddable":true,"href":"https:\/\/www.europesays.com\/fr\/wp-json\/wp\/v2\/tags?post=81612"}],"curies":[{"name":"wp","href":"https:\/\/api.w.org\/{rel}","templated":true}]}}