{"id":81614,"date":"2025-05-07T10:21:11","date_gmt":"2025-05-07T10:21:11","guid":{"rendered":"https:\/\/www.europesays.com\/fr\/81614\/"},"modified":"2025-05-07T10:21:11","modified_gmt":"2025-05-07T10:21:11","slug":"quelle-est-la-voiture-la-plus-vendue-en-france-en-2025","status":"publish","type":"post","link":"https:\/\/www.europesays.com\/fr\/81614\/","title":{"rendered":"Quelle est la voiture la plus vendue en France en 2025 ?"},"content":{"rendered":"<p>D\u00e9couvrez dans cet article les meilleures ventes de v\u00e9hicules particuliers en France au mois d\u2019avril dernier, mais \u00e9galement au cours des quatre premiers mois de l\u2019ann\u00e9e en cours, en comparaison de la m\u00eame p\u00e9riode un an plus t\u00f4t. Un hit-parade o\u00f9 les mod\u00e8les des constructeurs fran\u00e7ais sont largement repr\u00e9sent\u00e9s et o\u00f9 les performances des uns et des autres ont connu des fortunes diverses.<\/p>\n<p>C\u2019est un jour sans fin. Celui qui, mois apr\u00e8s mois, place peu ou prou les m\u00eames mod\u00e8les en t\u00eate des immatriculations de v\u00e9hicules neufs dans notre pays. En l\u2019occurrence, <strong>les <a title=\"Renault Clio\" href=\"https:\/\/www.automobile-magazine.fr\/modele\/renault\/clio\" target=\"_blank\" rel=\"noopener\">Renault Clio<\/a>, Peugeot 208 et Dacia Sandero <\/strong>qui continuent \u00e0 truster les premi\u00e8res places dans notre pays, avec des fortunes diverses. Au mois d\u2019avril dernier, la Renault Clio a \u00e9t\u00e9 la voiture neuve particuli\u00e8re la plus vendue dans notre pays avec 9 397 nouveaux exemplaires \u00e9coul\u00e9s.<\/p>\n<p><img decoding=\"async\" loading=\"lazy\" alt=\"La Renault Clio, toujours aussi en vogue.\" src=\"https:\/\/www.europesays.com\/fr\/wp-content\/uploads\/2025\/05\/la-renault-clio-toujours-aussi-en-vogue.jpg\" width=\"800\" height=\"449\"\/>La Renault Clio, toujours aussi en vogue.\u00a9 RenaultLa Peugeot 208 garde la t\u00eate en 2025 en France<\/p>\n<p>M\u00eame constat pour <strong>les quatre premiers mois de 2025, puisque la Clio occupe la premi\u00e8re place <\/strong>avec 32 935 unit\u00e9s commercialis\u00e9es en France devant la Peugeot 208 (version e-208 compris), deuxi\u00e8me de ce classement avec 26 846 unit\u00e9s vendues. Deuxi\u00e8me aussi de ce hit-parade pour le mois d&rsquo;avril 2025 (5 676 ex), la citadine au Lion devance de peu une autre fran\u00e7aise, la Dacia Sandero et ses 5 109 exemplaires vendus le mois dernier et 22 700 unit\u00e9s du 1er janvier au 30 avril derniers, soit la place de 4\u00e8me tous mod\u00e8les particuliers confondus vendus neufs sur notre sol durant ce quadrimestre.<\/p>\n<p><img decoding=\"async\" loading=\"lazy\" alt=\"La Citro\u00ebn C3 s'est \u00e9coul\u00e9e \u00e0 22 900 exemplaires en France au cours des 4 premiers mois de l'ann\u00e9e en cours\" src=\"https:\/\/www.europesays.com\/fr\/wp-content\/uploads\/2025\/05\/la-citroen-c3-sest-ecoulee-a-22-900-exemplaires-en-france-au-cours-des-4-premiers-mois-de-lannee-en-.jpeg\" width=\"800\" height=\"449\"\/>La Citro\u00ebn C3 s&rsquo;est \u00e9coul\u00e9e \u00e0 22 900 exemplaires en France au cours des 4 premiers mois de l&rsquo;ann\u00e9e en cours\u00a9 Alex KrassovskyLa Toyota Yaris fait de la r\u00e9sistance<\/p>\n<p>Derri\u00e8re la formation de ce podium pour le mois d&rsquo;avril dernier, c\u2019est de nouveau un mod\u00e8le d\u2019un constructeur fran\u00e7ais qui se distingue, la <a title=\"Citro\u00ebn C3 \" href=\"https:\/\/www.automobile-magazine.fr\/modele\/citroen\/c3\" target=\"_blank\" rel=\"noopener\">Citro\u00ebn C3 <\/a>(y compris la \u00eb-C3 mais hors Aircross) qui a conquis 4 366 nouveaux acheteurs en avril 2025 en France, ce qui porte son total cette ann\u00e9e \u00e0 22 900 unit\u00e9s \u00e9coul\u00e9es en 2025 et ainsi l&rsquo;obtention de la troisi\u00e8me place. Suivent d\u2019autres mod\u00e8les fran\u00e7ais (voir tableau ci-dessous), tandis que <strong>le premier v\u00e9hicule \u00e9tranger \u00e0 int\u00e9grer le podium des meilleures ventes neuves en France en avril 2025 est la Yaris <\/strong>du japonais Toyota (hors version Cross), 8\u00e8me du classement le mois dernier avec 3 646 unit\u00e9s commercialis\u00e9es (11\u00e8me place du 1er janvier au 30 avril 2025 avec 11 464 exemplaires).<\/p>\n<p><img decoding=\"async\" loading=\"lazy\" alt=\"La Toyota Yaris, premier v\u00e9hicule \u00e9tranger qui int\u00e8gre le classement 2025 en France.\" src=\"https:\/\/www.europesays.com\/fr\/wp-content\/uploads\/2025\/05\/la-toyota-yaris-premier-vehicule-etranger-qui-integre-le-classement-2025-en-france.jpg\" width=\"800\" height=\"449\"\/>La Toyota Yaris, premier v\u00e9hicule \u00e9tranger qui int\u00e8gre le classement 2025 en France.\u00a9 ToyotaLe Renault Austral plonge, pas le 3008<\/p>\n<p>On rel\u00e8vera par ailleurs les mauvaises r\u00e9centes performances du Renault Austral, qui perd 26,02% de ses ventes en avril 2025 (1 962 ex) compar\u00e9 au m\u00eame mois de 2024, tout en occupant la 14\u00e8me place de ce classement des meilleurs ventes le mois dernier et depuis le d\u00e9but 2025 ; tandis qu\u2019au contraire, <strong>le Peugeot 3008 \u2013 toutes \u00e9nergies confondues &#8211; a nettement progress\u00e9<\/strong> durant cette m\u00eame p\u00e9riode comparative en France, passant de 1 710 exemplaires en avril 2024 (qui correspond au tout d\u00e9but des livraisons du nouveau 3008), \u00e0 3 221 le mois dernier, soit un bond de +88,36%, selon les donn\u00e9es du sp\u00e9cialiste NGC-DATA (traitement : Autoactu.com). Enfin, pour l\u2019anecdote, on notera qu\u2019aucun mod\u00e8le neuf de Rolls-Royce ne s\u2019est encore vendu en 2025 en France depuis le d\u00e9but de l\u2019ann\u00e9e 2025.<\/p>\n<p>Les 10 meilleures ventes des VP neufs en France en avril 2025<\/p>\n<ol>\n<li>Renault Clio : 9 397 exemplaires<\/li>\n<li>Peugeot 208 : 5 676 ex<\/li>\n<li>Dacia Sandero : 5 109 ex<\/li>\n<li>Citro\u00ebn C3 : 4 366 ex<\/li>\n<li>Peugeot 2008 : 4 312 ex<\/li>\n<li>Dacia Duster : 4 179 ex<\/li>\n<li>Renault Symbioz : 4 083 ex<\/li>\n<li>Toyota Yaris : 3 646 ex<\/li>\n<li>Renault Captur : 3 333 ex<\/li>\n<li>Peugeot 3008 : 3 221 ex<\/li>\n<\/ol>\n<p> <img decoding=\"async\" src=\"https:\/\/www.europesays.com\/fr\/wp-content\/uploads\/2025\/04\/laurent-lepsch.webp.webp\" alt=\"Laurent Lepsch\" width=\"120\" height=\"120\" class=\"visu-auteur\" loading=\"lazy\"\/><\/p>\n<p class=\"short-txt\"> Journaliste automobile digital depuis de nombreuses ann\u00e9es, j\u2019ai aussi un go\u00fbt prononc\u00e9 pour les sports m\u00e9caniques.<\/p>\n<p>  Publi\u00e9 le  07\/05\/2025 \u00e0 12:00  <\/p>\n","protected":false},"excerpt":{"rendered":"D\u00e9couvrez dans cet article les meilleures ventes de v\u00e9hicules particuliers en France au mois d\u2019avril dernier, mais \u00e9galement&hellip;\n","protected":false},"author":2,"featured_media":81615,"comment_status":"","ping_status":"","sticky":false,"template":"","format":"standard","meta":{"footnotes":""},"categories":[4],"tags":[11,1011,27,12,25,622],"class_list":{"0":"post-81614","1":"post","2":"type-post","3":"status-publish","4":"format-standard","5":"has-post-thumbnail","7":"category-france","8":"tag-actualites","9":"tag-fr","10":"tag-france","11":"tag-news","12":"tag-republique-francaise","13":"tag-toute-lu0027actualitu00e9"},"share_on_mastodon":{"url":"https:\/\/pubeurope.com\/@fr\/114466054887995241","error":""},"_links":{"self":[{"href":"https:\/\/www.europesays.com\/fr\/wp-json\/wp\/v2\/posts\/81614","targetHints":{"allow":["GET"]}}],"collection":[{"href":"https:\/\/www.europesays.com\/fr\/wp-json\/wp\/v2\/posts"}],"about":[{"href":"https:\/\/www.europesays.com\/fr\/wp-json\/wp\/v2\/types\/post"}],"author":[{"embeddable":true,"href":"https:\/\/www.europesays.com\/fr\/wp-json\/wp\/v2\/users\/2"}],"replies":[{"embeddable":true,"href":"https:\/\/www.europesays.com\/fr\/wp-json\/wp\/v2\/comments?post=81614"}],"version-history":[{"count":0,"href":"https:\/\/www.europesays.com\/fr\/wp-json\/wp\/v2\/posts\/81614\/revisions"}],"wp:featuredmedia":[{"embeddable":true,"href":"https:\/\/www.europesays.com\/fr\/wp-json\/wp\/v2\/media\/81615"}],"wp:attachment":[{"href":"https:\/\/www.europesays.com\/fr\/wp-json\/wp\/v2\/media?parent=81614"}],"wp:term":[{"taxonomy":"category","embeddable":true,"href":"https:\/\/www.europesays.com\/fr\/wp-json\/wp\/v2\/categories?post=81614"},{"taxonomy":"post_tag","embeddable":true,"href":"https:\/\/www.europesays.com\/fr\/wp-json\/wp\/v2\/tags?post=81614"}],"curies":[{"name":"wp","href":"https:\/\/api.w.org\/{rel}","templated":true}]}}