{"id":81632,"date":"2025-05-07T10:32:10","date_gmt":"2025-05-07T10:32:10","guid":{"rendered":"https:\/\/www.europesays.com\/fr\/81632\/"},"modified":"2025-05-07T10:32:10","modified_gmt":"2025-05-07T10:32:10","slug":"encore-une-statue-de-la-vierge-arrachee-de-son-socle-dans-un-village","status":"publish","type":"post","link":"https:\/\/www.europesays.com\/fr\/81632\/","title":{"rendered":"Encore une statue de la vierge arrach\u00e9e de son socle dans un village"},"content":{"rendered":"<p>Sacril\u00e8ge\u00a0! La vierge foulant aux pieds un serpent, fra\u00eechement restaur\u00e9e, a disparu de son socle \u00e0 Fumel, petite commune du <a href=\"https:\/\/www.20minutes.fr\/dossier\/lot_et_garonne\" class=\"color-ultramarine c-link\" rel=\"nofollow noopener\" target=\"_blank\">Lot-et-Garonne<\/a>. Le 2 mai, la ville poste <a href=\"https:\/\/www.facebook.com\/VilledeFumel\/posts\/pfbid0341XYF7ZbgNUemqyeM55hTBF2E1mLpbAhpa3pucH4Gz7FEZs7LV5Th3vbdo453CM7l\" rel=\"nofollow noopener\" target=\"_blank\" class=\"color-ultramarine c-link\">un message sur les r\u00e9seaux sociaux<\/a> pour signaler le <a href=\"https:\/\/www.20minutes.fr\/dossier\/vol\" class=\"color-ultramarine c-link\" rel=\"nofollow noopener\" target=\"_blank\">vol<\/a> de cette statue \u00ab\u00a0install\u00e9e sur un terrain priv\u00e9 en bordure de chemin entre Frayssille et Galetou\u00a0\u00bb. \u00ab\u00a0Au-del\u00e0 de la valeur spirituelle, ce patrimoine religieux c\u2019est notre histoire, un t\u00e9moignage de notre pass\u00e9, regrette la municipalit\u00e9. Si vous avez des informations, nous vous demandons de bien vouloir prendre contact avec l\u2019accueil de la Mairie de Fumel.\u00a0\u00bb<\/p>\n<p>Des vols en s\u00e9rie dans les Landes et le Lot-et-Garonne<\/p>\n<p>Ce vol qui doit n\u00e9cessiter tout de m\u00eame une sacr\u00e9e organisation et un moyen de transport ad\u00e9quat en rappelle d\u2019autres. Ces derniers mois, le m\u00eame type de larcin a vis\u00e9 les communes de Maurillac et de Paulhiac, dans le nord du d\u00e9partement, <a href=\"https:\/\/www.ladepeche.fr\/2025\/05\/05\/il-faut-etre-equipe-pour-lenlever-emotion-et-interrogations-apres-plusieurs-vols-de-statues-de-la-vierge-en-lot-et-garonne-12676058.php\" rel=\"nofollow noopener\" target=\"_blank\" class=\"color-ultramarine c-link\">rappelle la D\u00e9p\u00eache du midi.<\/a> Dans le m\u00eame secteur g\u00e9ographique, \u00e0 Fauillet, une statue de la vierge a \u00e9t\u00e9 vol\u00e9e deux fois \u00e0 sept ans d\u2019intervalle, <a href=\"https:\/\/actu.fr\/nouvelle-aquitaine\/fauillet_47095\/ce-petit-village-du-lot-et-garonne-est-victime-dune-serie-de-vols-mysterieux_62063882.html\" rel=\"nofollow noopener\" target=\"_blank\" class=\"color-ultramarine c-link\">si on en croit Le R\u00e9publicain.<\/a> Une autre avait \u00e9t\u00e9 subtilis\u00e9e <a href=\"https:\/\/www.20minutes.fr\/arts-stars\/insolite\/4123844-20241128-landes-statue-vierge-100-kg-disparait-socle-petit-village\" class=\"color-ultramarine c-link\" rel=\"nofollow noopener\" target=\"_blank\">dans les Landes dans le petit village de Hontanx, en novembre\u00a02024.<\/a><\/p>\n<\/p>\n<p>La propri\u00e9taire du terrain o\u00f9 \u00e9tait juch\u00e9e la statue de Fumel a port\u00e9 plainte \u00e0 la gendarmerie, qui a ouvert une enqu\u00eate. On ne sait pas encore si un miracle permettra de retrouver celle-ci et les autres, dans un secteur rural o\u00f9 les t\u00e9moins et les cam\u00e9ras de surveillance sont rares.<\/p>\n","protected":false},"excerpt":{"rendered":"Sacril\u00e8ge\u00a0! La vierge foulant aux pieds un serpent, fra\u00eechement restaur\u00e9e, a disparu de son socle \u00e0 Fumel, petite&hellip;\n","protected":false},"author":2,"featured_media":81633,"comment_status":"","ping_status":"","sticky":false,"template":"","format":"standard","meta":{"footnotes":""},"categories":[1358],"tags":[47,3177,1348,1384,1385,1386,58,12336,59,118,1011,27,8530,8838,2219,11600,10912],"class_list":{"0":"post-81632","1":"post","2":"type-post","3":"status-publish","4":"format-standard","5":"has-post-thumbnail","7":"category-arts-et-design","8":"tag-actualite","9":"tag-aquitaine","10":"tag-arts","11":"tag-arts-and-design","12":"tag-arts-et-design","13":"tag-design","14":"tag-divertissement","15":"tag-eglise","16":"tag-entertainment","17":"tag-faits-divers","18":"tag-fr","19":"tag-france","20":"tag-landes","21":"tag-lot-et-garonne","22":"tag-nouvelle-aquitaine","23":"tag-statue","24":"tag-voleur"},"share_on_mastodon":{"url":"https:\/\/pubeurope.com\/@fr\/114466098014662896","error":""},"_links":{"self":[{"href":"https:\/\/www.europesays.com\/fr\/wp-json\/wp\/v2\/posts\/81632","targetHints":{"allow":["GET"]}}],"collection":[{"href":"https:\/\/www.europesays.com\/fr\/wp-json\/wp\/v2\/posts"}],"about":[{"href":"https:\/\/www.europesays.com\/fr\/wp-json\/wp\/v2\/types\/post"}],"author":[{"embeddable":true,"href":"https:\/\/www.europesays.com\/fr\/wp-json\/wp\/v2\/users\/2"}],"replies":[{"embeddable":true,"href":"https:\/\/www.europesays.com\/fr\/wp-json\/wp\/v2\/comments?post=81632"}],"version-history":[{"count":0,"href":"https:\/\/www.europesays.com\/fr\/wp-json\/wp\/v2\/posts\/81632\/revisions"}],"wp:featuredmedia":[{"embeddable":true,"href":"https:\/\/www.europesays.com\/fr\/wp-json\/wp\/v2\/media\/81633"}],"wp:attachment":[{"href":"https:\/\/www.europesays.com\/fr\/wp-json\/wp\/v2\/media?parent=81632"}],"wp:term":[{"taxonomy":"category","embeddable":true,"href":"https:\/\/www.europesays.com\/fr\/wp-json\/wp\/v2\/categories?post=81632"},{"taxonomy":"post_tag","embeddable":true,"href":"https:\/\/www.europesays.com\/fr\/wp-json\/wp\/v2\/tags?post=81632"}],"curies":[{"name":"wp","href":"https:\/\/api.w.org\/{rel}","templated":true}]}}