{"id":81646,"date":"2025-05-07T10:40:09","date_gmt":"2025-05-07T10:40:09","guid":{"rendered":"https:\/\/www.europesays.com\/fr\/81646\/"},"modified":"2025-05-07T10:40:09","modified_gmt":"2025-05-07T10:40:09","slug":"une-sonde-sovietique-oubliee-envoyee-vers-venus-il-y-a-52-ans-va-retomber-sur-terre","status":"publish","type":"post","link":"https:\/\/www.europesays.com\/fr\/81646\/","title":{"rendered":"Une sonde sovi\u00e9tique oubli\u00e9e envoy\u00e9e vers V\u00e9nus il y a 52 ans va retomber sur Terre"},"content":{"rendered":"<p>Une partie du vaisseau Kosmos 482, dont le lancement en 1972 avait \u00e9t\u00e9 un \u00e9chec, va redescendre sur Terre entre le 9 et le 11 mai. Pr\u00e9vu pour r\u00e9sister \u00e0 une rentr\u00e9e atmosph\u00e9rique sur V\u00e9nus, il devrait sans peine atteindre la surface&#8230;<\/p>\n<p class=\"fig-paragraph\">L\u2019engin spatial Kosmos 482 avait \u00e9t\u00e9 lanc\u00e9 le 31 mars 1972 par l\u2019Union sovi\u00e9tique pour aller explorer la plan\u00e8te V\u00e9nus. Mais en raison d\u2019un probl\u00e8me sur le dernier \u00e9tage de la fus\u00e9e, la sonde n\u2019a jamais atteint sa destination et est rest\u00e9e bloqu\u00e9e autour de la Terre. Un peu plus de 53 ans plus tard, elle va finir par retomber sur notre plan\u00e8te de mani\u00e8re incontr\u00f4l\u00e9e, entre le 9 et le 11 mai 2025, a averti Marco Langbroek, charg\u00e9 de cours sur la surveillance optique de l\u2019espace \u00e0 l\u2019Universit\u00e9 technique de Delft aux Pays-Bas.<\/p>\n<p class=\"fig-paragraph\">Mais \u00e0 la diff\u00e9rence de la centaine de satellites ou d\u2019\u00e9tages de fus\u00e9es qui retombent chaque ann\u00e9e, l\u2019ancienne sonde sovi\u00e9tique risque de ne pas se d\u00e9sint\u00e9grer dans l\u2019atmosph\u00e8re. Et pour cause\u00a0: elle a \u00e9t\u00e9 con\u00e7ue pour une \u00e9preuve bien plus exigeante, descendre dans l\u2019\u00e9paisse et tr\u00e8s chaude atmosph\u00e8re de la plan\u00e8te V\u00e9nus. Un exploit\u00a0<a href=\"https:\/\/nssdc.gsfc.nasa.gov\/nmc\/spacecraft\/display.action?id=1972-021A\" target=\"_blank\" rel=\"nofollow noopener\" data-gtm-custom-categorie=\"navigation\" data-gtm-custom-action=\"crossclick\" data-gtm-custom-label=\"Contextuel\" data-gtm-event=\"customEventSPE\">r\u00e9alis\u00e9 par la sonde Venera 8<\/a>, lanc\u00e9e quatre jours plus t\u00f4t que Kosmos 482, et qui r\u00e9ussit \u00e0 se poser \u00e0 la surface de la plan\u00e8te. Elle\u2026<\/p>\n<p class=\"fig-premium-paywall__infos\">\n        Cet article est r\u00e9serv\u00e9 aux abonn\u00e9s.        Il vous reste 74% \u00e0 d\u00e9couvrir.\n    <\/p>\n<p>                <img  data- alt=\"Le Figaro\" class=\"fig-img--complete fig-img\"\/><\/p>\n<p class=\"fig-premium-paywall__title\">Je m&rsquo;informe, je m&rsquo;inspire, je m&rsquo;abonne.<\/p>\n<p class=\"fig-premium-paywall__subtitle\">D\u00e9couvrez notre offre de bienvenue.<\/p>\n<p class=\"fig-premium-paywall__connect\">\n                D\u00e9j\u00e0 abonn\u00e9\u00a0?                <a class=\"fig-premium-paywall__connect-link\" href=\"https:\/\/connect.lefigaro.fr\/login?client=horizon_web&amp;type=main&amp;redirect_uri=https%3A%2F%2Fwww.lefigaro.fr%2Fsciences%2Fune-sonde-sovietique-envoyee-vers-venus-il-y-a-52-ans-risque-de-retomber-sur-terre-de-maniere-incontrolee-20250507\" data-js-gtm=\"{&quot;customCategorie&quot;: &quot;conversion&quot;, &quot;customAction&quot;: &quot;before_Landing_Connexion_paywall_auto&quot;, &quot;customLabel&quot;: &quot;bGVmaWdhcm8uZnJfXzFmMDI2NzRhLTU3YzctNjJhMi1iMzNmLTkxYmE0MzVlNmNjM19fQXJ0aWNsZQ==_Une sonde sovi\u00e9tique oubli\u00e9e envoy\u00e9e vers V\u00e9nus il y a 52 ans va retomber sur Terre_471&quot;, &quot;customIDSPE&quot;: &quot;bGVmaWdhcm8uZnJfXzFmMDI2NzRhLTU3YzctNjJhMi1iMzNmLTkxYmE0MzVlNmNjM19fQXJ0aWNsZQ==&quot;, &quot;event&quot;: &quot;customEventSPE&quot;}\" rel=\"nofollow noopener\" target=\"_blank\"><br \/>\n                    Connectez-vous<br \/>\n                <\/a>\n            <\/p>\n","protected":false},"excerpt":{"rendered":"Une partie du vaisseau Kosmos 482, dont le lancement en 1972 avait \u00e9t\u00e9 un \u00e9chec, va redescendre sur&hellip;\n","protected":false},"author":2,"featured_media":81647,"comment_status":"","ping_status":"","sticky":false,"template":"","format":"standard","meta":{"footnotes":""},"categories":[7],"tags":[47,49,11,48,51,386,54,1011,27,52,43,40,41,39,50,42,44,18921,16415,53],"class_list":{"0":"post-81646","1":"post","2":"type-post","3":"status-publish","4":"format-standard","5":"has-post-thumbnail","7":"category-sciences-et-technologies","8":"tag-actualite","9":"tag-actualite-scientifique","10":"tag-actualites","11":"tag-astronomie","12":"tag-ecologie","13":"tag-espace","14":"tag-faune-et-flore","15":"tag-fr","16":"tag-france","17":"tag-planete","18":"tag-science","19":"tag-science-and-technology","20":"tag-sciences","21":"tag-sciences-et-technologies","22":"tag-sciences-humaines","23":"tag-technologies","24":"tag-technology","25":"tag-urss","26":"tag-venus","27":"tag-zoologie"},"share_on_mastodon":{"url":"https:\/\/pubeurope.com\/@fr\/114466129406769128","error":""},"_links":{"self":[{"href":"https:\/\/www.europesays.com\/fr\/wp-json\/wp\/v2\/posts\/81646","targetHints":{"allow":["GET"]}}],"collection":[{"href":"https:\/\/www.europesays.com\/fr\/wp-json\/wp\/v2\/posts"}],"about":[{"href":"https:\/\/www.europesays.com\/fr\/wp-json\/wp\/v2\/types\/post"}],"author":[{"embeddable":true,"href":"https:\/\/www.europesays.com\/fr\/wp-json\/wp\/v2\/users\/2"}],"replies":[{"embeddable":true,"href":"https:\/\/www.europesays.com\/fr\/wp-json\/wp\/v2\/comments?post=81646"}],"version-history":[{"count":0,"href":"https:\/\/www.europesays.com\/fr\/wp-json\/wp\/v2\/posts\/81646\/revisions"}],"wp:featuredmedia":[{"embeddable":true,"href":"https:\/\/www.europesays.com\/fr\/wp-json\/wp\/v2\/media\/81647"}],"wp:attachment":[{"href":"https:\/\/www.europesays.com\/fr\/wp-json\/wp\/v2\/media?parent=81646"}],"wp:term":[{"taxonomy":"category","embeddable":true,"href":"https:\/\/www.europesays.com\/fr\/wp-json\/wp\/v2\/categories?post=81646"},{"taxonomy":"post_tag","embeddable":true,"href":"https:\/\/www.europesays.com\/fr\/wp-json\/wp\/v2\/tags?post=81646"}],"curies":[{"name":"wp","href":"https:\/\/api.w.org\/{rel}","templated":true}]}}