{"id":81654,"date":"2025-05-07T10:44:13","date_gmt":"2025-05-07T10:44:13","guid":{"rendered":"https:\/\/www.europesays.com\/fr\/81654\/"},"modified":"2025-05-07T10:44:13","modified_gmt":"2025-05-07T10:44:13","slug":"plusieurs-policiers-blesses-dans-une-bagarre-generale-a-la-fete-foraine","status":"publish","type":"post","link":"https:\/\/www.europesays.com\/fr\/81654\/","title":{"rendered":"Plusieurs policiers bless\u00e9s dans une bagarre g\u00e9n\u00e9rale \u00e0 la f\u00eate foraine"},"content":{"rendered":"<p>Quelques jours \u00e0 peine apr\u00e8s son installation, la foire de <a href=\"https:\/\/www.20minutes.fr\/dossier\/tours\" class=\"color-ultramarine c-link\" rel=\"nofollow noopener\" target=\"_blank\">Tours<\/a>, en <a href=\"https:\/\/www.20minutes.fr\/dossier\/indre-loire\" class=\"color-ultramarine c-link\" rel=\"nofollow noopener\" target=\"_blank\">Indre-et-Loire<\/a>, a \u00e9t\u00e9 marqu\u00e9e par une violente <a href=\"https:\/\/www.20minutes.fr\/dossier\/bagarre\" class=\"color-ultramarine c-link\" rel=\"nofollow noopener\" target=\"_blank\">bagarre <\/a>impliquant de nombreuses personnes. Plusieurs policiers ont \u00e9t\u00e9 bless\u00e9s, dont un gravement, au cours de leur intervention pour r\u00e9tablir le calme a-t-on appris aupr\u00e8s de la pr\u00e9fecture.<\/p>\n<p>La bagarre a \u00e9clat\u00e9 vers 23 heures, lundi, \u00ab\u00a0aux abords de l\u2019avenue Camille-Chautemps\u00a0\u00bb, l\u2019endroit o\u00f9 ont pris place la foire de Tours et la f\u00eate foraine. Face \u00e0 la violence de la rixe et au nombre de personnes impliqu\u00e9es, la police municipale a \u00ab\u00a0d\u00fb faire usage de moyens lacrymog\u00e8nes\u00a0\u00bb pour disperser les bellig\u00e9rants selon la pr\u00e9fecture.<\/p>\n<p>Un policier souffre d\u2019une fracture du cr\u00e2ne<\/p>\n<p>C\u2019est peu apr\u00e8s cet \u00e9pisode que deux policiers nationaux ont \u00ab\u00a0\u00e9t\u00e9 violemment pris \u00e0 partie par une trentaine d\u2019individus\u00a0\u00bb dans le m\u00eame secteur. Selon le repr\u00e9sentant de l\u2019Etat, l\u2019un des fonctionnaires, frapp\u00e9 \u00e0 la t\u00eate avec \u00ab\u00a0un objet contondant\u00a0\u00bb, souffre d\u2019une fracture du cr\u00e2ne. Des policiers municipaux et des agents de s\u00e9curit\u00e9 intervenus pour sortir leurs coll\u00e8gues de la rixe ont aussi \u00e9t\u00e9 bless\u00e9s.<\/p>\n<p>En r\u00e9ponse \u00ab\u00a0\u00e0 ces actes inacceptables\u00a0\u00bb, le pr\u00e9fet a d\u00e9cid\u00e9 de fermer la f\u00eate foraine, mardi. Celle-ci devrait rouvrir ce mercredi. En parall\u00e8le, une enqu\u00eate a \u00e9t\u00e9 ouverte selon le parquet de Tours. A ce stade, aucun suspect n\u2019a encore \u00e9t\u00e9 interpell\u00e9.<\/p>\n","protected":false},"excerpt":{"rendered":"Quelques jours \u00e0 peine apr\u00e8s son installation, la foire de Tours, en Indre-et-Loire, a \u00e9t\u00e9 marqu\u00e9e par une&hellip;\n","protected":false},"author":2,"featured_media":81655,"comment_status":"","ping_status":"","sticky":false,"template":"","format":"standard","meta":{"footnotes":""},"categories":[2],"tags":[47,11,10737,7343,118,11501,18922,1011,27,1387,12,10910,5510,1390,809],"class_list":{"0":"post-81654","1":"post","2":"type-post","3":"status-publish","4":"format-standard","5":"has-post-thumbnail","7":"category-actualites","8":"tag-actualite","9":"tag-actualites","10":"tag-bagarre","11":"tag-centre-val-de-loire","12":"tag-faits-divers","13":"tag-fete-foraine","14":"tag-forains","15":"tag-fr","16":"tag-france","17":"tag-indre-et-loire","18":"tag-news","19":"tag-policier","20":"tag-rixe","21":"tag-tours","22":"tag-violence"},"share_on_mastodon":{"url":"https:\/\/pubeurope.com\/@fr\/114466145117144352","error":""},"_links":{"self":[{"href":"https:\/\/www.europesays.com\/fr\/wp-json\/wp\/v2\/posts\/81654","targetHints":{"allow":["GET"]}}],"collection":[{"href":"https:\/\/www.europesays.com\/fr\/wp-json\/wp\/v2\/posts"}],"about":[{"href":"https:\/\/www.europesays.com\/fr\/wp-json\/wp\/v2\/types\/post"}],"author":[{"embeddable":true,"href":"https:\/\/www.europesays.com\/fr\/wp-json\/wp\/v2\/users\/2"}],"replies":[{"embeddable":true,"href":"https:\/\/www.europesays.com\/fr\/wp-json\/wp\/v2\/comments?post=81654"}],"version-history":[{"count":0,"href":"https:\/\/www.europesays.com\/fr\/wp-json\/wp\/v2\/posts\/81654\/revisions"}],"wp:featuredmedia":[{"embeddable":true,"href":"https:\/\/www.europesays.com\/fr\/wp-json\/wp\/v2\/media\/81655"}],"wp:attachment":[{"href":"https:\/\/www.europesays.com\/fr\/wp-json\/wp\/v2\/media?parent=81654"}],"wp:term":[{"taxonomy":"category","embeddable":true,"href":"https:\/\/www.europesays.com\/fr\/wp-json\/wp\/v2\/categories?post=81654"},{"taxonomy":"post_tag","embeddable":true,"href":"https:\/\/www.europesays.com\/fr\/wp-json\/wp\/v2\/tags?post=81654"}],"curies":[{"name":"wp","href":"https:\/\/api.w.org\/{rel}","templated":true}]}}