{"id":81656,"date":"2025-05-07T10:45:08","date_gmt":"2025-05-07T10:45:08","guid":{"rendered":"https:\/\/www.europesays.com\/fr\/81656\/"},"modified":"2025-05-07T10:45:08","modified_gmt":"2025-05-07T10:45:08","slug":"loire-un-transformateur-prend-feu-a-saint-chamond-800-foyers-encore-prives-delectricite","status":"publish","type":"post","link":"https:\/\/www.europesays.com\/fr\/81656\/","title":{"rendered":"Loire. Un transformateur prend feu \u00e0 Saint-Chamond, 800 foyers encore priv\u00e9s d&rsquo;\u00e9lectricit\u00e9"},"content":{"rendered":"<p class=\"\" data-start=\"232\" data-end=\"409\">Dans la nuit de mardi \u00e0 mercredi, un incendie s\u2019est d\u00e9clar\u00e9 route de Saint-\u00c9tienne, \u00e0 l\u2019entr\u00e9e de Saint-Chamond, peu apr\u00e8s la sortie 16 de la RN88 en direction de Saint-Chamond.<\/p>\n<p class=\"\" data-start=\"411\" data-end=\"817\">Le feu, signal\u00e9 vers 3 heures du matin, a mobilis\u00e9 45 sapeurs-pompiers et 18 v\u00e9hicules venus de tout le d\u00e9partement : Saint-\u00c9tienne, Roanne, Saint-Chamond et la vall\u00e9e du Gier. \u00c0 leur arriv\u00e9e, les secours ont d\u2019abord \u00e9t\u00e9 confront\u00e9s \u00e0 un feu sur des fourreaux. Mais rapidement, les flammes se sont propag\u00e9es \u00e0 une petite station \u00e9lectrique, charg\u00e9e de convertir l\u2019\u00e9lectricit\u00e9 haute tension en basse tension.<\/p>\n<p class=\"\" data-start=\"411\" data-end=\"817\">On ne conna\u00eet pas pour l&rsquo;heure l&rsquo;origine du sinistre.<\/p>\n<p>Un pompier bless\u00e9<\/p>\n<p class=\"\" data-start=\"819\" data-end=\"994\">L\u2019incendie a \u00e9t\u00e9 ma\u00eetris\u00e9 aux alentours de 8h30. Les pompiers proc\u00e9daient encore, en fin de matin\u00e9e, \u00e0 des reconnaissances pour s\u2019assurer de l\u2019extinction compl\u00e8te du sinistre.<\/p>\n<p class=\"\" data-start=\"996\" data-end=\"1205\">Lors de l\u2019intervention, un pompier a \u00e9t\u00e9 l\u00e9g\u00e8rement bless\u00e9 apr\u00e8s avoir chut\u00e9 dans une fosse, dans des conditions de faible visibilit\u00e9 dues \u00e0 une \u00e9paisse fum\u00e9e. Il a \u00e9t\u00e9 transport\u00e9 \u00e0 l\u2019h\u00f4pital de Saint-Chamond.<\/p>\n<p class=\"\" data-start=\"1207\" data-end=\"1302\">Par mesure de pr\u00e9caution, un immeuble voisin, abritant une centaine de r\u00e9sidents, a \u00e9t\u00e9 \u00e9vacu\u00e9.<\/p>\n<p>  Jusqu&rsquo;\u00e0 3.000 foyers priv\u00e9s d&rsquo;\u00e9lectricit\u00e9<\/p>\n<p>Cet incendie a provoqu\u00e9 de nombreuses coupures d&rsquo;\u00e9lectricit\u00e9 \u00e0 Saint-Chamond.<\/p>\n<p>Selon Enedis, jusqu&rsquo;\u00e0 3000 foyers ont \u00e9t\u00e9 plong\u00e9s dans le noir. Le r\u00e9tablissement de l&rsquo;\u00e9lectricit\u00e9 prend du temps. \u00c0 9 heures, encore 800 foyers n&rsquo;ont pas retrouv\u00e9 le courant. Les agents d&rsquo;Enedis les r\u00e9alimentent petit \u00e0 petit gr\u00e2ce \u00e0 des groupes \u00e9lectrog\u00e8nes.<\/p>\n<p>La police est \u00e9galement sur place pour assurer la s\u00e9curit\u00e9 et la circulation qui est coup\u00e9e \u00e0 partir du rond-point du Champ du Geai.<\/p>\n","protected":false},"excerpt":{"rendered":"Dans la nuit de mardi \u00e0 mercredi, un incendie s\u2019est d\u00e9clar\u00e9 route de Saint-\u00c9tienne, \u00e0 l\u2019entr\u00e9e de Saint-Chamond,&hellip;\n","protected":false},"author":2,"featured_media":81657,"comment_status":"","ping_status":"","sticky":false,"template":"","format":"standard","meta":{"footnotes":""},"categories":[9653],"tags":[1111,11,2430,7539,1777,674,274,107,1011,27,1310,3367,12,25,9669,4001],"class_list":{"0":"post-81656","1":"post","2":"type-post","3":"status-publish","4":"format-standard","5":"has-post-thumbnail","7":"category-saint-etienne","8":"tag-actu","9":"tag-actualites","10":"tag-auvergne-rhone-alpes","11":"tag-edition-loire-sud","12":"tag-eu","13":"tag-europe","14":"tag-faits-divers-justice","15":"tag-fil-info","16":"tag-fr","17":"tag-france","18":"tag-incendie","19":"tag-loire","20":"tag-news","21":"tag-republique-francaise","22":"tag-saint-chamond","23":"tag-saint-etienne"},"share_on_mastodon":{"url":"https:\/\/pubeurope.com\/@fr\/114466149095250127","error":""},"_links":{"self":[{"href":"https:\/\/www.europesays.com\/fr\/wp-json\/wp\/v2\/posts\/81656","targetHints":{"allow":["GET"]}}],"collection":[{"href":"https:\/\/www.europesays.com\/fr\/wp-json\/wp\/v2\/posts"}],"about":[{"href":"https:\/\/www.europesays.com\/fr\/wp-json\/wp\/v2\/types\/post"}],"author":[{"embeddable":true,"href":"https:\/\/www.europesays.com\/fr\/wp-json\/wp\/v2\/users\/2"}],"replies":[{"embeddable":true,"href":"https:\/\/www.europesays.com\/fr\/wp-json\/wp\/v2\/comments?post=81656"}],"version-history":[{"count":0,"href":"https:\/\/www.europesays.com\/fr\/wp-json\/wp\/v2\/posts\/81656\/revisions"}],"wp:featuredmedia":[{"embeddable":true,"href":"https:\/\/www.europesays.com\/fr\/wp-json\/wp\/v2\/media\/81657"}],"wp:attachment":[{"href":"https:\/\/www.europesays.com\/fr\/wp-json\/wp\/v2\/media?parent=81656"}],"wp:term":[{"taxonomy":"category","embeddable":true,"href":"https:\/\/www.europesays.com\/fr\/wp-json\/wp\/v2\/categories?post=81656"},{"taxonomy":"post_tag","embeddable":true,"href":"https:\/\/www.europesays.com\/fr\/wp-json\/wp\/v2\/tags?post=81656"}],"curies":[{"name":"wp","href":"https:\/\/api.w.org\/{rel}","templated":true}]}}