{"id":81662,"date":"2025-05-07T10:48:12","date_gmt":"2025-05-07T10:48:12","guid":{"rendered":"https:\/\/www.europesays.com\/fr\/81662\/"},"modified":"2025-05-07T10:48:12","modified_gmt":"2025-05-07T10:48:12","slug":"le-district-des-vosges-invite-300-licenciees-pour-encourager-les-bleues-a-nancy","status":"publish","type":"post","link":"https:\/\/www.europesays.com\/fr\/81662\/","title":{"rendered":"le District des Vosges invite 300 licenci\u00e9es pour encourager les Bleues \u00e0 Nancy"},"content":{"rendered":"<p><a href=\"https:\/\/www.vosgesmatin.fr\/sport\/2025\/03\/27\/ligue-des-nations-feminine-le-district-des-vosges-offre-des-places-pour-france-suisse-a-nancy\" target=\"_blank\" rel=\"noopener\">Le 27 mars dernier, nous avions fait \u00e9tat <\/a>de l\u2019initiative du District des Vosges d\u2019offrir des places pour la rencontre de Ligue des Nations f\u00e9minine entre la France et la Suisse. Une rencontre qui se d\u00e9roulera au stade Marcel-Picot, le vendredi 30 mai prochain (coup d\u2019envoi \u00e0 21h10). Ceci entre dans le cadre de la politique de promotion du football f\u00e9minin voulue par l\u2019instance d\u00e9partementale.<\/p>\n<p>A cet \u00e9gard, donc, il a \u00e9t\u00e9 d\u00e9cid\u00e9 d\u2019accorder 300 places pour cette rencontre aux licenci\u00e9es, joueuses, \u00e9ducatrices ou dirigeantes. Pour se rendre dans l\u2019enceinte fr\u00e9quent\u00e9e par l\u2019AS Nancy Lorraine, cinq bus seront affr\u00e9t\u00e9s par le District.<\/p>\n<p>Ce contenu est bloqu\u00e9 car vous n&rsquo;avez pas accept\u00e9 les cookies et autres traceurs.<\/p>\n<p>En cliquant sur \u00ab J\u2019accepte \u00bb, les cookies et autres traceurs seront d\u00e9pos\u00e9s et vous pourrez visualiser les contenus  (<a href=\"\" class=\"consentModule_policy\" target=\"_blank\" title=\"Consulter la politique de protection des donn\u00e9es du fournisseur\">plus d&rsquo;informations<\/a>).<\/p>\n<p>En cliquant sur \u00ab J\u2019accepte tous les cookies \u00bb, vous autorisez des d\u00e9p\u00f4ts de cookies et autres traceurs pour le stockage de vos donn\u00e9es sur nos sites et applications \u00e0 des fins de personnalisation et de ciblage publicitaire.<\/p>\n<p class=\"consentModule_secondaryText\">Vous gardez la possibilit\u00e9 de retirer votre consentement \u00e0 tout moment en consultant notre <a href=\"https:\/\/www.vosgesmatin.fr\/protection-des-donnees\" target=\"_blank\" title=\"Consulter notre politique de protection des donn\u00e9es\" rel=\"noopener\">politique de protection des donn\u00e9es<\/a>. <br \/>&#13;<br \/>\n            <a href=\"https:\/\/www.vosgesmatin.fr\/sport\/2025\/05\/07\/javascript:Didomi.notice.show()\" class=\"consentModule_cmp\" target=\"_blank\" rel=\"noopener\">G\u00e9rer mes choix<\/a>&#13;\n        <\/p>\n<p>&#13;<br \/>\n                        J&rsquo;accepte&#13;<br \/>\n            J&rsquo;accepte tous les cookies&#13;\n        <\/p>\n","protected":false},"excerpt":{"rendered":"Le 27 mars dernier, nous avions fait \u00e9tat de l\u2019initiative du District des Vosges d\u2019offrir des places pour&hellip;\n","protected":false},"author":2,"featured_media":81663,"comment_status":"","ping_status":"","sticky":false,"template":"","format":"standard","meta":{"footnotes":""},"categories":[9635],"tags":[1111,11,778,1777,674,1701,63,1011,27,775,1702,12,18924,25,18923,1700,2226,774],"class_list":{"0":"post-81662","1":"post","2":"type-post","3":"status-publish","4":"format-standard","5":"has-post-thumbnail","7":"category-nancy","8":"tag-actu","9":"tag-actualites","10":"tag-epinal","11":"tag-eu","12":"tag-europe","13":"tag-fil-info-sport","14":"tag-football","15":"tag-fr","16":"tag-france","17":"tag-grand-est","18":"tag-nancy","19":"tag-news","20":"tag-remiremont","21":"tag-republique-francaise","22":"tag-saint-die-bassin","23":"tag-sport-lorrain","24":"tag-vittel-contrexeville-ville-88a","25":"tag-vosges"},"share_on_mastodon":{"url":"https:\/\/pubeurope.com\/@fr\/114466160901472188","error":""},"_links":{"self":[{"href":"https:\/\/www.europesays.com\/fr\/wp-json\/wp\/v2\/posts\/81662","targetHints":{"allow":["GET"]}}],"collection":[{"href":"https:\/\/www.europesays.com\/fr\/wp-json\/wp\/v2\/posts"}],"about":[{"href":"https:\/\/www.europesays.com\/fr\/wp-json\/wp\/v2\/types\/post"}],"author":[{"embeddable":true,"href":"https:\/\/www.europesays.com\/fr\/wp-json\/wp\/v2\/users\/2"}],"replies":[{"embeddable":true,"href":"https:\/\/www.europesays.com\/fr\/wp-json\/wp\/v2\/comments?post=81662"}],"version-history":[{"count":0,"href":"https:\/\/www.europesays.com\/fr\/wp-json\/wp\/v2\/posts\/81662\/revisions"}],"wp:featuredmedia":[{"embeddable":true,"href":"https:\/\/www.europesays.com\/fr\/wp-json\/wp\/v2\/media\/81663"}],"wp:attachment":[{"href":"https:\/\/www.europesays.com\/fr\/wp-json\/wp\/v2\/media?parent=81662"}],"wp:term":[{"taxonomy":"category","embeddable":true,"href":"https:\/\/www.europesays.com\/fr\/wp-json\/wp\/v2\/categories?post=81662"},{"taxonomy":"post_tag","embeddable":true,"href":"https:\/\/www.europesays.com\/fr\/wp-json\/wp\/v2\/tags?post=81662"}],"curies":[{"name":"wp","href":"https:\/\/api.w.org\/{rel}","templated":true}]}}