{"id":81675,"date":"2025-05-07T10:55:30","date_gmt":"2025-05-07T10:55:30","guid":{"rendered":"https:\/\/www.europesays.com\/fr\/81675\/"},"modified":"2025-05-07T10:55:30","modified_gmt":"2025-05-07T10:55:30","slug":"le-plan-municipal-de-suppression-se-poursuit","status":"publish","type":"post","link":"https:\/\/www.europesays.com\/fr\/81675\/","title":{"rendered":"LE PLAN MUNICIPAL DE SUPPRESSION SE POURSUIT"},"content":{"rendered":"<p>Posted On 6 mai 2025 <\/p>\n<p style=\"text-align: justify;\"><a target=\"_blank\" href=\"https:\/\/actu.fr\/auvergne-rhone-alpes\/grenoble_38185\/la-mairie-de-grenoble-en-dit-un-peu-plus-sur-ce-grand-projet-prevu-en-centre-ville_62580610.html\" rel=\"noopener\">Le site d&rsquo;informations en ligne actu.fr<\/a> a r\u00e9cemment publi\u00e9 un article pour faire le point sur les projets des Verts\/LFI pour le r\u00e9seau de biblioth\u00e8ques. Article qui reprend les \u00e9l\u00e9ments de langage municipaux sans creuser ce qu&rsquo;il se cache derri\u00e8re : qu&rsquo;en est-il r\u00e9ellement ?<\/p>\n<p>LA NOVLANGUE MUNICIPALE \u00c0 L&rsquo;OEUVRE&#8230;<\/p>\n<p style=\"text-align: justify;\">On peut comprendre actu.fr, car la majorit\u00e9 municipale ne l\u00e9sine pas sur la novlangue pour vendre son id\u00e9e : il s&rsquo;agirait d&rsquo;un \u00ab\u00a0projet de grande biblioth\u00e8que de Grenoble\u00a0\u00bb, avec pour ce faire un simple \u00ab\u00a0d\u00e9m\u00e9nagement\u00a0\u00bb, un \u00ab\u00a0transfert\u00a0\u00bb des fonds des biblioth\u00e8ques du centre-ville, du jardin de ville et de Kateb Yacine dans la biblioth\u00e8que d&rsquo;\u00e9tude et du patrimoine \u00e0 Chavant, qui b\u00e9n\u00e9ficierait d&rsquo;une extension pour l&rsquo;occasion. Tout cela bien \u00e9videmment pour \u00ab\u00a0renforcer le r\u00e9seau\u00a0\u00bb.\u00a0<\/p>\n<p><a href=\"https:\/\/i1.wp.com\/grenoble-le-changement.fr\/wp-content\/uploads\/2024\/12\/bibli-manif-lheureux.jpg?ssl=1\" rel=\"lightbox[81801] noopener\" target=\"_blank\"><img loading=\"lazy\" decoding=\"async\" class=\" wp-image-78693 jetpack-lazy-image\" src=\"https:\/\/i1.wp.com\/grenoble-le-changement.fr\/wp-content\/uploads\/2024\/12\/bibli-manif-lheureux.jpg?resize=633%2C475&amp;ssl=1\" alt=\"\" width=\"633\" height=\"475\" data-recalc-dims=\"1\" data-lazy-src=\"https:\/\/www.europesays.com\/fr\/wp-content\/uploads\/2025\/05\/bibli-manif-lheureux.jpg\" \/><\/a>Loin des \u00e9l\u00e9ments de langage, inauguration de la biblioth\u00e8que aux Eaux Claires \/ Mistral en d\u00e9cembre (<a href=\"https:\/\/grenoble-le-changement.fr\/2025\/03\/30\/bibliotheque-incendiee-derriere-la-comm-le-recul-du-service-public\/\" target=\"_blank\" rel=\"noopener\">3 mois avant qu&rsquo;elle ne soit incendi\u00e9e..<\/a>) : manifestation des biblioth\u00e9caires de la ville pour d\u00e9noncer la \u00ab\u00a0centralisation excessive\u00a0\u00bb, \u00ab\u00a0les \u00e9changes compliqu\u00e9s\u00a0\u00bb, \u00ab\u00a0le manque d&rsquo;anticipation\u00a0\u00bb.<br \/>\n&#8230; POUR CAMOUFLER UN R\u00c9TR\u00c9CISSEMENT DU R\u00c9SEAU<\/p>\n<p style=\"text-align: justify;\">Comme avec le fameux <a href=\"https:\/\/grenoble-le-changement.fr\/2024\/09\/08\/grenoble-en-tete-des-grandes-villes-pour-les-impots-locaux\/\" target=\"_blank\" rel=\"noopener\">plan d&rsquo;aust\u00e9rit\u00e9<\/a> de 2016 baptis\u00e9 \u00ab\u00a0plan de sauvegarde des services publics\u00a0\u00bb, les termes choisis recouvrent en fait une r\u00e9alit\u00e9 tout \u00e0 fait contraire. Loin d&rsquo;\u00eatre \u00ab\u00a0renforc\u00e9\u00a0\u00bb, le r\u00e9seau subirait un r\u00e9tr\u00e9cissement consid\u00e9rable puisque le \u00ab\u00a0d\u00e9m\u00e9nagement\u00a0\u00bb des biblioth\u00e8ques de proximit\u00e9 consisterait en une fermeture d\u00e9finitive de celle du centre (ilot R\u00e9publique) et du jardin de ville et \u00e0 amputer une grosse partie du fond de Kateb Yacine (Grand Place).\u00a0<\/p>\n<p>LES VERTS\/LFI ABANDONNENT TOUTE LOGIQUE DE PROXIMIT\u00c9&#8230;<\/p>\n<p style=\"text-align: justify;\">On est en fait dans la droite lign\u00e9e du plan d&rsquo;aust\u00e9rit\u00e9 \u00e9voqu\u00e9 pr\u00e9c\u00e9demment : pour quelques \u00e9conomies de bout de ficelle qui n&rsquo;ont pas suffi puisqu&rsquo;ils ont ensuite augment\u00e9 les imp\u00f4ts, l&rsquo;\u00e9quipe Piolle avait d\u00e9cid\u00e9 de fermer deux bibilioth\u00e8ques, Hauquelin et Pr\u00e9mol, <a href=\"https:\/\/grenoble-le-changement.fr\/2024\/08\/13\/bibliotheques-plutot-que-den-creer-piolle-leur-donne-un-nom\/\" target=\"_blank\" rel=\"noopener\">au d\u00e9triment de la logique de proximit\u00e9 essentielle \u00e0 la diffusion de la culture<\/a>. On retrouve le m\u00eame sch\u00e9ma mais cette fois-ci, pour \u00e9viter que ce ne soit per\u00e7u par le prisme de la logique comptable b\u00eate et m\u00e9chante, les Verts\/LFI enrobent leur mauvais coup avec un \u00e9cran de fum\u00e9e : l&rsquo;extension promise de la grande biblioth\u00e8que&#8230; dont la majeure partie du financement de 18 millions (\u00e0 ce stade) est repouss\u00e9e \u00e0 2028.<\/p>\n<\/p>\n<p>Brigitte Boer, conseill\u00e8re d&rsquo;opposition du groupe d&rsquo;Alain Carignon, d\u00e9cortique le nouveau projet en conseil municipal.<\/p>\n<p>&#8230; MALGR\u00c9 UNE FR\u00c9QUENTATION D\u00c9J\u00c0 EN CHUTE LIBRE&#8230;<\/p>\n<p style=\"text-align: justify;\">On a d\u00e9j\u00e0 des chiffres qui attestent du contresens qu&rsquo;a constitu\u00e9 la fermeture de deux \u00e9quipements de proximit\u00e9. Entre 2017 (au lendemain des fermetures donc) et 2021, le nombre d&rsquo;entr\u00e9es dans les biblioth\u00e8ques grenobloises a chut\u00e9 de 50%. Ce grand d\u00e9clin culturel, \u00e9galement attest\u00e9 par la fr\u00e9quentation en chute libre du th\u00e9\u00e2tre municipal depuis <a href=\"https:\/\/grenoble-le-changement.fr\/2024\/09\/04\/la-municipalisation-du-theatre-saccentue\/\" target=\"_blank\" rel=\"noopener\">la reprise en main id\u00e9ologique par la majorit\u00e9 municipale<\/a>, est d\u00e9cid\u00e9ment une caract\u00e9ristique de la gestion Verts\/LFI.\u00a0<\/p>\n<p>&#8230; QUI VA S&rsquo;AGGRAVER AVEC LES CHOIX DES VERTS\/LFI<\/p>\n<p style=\"text-align: justify;\">Nul doute que <a href=\"https:\/\/grenoble-le-changement.fr\/2022\/11\/12\/e-piolle-sattaque-encore-aux-bibliotheques\/\" target=\"_blank\" rel=\"noopener\">la fermeture de 2 points de lecture suppl\u00e9mentaires<\/a> et l&rsquo;amputation du fond d&rsquo;une troisi\u00e8me vont acc\u00e9l\u00e9rer le ph\u00e9nom\u00e8ne. C&rsquo;est d&rsquo;autant plus pr\u00e9visible que la municipalit\u00e9 elle-m\u00eame reconnaissait dans son plan lecture adopt\u00e9 en d\u00e9but de mandat (qui ne mentionnait aucune fermeture !) que \u00ab\u00a0seule la biblioth\u00e8que Centre Ville b\u00e9n\u00e9ficie d\u2019une notori\u00e9t\u00e9 importante\u00a0\u00bb. Mais ils souhaitent la fermer : cherchez la coh\u00e9rence.\u00a0<\/p>\n<p>UNE EXTENSION AU D\u00c9TRIMENT DE PLACES ET DE GRANDS ARBRES<\/p>\n<p style=\"text-align: justify;\">Quant \u00e0 l&rsquo;arbre qui cache la for\u00eat des suppressions, \u00e0 savoir l&rsquo;extension de la biblioth\u00e8que \u00e0 Chavant, elle se fera au d\u00e9triment des places de stationnement de la place Valentin Ha\u00fcy juste derri\u00e8re. Jusque-l\u00e0 rien de tr\u00e8s surprenant puisque la municipalit\u00e9 obnubil\u00e9e par son id\u00e9ologie <a href=\"https:\/\/grenoble-le-changement.fr\/2025\/05\/05\/hoche-la-municipalite-veut-supprimer-arbres-stationnement-et-fermer-le-quartier\/\" target=\"_blank\" rel=\"noopener\">profite de chaque occasion pour en supprimer<\/a>. Mais les grands arbres anciens qui ornent la place vont \u00e9galement tomber : toujours cette belle attention des Verts \u00e0 la pr\u00e9servation de la nature en ville existante..<\/p>\n<p><a href=\"https:\/\/i2.wp.com\/grenoble-le-changement.fr\/wp-content\/uploads\/2022\/11\/place-valentin-hauy.png?ssl=1\" rel=\"lightbox[81801] noopener\" target=\"_blank\"><img loading=\"lazy\" decoding=\"async\" class=\" wp-image-55723 jetpack-lazy-image\" src=\"https:\/\/i2.wp.com\/grenoble-le-changement.fr\/wp-content\/uploads\/2022\/11\/place-valentin-hauy.png?resize=678%2C404&amp;ssl=1\" alt=\"\" width=\"678\" height=\"404\" data-recalc-dims=\"1\" data-lazy-src=\"https:\/\/www.europesays.com\/fr\/wp-content\/uploads\/2025\/05\/place-valentin-hauy.png\" \/><\/a>Place Valentin Ha\u00fcy : adieu les places n\u00e9cessaires aux commer\u00e7ants du quartier subsistants, et adieu les arbres.<br \/>\nUNE P\u00c9TITION CONTRE LA SUPPRESSION DU PARKING<\/p>\n<p style=\"text-align: justify;\">Le sujet se r\u00e9invite d&rsquo;autant plus dans l&rsquo;actualit\u00e9 que ce week-end, les habitants et commer\u00e7ants de Hoche ont lanc\u00e9 une p\u00e9tition pour s&rsquo;opposer \u00e0 la r\u00e9duction du parking. P\u00e9tition <a target=\"_blank\" href=\"https:\/\/www.change.org\/p\/non-%C3%A0-la-fermeture-du-parking-hoche-sauvons-commerces-et-vie-de-quartier-%C3%A0-grenoble\" rel=\"noopener\">que vous pouvez retrouver et signer en cliquant ici<\/a> pour lui donner un maximum de poids&#8230; m\u00eame si, malheureusement, \u00e0 11 mois des municipales il n&rsquo;y a aucune inflexion \u00e0 attendre de la part des Verts\/LFI p\u00e9tris de certitudes et incapables d&rsquo;\u00e9couter.<\/p>\n<p><a href=\"https:\/\/i2.wp.com\/grenoble-le-changement.fr\/wp-content\/uploads\/2025\/05\/petition-hoche-parking.png?ssl=1\" rel=\"lightbox[81801] noopener\" target=\"_blank\"><img loading=\"lazy\" decoding=\"async\" class=\" wp-image-81806 jetpack-lazy-image\" src=\"https:\/\/i2.wp.com\/grenoble-le-changement.fr\/wp-content\/uploads\/2025\/05\/petition-hoche-parking.png?resize=673%2C433&amp;ssl=1\" alt=\"\" width=\"673\" height=\"433\" data-recalc-dims=\"1\" data-lazy-src=\"https:\/\/www.europesays.com\/fr\/wp-content\/uploads\/2025\/05\/petition-hoche-parking.png\" \/><\/a><a target=\"_blank\" href=\"https:\/\/www.change.org\/p\/non-%C3%A0-la-fermeture-du-parking-hoche-sauvons-commerces-et-vie-de-quartier-%C3%A0-grenoble\" rel=\"noopener\">La p\u00e9tition lanc\u00e9e ce week-end<\/a> a d\u00e9j\u00e0 une centaine de signataires.<br \/>\n\u00ab\u00a0PAS D&rsquo;ALTERNATIVE\u00a0\u00bb POUR ALAN CONFESSON (LFI) !<\/p>\n<p style=\"text-align: justify;\">Car il faut rappeler <a href=\"https:\/\/grenoble-le-changement.fr\/2024\/04\/14\/fermeture-de-bibliotheque-pas-de-realite-alternative-pour-les-elus\/\" target=\"_blank\" rel=\"noopener\">qu&rsquo;en r\u00e9union de quartier il y a tout juste un an<\/a>, face \u00e0 des habitants tr\u00e8s remont\u00e9s contre le projet de fermeture de la biblioth\u00e8que du centre-ville, l&rsquo;adjoint en charge du secteur 2 Alan Confesson (qui se verrait bien \u00e0 la t\u00eate d&rsquo;une liste LFI pour les \u00e9lections municipales) avait lanc\u00e9 avec m\u00e9pris et autoritarisme : \u00ab\u00a0il n&rsquo;y a pas de r\u00e9alit\u00e9 alternative. La r\u00e9alit\u00e9, ce sera \u00e7a\u00a0\u00bb. Fermez le ban, ils n&rsquo;entendent faire aucune concession.<\/p>\n<p>LES UNIONS DE QUARTIER M\u00c9PRIS\u00c9ES<\/p>\n<p style=\"text-align: justify;\">Ca n&rsquo;a pas emp\u00each\u00e9 les unions de quartier grenobloises de se saisir du sujet en lan\u00e7ant un groupe de travail sur la lecture publique, aux c\u00f4t\u00e9s du collectif pour le maintien des biblioth\u00e8ques. Groupe de travail qui a \u00e9crit au Maire d\u00e9but mars dernier pour lui faire part de ses craintes quant \u00e0 \u00ab\u00a0la proximit\u00e9 d\u2019acc\u00e8s pour les biblioth\u00e8ques\u00a0\u00bb et solliciter un rendez-vous. Demande qui n&rsquo;a jamais re\u00e7u de r\u00e9ponse, <a href=\"https:\/\/grenoble-le-changement.fr\/2024\/07\/18\/championnet-piolle-tente-de-creer-une-contre-union-de-quartier\/\" target=\"_blank\" rel=\"noopener\">en pleine coh\u00e9rence avec la m\u00e9pris piollesque pour les unions de quartiers<\/a>.<\/p>\n<p style=\"text-align: justify;\">Mais le sujet s&rsquo;invitera peut-\u00eatre \u00e0 l&rsquo;ordre du jour de la r\u00e9union avec les \u00e9lus qu&rsquo;organise l&rsquo;Union des Habitants du Centre-Ville ce soir \u00e0 20h, \u00e0 la salle Le Ciel (2 rue G\u00e9n\u00e9ral Marchand).\u00a0<\/p>\n<p>LES MUNICIPALES PASSERONT PAR L\u00c0<\/p>\n<p style=\"text-align: justify;\">Quoi qu&rsquo;il en soit et n&rsquo;en d\u00e9plaise aux Verts\/LFI, il existe bien une \u00ab\u00a0r\u00e9alit\u00e9 alternative\u00a0\u00bb : celle qui verrait une nouvelle \u00e9quipe municipale \u00e9lue en mars 2026, et qui pourrait alors remettre en cause ce projet de r\u00e9tr\u00e9cissement du r\u00e9seau de lecture publique. La r\u00e9alisation des travaux de la biblioth\u00e8que \u00e0 Chavant qui entraineraient la fermeture des autres ne sont en effet pr\u00e9vus que pour 2027.<\/p>\n<p style=\"text-align: justify;\"><a href=\"https:\/\/grenoble-le-changement.fr\/2025\/05\/05\/hoche-la-municipalite-veut-supprimer-arbres-stationnement-et-fermer-le-quartier\/\" target=\"_blank\" rel=\"noopener\">Sur ce sujet comme sur tant d&rsquo;autres<\/a>, les \u00e9lections auront l\u00e0 encore valeur de r\u00e9f\u00e9rendum pour ou contre la continuit\u00e9 de la politique des Verts\/LFI.<\/p>\n","protected":false},"excerpt":{"rendered":"Posted On 6 mai 2025 Le site d&rsquo;informations en ligne actu.fr a r\u00e9cemment publi\u00e9 un article pour faire&hellip;\n","protected":false},"author":2,"featured_media":81676,"comment_status":"","ping_status":"","sticky":false,"template":"","format":"standard","meta":{"footnotes":""},"categories":[9566],"tags":[1111,11,9601,11148,2430,15172,9607,1777,674,1011,27,2731,12,25],"class_list":{"0":"post-81675","1":"post","2":"type-post","3":"status-publish","4":"format-standard","5":"has-post-thumbnail","7":"category-grenoble","8":"tag-actu","9":"tag-actualites","10":"tag-alain-carignon","11":"tag-alan-confesson","12":"tag-auvergne-rhone-alpes","13":"tag-brigitte-boer","14":"tag-eric-piolle","15":"tag-eu","16":"tag-europe","17":"tag-fr","18":"tag-france","19":"tag-grenoble","20":"tag-news","21":"tag-republique-francaise"},"share_on_mastodon":{"url":"https:\/\/pubeurope.com\/@fr\/114466188748268227","error":""},"_links":{"self":[{"href":"https:\/\/www.europesays.com\/fr\/wp-json\/wp\/v2\/posts\/81675","targetHints":{"allow":["GET"]}}],"collection":[{"href":"https:\/\/www.europesays.com\/fr\/wp-json\/wp\/v2\/posts"}],"about":[{"href":"https:\/\/www.europesays.com\/fr\/wp-json\/wp\/v2\/types\/post"}],"author":[{"embeddable":true,"href":"https:\/\/www.europesays.com\/fr\/wp-json\/wp\/v2\/users\/2"}],"replies":[{"embeddable":true,"href":"https:\/\/www.europesays.com\/fr\/wp-json\/wp\/v2\/comments?post=81675"}],"version-history":[{"count":0,"href":"https:\/\/www.europesays.com\/fr\/wp-json\/wp\/v2\/posts\/81675\/revisions"}],"wp:featuredmedia":[{"embeddable":true,"href":"https:\/\/www.europesays.com\/fr\/wp-json\/wp\/v2\/media\/81676"}],"wp:attachment":[{"href":"https:\/\/www.europesays.com\/fr\/wp-json\/wp\/v2\/media?parent=81675"}],"wp:term":[{"taxonomy":"category","embeddable":true,"href":"https:\/\/www.europesays.com\/fr\/wp-json\/wp\/v2\/categories?post=81675"},{"taxonomy":"post_tag","embeddable":true,"href":"https:\/\/www.europesays.com\/fr\/wp-json\/wp\/v2\/tags?post=81675"}],"curies":[{"name":"wp","href":"https:\/\/api.w.org\/{rel}","templated":true}]}}