{"id":81677,"date":"2025-05-07T10:56:10","date_gmt":"2025-05-07T10:56:10","guid":{"rendered":"https:\/\/www.europesays.com\/fr\/81677\/"},"modified":"2025-05-07T10:56:10","modified_gmt":"2025-05-07T10:56:10","slug":"que-faire-a-grenoble-ce-week-end-du-jeudi-8-mai-au-dimanche-11-mai-2025","status":"publish","type":"post","link":"https:\/\/www.europesays.com\/fr\/81677\/","title":{"rendered":"Que faire \u00e0 Grenoble ce week-end du jeudi 8 mai au dimanche 11 mai 2025"},"content":{"rendered":"<p>Pour ceux qui passeront <strong>le week-end (du 8 au 11 mai 2025)\u00e0 Grenoble<\/strong>, voici notre s\u00e9lection d&rsquo;\u00e9v\u00e9nements \u00e0 ne pas rater pour bien s&rsquo;occuper en famille. <\/p>\n<p>Vivre la Lib\u00e9ration de Grenoble \u00e0 travers une exposition immersive <\/p>\n<p>Le <strong>8 mai 1945<\/strong> symbolise la fin de la Seconde Guerre mondiale. Mais l&rsquo;Is\u00e8re a \u00e9t\u00e9 lib\u00e9r\u00e9e un an auparavant, <a href=\"https:\/\/mesinfos.fr\/dossier-22-aout-1944-22-aout-2024-comment-grenoble-a-ete-liberee-de-l-invasion-allemande-il-y-a-80-ans-232\" target=\"_blank\" rel=\"noopener\">du 20 ao\u00fbt au 2 septembre 1944<\/a>, gr\u00e2ce \u00e0 l&rsquo;action conjointe des r\u00e9sistants et des soldats alli\u00e9s. Le <strong>mus\u00e9e de la R\u00e9sistance et de la D\u00e9portation de l&rsquo;Is\u00e8re<\/strong> propose une exposition immersive pour revivre cette p\u00e9riode cl\u00e9. <\/p>\n<p>En partant de son <strong>fonds photographique et filmique<\/strong>, il fait le choix de proposer une nouvelle approche de l\u2019\u00e9v\u00e8nement en immergeant directement le visiteur au c\u0153ur du tumulte de ces journ\u00e9es d\u2019ao\u00fbt 1944. Cet \u00e9v\u00e8nement a obtenu le\u00a0<strong>label Mission lib\u00e9ration\u00a0<\/strong>de l\u2019\u00c9tat. <\/p>\n<p><strong>Pratique<\/strong> <\/p>\n<p>Mus\u00e9e de la R\u00e9sistance et de la D\u00e9portation de l&rsquo;Is\u00e8re, 14 rue\u00a0H\u00e9bert\u00a0\u00e0 Grenoble. <\/p>\n<p>Entr\u00e9e gratuite. Jeudi et vendredi de 9h \u00e0 18h. Le samedi et dimanche de 10h \u00e0 18h. <a href=\"https:\/\/musees.isere.fr\/musee\/musee-de-la-resistance-et-de-la-deportation-de-lisere\" rel=\"noopener\" target=\"_blank\">Programmation en ligne<\/a>.<\/p>\n<p><strong>\u00a0A Saint-Martin-d&rsquo;H\u00e8res, deux \u00e9v\u00e9nements<\/strong> sont organis\u00e9s \u00e0 l&rsquo;occasion du 8-Mai : <\/p>\n<ul>\n<li>mercredi 7 mai, le<strong> bal de la Libert\u00e9<\/strong> sera organis\u00e9 \u00e0 19h, sur la place de la Libert\u00e9 (village) ; <\/li>\n<\/ul>\n<ul>\n<li>jeudi 8 mai \u00e0 12h, la <strong>comm\u00e9moration <\/strong>de la victoire sur le nazisme, au monument aux morts de la Galoch\u00e8re, avenue Jean-Jaur\u00e8s. <\/li>\n<\/ul>\n<p>  D\u00e9battre sur une question de \u00ab\u00a0bouffe\u00a0\u00bb \u00e0 la Com\u00e9die de Grenoble <img decoding=\"async\" alt=\"\" data-zoomable=\"\" loading=\"lazy\" src=\"https:\/\/www.europesays.com\/fr\/wp-content\/uploads\/2025\/05\/hamburger-pxherecom.jpg\"\/> \u00a9 PxHere &#8211; Quand les pr\u00e9f\u00e9rences culinaires divisent. <\/p>\n<p>La<strong> Com\u00e9die de Grenoble<\/strong> propose la <strong>pi\u00e8ce de th\u00e9\u00e2tre<\/strong> intitul\u00e9e Qu&rsquo;est-ce qu&rsquo;on bouffe. L&rsquo;histoire de deux colocataires que tout oppose : Fleur est v\u00e9gane et active, K\u00e9vin est carnivore et plut\u00f4t fain\u00e9ant. Pour l&rsquo;anniversaire de Fleur, ils ont invit\u00e9 des amis \u00e0 d\u00eener. Mais quel sera le menu sachant que leurs invit\u00e9s mangent halal, sont allergiques au poisson, intol\u00e9rants au gluten ?<\/p>\n<p><strong>Pratique<\/strong> <\/p>\n<p>A la Com\u00e9die de Grenoble, 1 rue Pierre-Dupont, jusqu&rsquo;au dimanche 11 mai 2025. <\/p>\n<p>Horaires : mercredi \u00e0 20h ; du jeudi au samedi \u00e0 21h ; samedi premi\u00e8re repr\u00e9sentation \u00e0 19h ; dimanche \u00e0 17h30. <\/p>\n<p>Tarifs : en ligne 17,50 euros ; r\u00e9duit 13,50 euros ; sur place 20 euros ; \u00e9tudiant 16 euros. <a href=\"https:\/\/www.comediedegrenoble.fr\/index.php\/le-programme?view=article&amp;id=426:quest-ce-quon-bouffe&amp;catid=2\" rel=\"noopener\" target=\"_blank\">Billetterie en ligne<\/a>.<\/p>\n<p>  D\u00e9couvrir la monoparentalit\u00e9 lors d&rsquo;une soir\u00e9e rencontre \u00e0 Grenoble <img decoding=\"async\" alt=\"\" data-zoomable=\"\" loading=\"lazy\" src=\"https:\/\/www.europesays.com\/fr\/wp-content\/uploads\/2025\/05\/monoparentalite-pxherecom.jpg\"\/> \u00a9 PxHere &#8211; La monoparentalit\u00e9 omnipr\u00e9sente dans la soci\u00e9t\u00e9 actuelle. <\/p>\n<p>Le <strong>Caf\u00e9 des enfants \u00e0 Grenoble <\/strong>donne rendez-vous le samedi 10 mai pour une soir\u00e9e rencontre autour du film Mamans solos, les oubli\u00e9es de la R\u00e9publique qui sera suivi d&rsquo;un repas partag\u00e9. <strong>Animation et garde d&rsquo;enfants <\/strong>sur place. <\/p>\n<p><strong>Pratique<\/strong> <\/p>\n<p>Le Caf\u00e9 des enfants, 9 rue des Champs Elys\u00e9es \u00e0 Grenoble. Samedi 10 mai 2025 de 16h30 \u00e0 20h. Gratuit sur inscription (souhait\u00e9e) aupr\u00e8s de Pascale ou Marion au 04 76 29 57 71.<\/p>\n<p>  Lever le voile sur Le Grenoble libertin des Liaisons dangereuses <img decoding=\"async\" alt=\"\" data-zoomable=\"\" loading=\"lazy\" src=\"https:\/\/www.europesays.com\/fr\/wp-content\/uploads\/2025\/05\/libertin1.jpg\"\/> \u00a9 Office de tourisme de Grenoble &#8211; Une visite guid\u00e9e des lieux marqu\u00e9s par les histoires de libertinage. <\/p>\n<p>Avec le g\u00e9n\u00e9ral Choderlos de Laclos revenu \u00e0 Grenoble, d\u00e9couvrez la vie grenobloise du XVIIIe si\u00e8cle au fil des lieux et personnages hauts en couleurs et libertins qui inspir\u00e8rent son roman Les Liaisons dangereuses. Une visite guid\u00e9e autoris\u00e9e au jeune public <strong>\u00e0 partir de 12 ans<\/strong>. <\/p>\n<p><strong>Pratique<\/strong> <\/p>\n<p>Office de tourisme de Grenoble, 14 rue de la R\u00e9publique. Samedi 10 mai 2025 de 14h30 \u00e0 16h. Plein tarif : 9 euros, tarif r\u00e9duit : 6 euros. <a href=\"https:\/\/www.grenoble-tourisme.com\/fr\/catalogue\/detail\/le-grenoble-libertin-des-liaisons-dangereuses-5776964\/\" rel=\"noopener\" target=\"_blank\">Plus d&rsquo;infos sur cette visite guid\u00e9e<\/a>.<\/p>\n<p> <strong>Un spectacle haut en couleurs pour les tout-petits <\/strong> <img decoding=\"async\" alt=\"\" data-zoomable=\"\" loading=\"lazy\" src=\"https:\/\/www.europesays.com\/fr\/wp-content\/uploads\/2025\/05\/couleurs.jpg\"\/> \u00a9 PxHere &#8211; Un spectacle pour les petits de 1 \u00e0 3 ans. <\/p>\n<p>Du <strong>samedi 10 au dimanche 11 mai<\/strong>, \u00e0 10h, la Com\u00e9die de Grenoble propose le spectacle La Couleur des \u00e9motions. Un spectacle m\u00ealant clown et th\u00e9\u00e2tre d\u2019objets pour d\u00e9couvrir les \u00e9motions, destin\u00e9 aux petits <strong>de 1 \u00e0 3 ans<\/strong>, mais aussi aux grands ! <\/p>\n<p>L&rsquo;histoire : aujourd\u2019hui, c\u2019est le bazar ! Tout est sens dessus dessous. Couleurs et \u00e9motions sont \u00e9parpill\u00e9es. Pour retrouver son \u00e9quilibre, il va falloir ranger tout \u00e7a, sous l&rsquo;\u0153il des petits monstres de couleur&#8230; <\/p>\n","protected":false},"excerpt":{"rendered":"Pour ceux qui passeront le week-end (du 8 au 11 mai 2025)\u00e0 Grenoble, voici notre s\u00e9lection d&rsquo;\u00e9v\u00e9nements \u00e0&hellip;\n","protected":false},"author":2,"featured_media":81678,"comment_status":"","ping_status":"","sticky":false,"template":"","format":"standard","meta":{"footnotes":""},"categories":[9566],"tags":[1111,11,2430,1777,674,1011,27,2731,1393,12,18925,25],"class_list":{"0":"post-81677","1":"post","2":"type-post","3":"status-publish","4":"format-standard","5":"has-post-thumbnail","7":"category-grenoble","8":"tag-actu","9":"tag-actualites","10":"tag-auvergne-rhone-alpes","11":"tag-eu","12":"tag-europe","13":"tag-fr","14":"tag-france","15":"tag-grenoble","16":"tag-loisirs","17":"tag-news","18":"tag-que-faire-ce-week-end-u00e0-grenoble","19":"tag-republique-francaise"},"share_on_mastodon":{"url":"https:\/\/pubeurope.com\/@fr\/114466192394540501","error":""},"_links":{"self":[{"href":"https:\/\/www.europesays.com\/fr\/wp-json\/wp\/v2\/posts\/81677","targetHints":{"allow":["GET"]}}],"collection":[{"href":"https:\/\/www.europesays.com\/fr\/wp-json\/wp\/v2\/posts"}],"about":[{"href":"https:\/\/www.europesays.com\/fr\/wp-json\/wp\/v2\/types\/post"}],"author":[{"embeddable":true,"href":"https:\/\/www.europesays.com\/fr\/wp-json\/wp\/v2\/users\/2"}],"replies":[{"embeddable":true,"href":"https:\/\/www.europesays.com\/fr\/wp-json\/wp\/v2\/comments?post=81677"}],"version-history":[{"count":0,"href":"https:\/\/www.europesays.com\/fr\/wp-json\/wp\/v2\/posts\/81677\/revisions"}],"wp:featuredmedia":[{"embeddable":true,"href":"https:\/\/www.europesays.com\/fr\/wp-json\/wp\/v2\/media\/81678"}],"wp:attachment":[{"href":"https:\/\/www.europesays.com\/fr\/wp-json\/wp\/v2\/media?parent=81677"}],"wp:term":[{"taxonomy":"category","embeddable":true,"href":"https:\/\/www.europesays.com\/fr\/wp-json\/wp\/v2\/categories?post=81677"},{"taxonomy":"post_tag","embeddable":true,"href":"https:\/\/www.europesays.com\/fr\/wp-json\/wp\/v2\/tags?post=81677"}],"curies":[{"name":"wp","href":"https:\/\/api.w.org\/{rel}","templated":true}]}}