{"id":81687,"date":"2025-05-07T11:01:09","date_gmt":"2025-05-07T11:01:09","guid":{"rendered":"https:\/\/www.europesays.com\/fr\/81687\/"},"modified":"2025-05-07T11:01:09","modified_gmt":"2025-05-07T11:01:09","slug":"il-portait-la-parole-des-victimes-du-diocese-de-nice-lun-des-accusateurs-dun-cure-nicois-a-mis-fin-a-ses-jours-2","status":"publish","type":"post","link":"https:\/\/www.europesays.com\/fr\/81687\/","title":{"rendered":"Il portait la parole des \u00ab\u00a0victimes du dioc\u00e8se de Nice\u00a0\u00bb: l\u2019un des accusateurs d\u2019un cur\u00e9 ni\u00e7ois a mis fin \u00e0 ses jours"},"content":{"rendered":"<p>Moins d\u2019un an apr\u00e8s la mort de Jean-Marc Schoepff, l\u2019un de ses accusateurs dispara\u00eet \u00e0 son tour. S\u00e9bastien Liautaud, natif de Nice, ancien enfant de ch\u0153ur \u00e0 Antibes, s\u2019est donn\u00e9 la mort \u00e0 l\u2019\u00e2ge de 39 ans, le 1er mai, \u00e0 Draguignan. Il portait la parole des \u00ab\u00a0victimes du dioc\u00e8se de Nice\u00a0\u00bb. Tragique \u00e9pilogue d\u2019une affaire qui aura broy\u00e9 plusieurs vies, \u00e0 d\u00e9faut d\u2019accoucher d\u2019une v\u00e9rit\u00e9 judiciaire.<\/p>\n<p>Le 20 juin 2019, S\u00e9bastien Liautaud pose \u00e0 la Une de Nice-Matin, devant le palais de justice de Nice. Il vient de d\u00e9poser plainte contre Jean-Marc Schoepff. <a href=\"https:\/\/www.nicematin.com\/faits-divers\/je-sens-ses-genoux-derriere-moi-et-sa-main-puissante-sur-mon-ventre-le-recit-dune-victime-du-pretre-nicois-accuse-de-pedophilie-390993\" rel=\"nofollow noopener\" target=\"_blank\">D\u00e9termin\u00e9, il raconte les attouchements subis, en mars 1997, lors d\u2019un p\u00e8lerinage \u00e0 Rome.<\/a> Depuis janvier 2017, d\u2019autres plaignants ont d\u00e9crit un sc\u00e9nario similaire. Mais S\u00e9bastien Liautaud est le premier \u00e0 d\u00e9noncer des faits non prescrits.<\/p>\n<p>Au terme d\u2019un tortueux marathon judiciaire, Jean-Marc Schoepff est renvoy\u00e9 en correctionnelle pour agressions sexuelles sur mineurs. Sur les neuf plaintes d\u00e9pos\u00e9es, deux \u00e9chappent \u00e0 la prescription. Le proc\u00e8s est pr\u00e9vu en janvier 2024. Mais il est report\u00e9 en septembre, la d\u00e9fense invoquant un motif m\u00e9dical. S\u00e9bastien Liautaud le vit tr\u00e8s mal. Rong\u00e9 par cette affaire, il envisage de jeter l\u2019\u00e9ponge. <a href=\"https:\/\/www.nicematin.com\/faits-divers\/ce-serait-un-crachat-au-visage-des-victimes-924557\" rel=\"nofollow noopener\" target=\"_blank\">Le 24 mai 2024, le p\u00e8re Schoepff est emport\u00e9 par une crise cardiaque.<\/a> Il reste \u00e0 jamais pr\u00e9sum\u00e9 innocent. Ultime coup dur pour les plaignants, priv\u00e9s de proc\u00e8s.<\/p>\n<p><strong>\u00ab\u00a0Les bless\u00e9s de l\u2019Eglise\u00a0\u00bb<\/strong><\/p>\n<p>Accroch\u00e9 \u00e0 sa foi et son d\u00e9sir de justice, S\u00e9bastien Liautaud <a href=\"https:\/\/www.nicematin.com\/faits-divers\/reconnaissance-spirituelle-et-financiere-prevention-ce-quattend-une-victime-des-conclusions-de-lenquete-independante-sur-les-abus-sexuels-dans-leglise-718560\" rel=\"nofollow noopener\" target=\"_blank\">a \u00e9t\u00e9 l\u2019un des premiers \u00e0 saisir la commission ind\u00e9pendante sur les abus sexuels dans l\u2019Eglise, en 2021<\/a>. Il portait le collectif Lib\u00e8re ta parole, a particip\u00e9 \u00e0 un livre-d\u00e9bat sur le sujet: <a href=\"https:\/\/www.nicematin.com\/justice\/et-si-on-se-parlait-enfin-un-azureen-evoque-les-abus-sexuels-dans-leglise-dans-un-livre-debat-691596\" rel=\"nofollow noopener\" target=\"_blank\">\u00ab\u00a0Et si on se parlait&#8230; enfin?\u00a0\u00bb<\/a> L\u2019\u00e9moi caus\u00e9 par sa disparition t\u00e9moigne de la place qu\u2019il avait prise dans le monde des \u00ab\u00a0bless\u00e9s de l\u2019\u00c9glise\u00a0\u00bb, dixit le p\u00e8re Philippe Vanneste, qui l\u2019accompagnait.<\/p>\n<p>\u00ab\u00a0Je ne serai jamais totalement gu\u00e9ri\u00a0\u00bb, affirmait S\u00e9bastien Liautaud. La mort brutale d\u2019un ami l\u2019a encore fragilis\u00e9. \u00ab\u00a0Il \u00e9tait compl\u00e8tement cass\u00e9 \u00e0 l\u2019int\u00e9rieur, t\u00e9moigne Philippe Vanneste. Ces derniers temps, je sentais bien que les ressorts de vie s\u2019\u00e9taient cass\u00e9s&#8230;\u00a0\u00bb Me Vincent Ehrenfeld, l\u2019avocat de S\u00e9bastien Liautaud, confie son amertume: \u00ab\u00a0L\u2019affaire aura \u00e9t\u00e9 marqu\u00e9e par les mensonges et le d\u00e9ni du p\u00e8re Schoepff. Un proc\u00e8s aurait sans doute permis \u00e0 S\u00e9bastien d\u2019aller mieux et de se reconstruire.\u00a0\u00bb<\/p>\n<p>              <img ci-src=\"https:\/\/www.nicematin.com\/justice\/protec\/DATA_ART_15468850-A6pFaQKR.jpg?vh=917bfb&amp;ci_seal=bb7ea94b6f\" alt=\"\"\/><br \/>\n        S\u00e9bastien Liautaud avait d\u00e9pos\u00e9 plainte \u00e0 Nice en juin 2019. <strong>Photo Christophe Cirone.<\/strong> <\/p>\n","protected":false},"excerpt":{"rendered":"Moins d\u2019un an apr\u00e8s la mort de Jean-Marc Schoepff, l\u2019un de ses accusateurs dispara\u00eet \u00e0 son tour. S\u00e9bastien&hellip;\n","protected":false},"author":2,"featured_media":81427,"comment_status":"","ping_status":"","sticky":false,"template":"","format":"standard","meta":{"footnotes":""},"categories":[2819],"tags":[1111,11,1777,674,118,1011,27,303,12,2401,882,4020,25],"class_list":{"0":"post-81687","1":"post","2":"type-post","3":"status-publish","4":"format-standard","5":"has-post-thumbnail","7":"category-nice","8":"tag-actu","9":"tag-actualites","10":"tag-eu","11":"tag-europe","12":"tag-faits-divers","13":"tag-fr","14":"tag-france","15":"tag-justice","16":"tag-news","17":"tag-nice","18":"tag-provence-alpes-cote-dazur","19":"tag-religion","20":"tag-republique-francaise"},"share_on_mastodon":{"url":"https:\/\/pubeurope.com\/@fr\/114466212042338041","error":""},"_links":{"self":[{"href":"https:\/\/www.europesays.com\/fr\/wp-json\/wp\/v2\/posts\/81687","targetHints":{"allow":["GET"]}}],"collection":[{"href":"https:\/\/www.europesays.com\/fr\/wp-json\/wp\/v2\/posts"}],"about":[{"href":"https:\/\/www.europesays.com\/fr\/wp-json\/wp\/v2\/types\/post"}],"author":[{"embeddable":true,"href":"https:\/\/www.europesays.com\/fr\/wp-json\/wp\/v2\/users\/2"}],"replies":[{"embeddable":true,"href":"https:\/\/www.europesays.com\/fr\/wp-json\/wp\/v2\/comments?post=81687"}],"version-history":[{"count":0,"href":"https:\/\/www.europesays.com\/fr\/wp-json\/wp\/v2\/posts\/81687\/revisions"}],"wp:featuredmedia":[{"embeddable":true,"href":"https:\/\/www.europesays.com\/fr\/wp-json\/wp\/v2\/media\/81427"}],"wp:attachment":[{"href":"https:\/\/www.europesays.com\/fr\/wp-json\/wp\/v2\/media?parent=81687"}],"wp:term":[{"taxonomy":"category","embeddable":true,"href":"https:\/\/www.europesays.com\/fr\/wp-json\/wp\/v2\/categories?post=81687"},{"taxonomy":"post_tag","embeddable":true,"href":"https:\/\/www.europesays.com\/fr\/wp-json\/wp\/v2\/tags?post=81687"}],"curies":[{"name":"wp","href":"https:\/\/api.w.org\/{rel}","templated":true}]}}