{"id":81688,"date":"2025-05-07T11:02:08","date_gmt":"2025-05-07T11:02:08","guid":{"rendered":"https:\/\/www.europesays.com\/fr\/81688\/"},"modified":"2025-05-07T11:02:08","modified_gmt":"2025-05-07T11:02:08","slug":"la-caserne-auvare-transformee-en-complexe-sportif-la-ville-de-nice-lance-une-consultation-citoyenne","status":"publish","type":"post","link":"https:\/\/www.europesays.com\/fr\/81688\/","title":{"rendered":"La caserne Auvare transform\u00e9e en complexe sportif ? La Ville de Nice lance une consultation citoyenne"},"content":{"rendered":"<p>Et si la caserne Auvare devenait une grande salle omnisports? C\u2019est la question que la municipalit\u00e9 pose aux habitants du quartier et plus largement aux Ni\u00e7oises et aux Ni\u00e7ois. La Ville vient en effet de lancer une nouvelle consultation sur sa plateforme participative. La m\u00eame qui avait d\u00e9j\u00e0 permis d\u2019attribuer un nom au centre des congr\u00e8s \u00e9rig\u00e9 sur le quai Infernet du port.<\/p>\n<p>Ceux qui le souhaitent ont jusqu\u2019au 31 ao\u00fbt pour donner leur avis sur ce nouveau projet ni\u00e7ois. La Ville de Nice envisage en effet de r\u00e9am\u00e9nager la caserne Auvare en centre sportif. Les fonctionnaires de police qui occupent ce commissariat doivent en effet lib\u00e9rer les lieux \u00e0 l\u2019horizon 2026 pour int\u00e9grer le futur h\u00f4tel des polices en construction sur l\u2019emprise de l\u2019ancien h\u00f4pital Saint-Roch.<\/p>\n<p><strong>Deux hectares \u00e0 am\u00e9nager<\/strong><\/p>\n<p>Ce d\u00e9m\u00e9nagement lib\u00e9rera une emprise de 2 hectares en plein centre-ville. Mais que faire de l\u2019ancienne caserne Auvare? La municipalit\u00e9 avait d\u00e9j\u00e0 annonc\u00e9 son intention de profiter de cet espace pour doter la commune de nouveaux \u00e9quipements d\u2019utilit\u00e9 publique. Le projet se pr\u00e9cise. Christian Estrosi y verrait bien une salle omnisports capable d\u2019accueillir des comp\u00e9titions de haut niveau de basket, de hand-ball et de volley, mais aussi d\u2019arts martiaux, de boxe, de danse ou de badminton.<\/p>\n<p>Au-del\u00e0 de cette salle omnisports dot\u00e9e de tribunes pour le public, le projet pr\u00e9voit aussi une salle d\u00e9di\u00e9e aux associations sportives de quartier pour leurs entra\u00eenements et leurs manifestations. Ainsi qu\u2019un terrain ext\u00e9rieur polyvalent qui serait en acc\u00e8s libre afin qu\u2019il devienne un lieu de vie et de coh\u00e9sion sociale pour la jeunesse.<\/p>\n<p>Reste \u00e0 savoir ce que les Ni\u00e7oises et les Ni\u00e7ois en pensent. La question leur est pos\u00e9e au travers de la plateforme d\u00e9mat\u00e9rialis\u00e9e Jeparticipe.nice.fr. Avec une question subsidiaire: \u00ab\u00a0Que voudriez-vous d\u2019autre?\u00a0\u00bb Car l\u2019emprise est sans doute assez grande pour accueillir d\u2019autres projets et \u00e9quipements.<\/p>\n<p>Pour voter: <a href=\"https:\/\/jeparticipe.nice.fr\/processes\/devenirdelacaserneauvare\/f\/260\/\" target=\"_blank\" rel=\"noopener nofollow\">https:\/\/jeparticipe.nice.fr\/processes\/devenirdelacaserneauvare\/f\/260\/<\/a>.<\/p>\n<p>              <img ci-src=\"https:\/\/www.nicematin.com\/vie-locale\/protec\/DATA_ART_15470329-aR4v5fbZ.jpg?vh=e8093f&amp;ci_seal=53a289f729\" alt=\"\"\/><\/p>\n","protected":false},"excerpt":{"rendered":"Et si la caserne Auvare devenait une grande salle omnisports? C\u2019est la question que la municipalit\u00e9 pose aux&hellip;\n","protected":false},"author":2,"featured_media":81689,"comment_status":"","ping_status":"","sticky":false,"template":"","format":"standard","meta":{"footnotes":""},"categories":[2819],"tags":[1111,11,1777,674,1011,27,12,2401,882,25,3366],"class_list":{"0":"post-81688","1":"post","2":"type-post","3":"status-publish","4":"format-standard","5":"has-post-thumbnail","7":"category-nice","8":"tag-actu","9":"tag-actualites","10":"tag-eu","11":"tag-europe","12":"tag-fr","13":"tag-france","14":"tag-news","15":"tag-nice","16":"tag-provence-alpes-cote-dazur","17":"tag-republique-francaise","18":"tag-vie-locale"},"share_on_mastodon":{"url":"https:\/\/pubeurope.com\/@fr\/114466215907437590","error":""},"_links":{"self":[{"href":"https:\/\/www.europesays.com\/fr\/wp-json\/wp\/v2\/posts\/81688","targetHints":{"allow":["GET"]}}],"collection":[{"href":"https:\/\/www.europesays.com\/fr\/wp-json\/wp\/v2\/posts"}],"about":[{"href":"https:\/\/www.europesays.com\/fr\/wp-json\/wp\/v2\/types\/post"}],"author":[{"embeddable":true,"href":"https:\/\/www.europesays.com\/fr\/wp-json\/wp\/v2\/users\/2"}],"replies":[{"embeddable":true,"href":"https:\/\/www.europesays.com\/fr\/wp-json\/wp\/v2\/comments?post=81688"}],"version-history":[{"count":0,"href":"https:\/\/www.europesays.com\/fr\/wp-json\/wp\/v2\/posts\/81688\/revisions"}],"wp:featuredmedia":[{"embeddable":true,"href":"https:\/\/www.europesays.com\/fr\/wp-json\/wp\/v2\/media\/81689"}],"wp:attachment":[{"href":"https:\/\/www.europesays.com\/fr\/wp-json\/wp\/v2\/media?parent=81688"}],"wp:term":[{"taxonomy":"category","embeddable":true,"href":"https:\/\/www.europesays.com\/fr\/wp-json\/wp\/v2\/categories?post=81688"},{"taxonomy":"post_tag","embeddable":true,"href":"https:\/\/www.europesays.com\/fr\/wp-json\/wp\/v2\/tags?post=81688"}],"curies":[{"name":"wp","href":"https:\/\/api.w.org\/{rel}","templated":true}]}}