{"id":81690,"date":"2025-05-07T11:03:10","date_gmt":"2025-05-07T11:03:10","guid":{"rendered":"https:\/\/www.europesays.com\/fr\/81690\/"},"modified":"2025-05-07T11:03:10","modified_gmt":"2025-05-07T11:03:10","slug":"de-la-torture-cecile-kohler-et-le-nantais-jacques-paris-detenus-depuis-3-ans-en-iran","status":"publish","type":"post","link":"https:\/\/www.europesays.com\/fr\/81690\/","title":{"rendered":"\u00ab\u00a0De la torture\u00a0\u00bb : C\u00e9cile Kohler et le Nantais Jacques Paris d\u00e9tenus depuis 3 ans en Iran"},"content":{"rendered":"<p><img decoding=\"async\" class=\"\" style=\"width:100%\" src=\"https:\/\/www.europesays.com\/fr\/wp-content\/uploads\/2025\/05\/OTAGES_IRAN_KHOLER_PARIS_AFP_BERTRAND_GUAY1746612050006.jpg\" alt=\"Les otages C\u00e9cile Kholer et Jacques Paris\"\/><\/p>\n<p>Les otages C\u00e9cile Kholer et Jacques Paris<\/p>\n<p>Cr\u00e9dit : AFP Bertrand GUAY<\/p>\n<p>La France \u00ab\u00a0agit sans rel\u00e2che pour obtenir\u00a0\u00bb la lib\u00e9ration de C\u00e9cile Kohler et Jacques Paris, d\u00e9tenus depuis trois ans jour pour jour en Iran, affirme Emmanuel Macron ce mercredi 7 mai. En ce triste anniversaire, des manifestations de soutien au Nantais et \u00e0 sa conjointe sont organis\u00e9es \u00e0 Rennes, Lorient, Brest, Angers, Laval et Nantes o\u00f9 Jacques Paris enseignait au Lyc\u00e9e Cl\u00e9menceau. Les portraits des deux fran\u00e7ais sont accroch\u00e9s sur les grilles de l\u2019H\u00f4tel de Ville.<\/p>\n<p>\u00a0<\/p>\n<blockquote><p>\n\u00ab\u00a0Ils ne peuvent voir la lumi\u00e8re du jour que trois fois par semaine\u00a0\u00bb\n<\/p><\/blockquote>\n<p>Accus\u00e9s d\u2019espionnage, ils sont incarc\u00e9r\u00e9s dans des \u00ab\u00a0conditions inhumaines qui rel\u00e8vent de la torture\u00a0\u00bb, selon Jean-No\u00ebl Barrot, ministre des Affaires \u00e9trang\u00e8res.<\/p>\n<p>\u00ab\u00a0Ils sont d\u00e9tenus dans un quartier de haute s\u00e9curit\u00e9 \u00e0 T\u00e9h\u00e9ran, compl\u00e8tement coup\u00e9s du monde ext\u00e9rieur, chacun dans des cellules tr\u00e8s \u00e9troites, sans fen\u00eatre, \u00e9clair\u00e9s 24 heures sur 24 \u00e0 la lumi\u00e8re artificielle, d\u00e9taille No\u00e9mie Kohler, soeur de C\u00e9cile. Ils ne peuvent voir la lumi\u00e8re du jour que trois fois par semaine, lors de sorties tr\u00e8s courtes d&rsquo;une demi-heure dans une cour. Ma s\u0153ur nous a confirm\u00e9 qu&rsquo;elle n&rsquo;avait toujours pas de quoi \u00e9crire apr\u00e8s trois ans de d\u00e9tention.<\/p>\n<p> <strong>Ils n&rsquo;ont pas de meuble, dorment \u00e0 m\u00eame le sol et vivent sous la pression psychologique constante de leur ge\u00f4lier. <\/strong>Ils n\u2019ont droit en moyenne qu\u2019\u00e0 un appel par mois, court et sous tr\u00e8s haute surveillance. Ils ne peuvent pas s\u2019exprimer librement sur leur \u00e9tat de sant\u00e9 r\u00e9el. Ils n&rsquo;ont pas de contact avec leur ambassade, \u00e0 l&rsquo;exception de quatre visites consulaires tr\u00e8s courtes et surveill\u00e9es, obtenues en trois ans de d\u00e9tention. Ils n&rsquo;ont toujours pas acc\u00e8s \u00e0 des avocats ind\u00e9pendants.\u00a0\u00bb<\/p>\n<blockquote><p>\n\u00ab\u00a0Des otages d&rsquo;Etat\u00a0\u00bb\n<\/p><\/blockquote>\n<p>Leur incarc\u00e9ration \u00e0 la suite d&rsquo;un voyage touristique n&rsquo;a aucun fondement affirment le Quai d&rsquo;Orsay et No\u00e9mie Kohler: \u00ab\u00a0<strong>Il n&rsquo;y a absolument pas l&rsquo;ombre d&rsquo;un doute, ce sont bien des otages, des personnes totalement innocentes arr\u00eat\u00e9es pour servir de monnaie d&rsquo;\u00e9change dans des enjeux qui les d\u00e9passent compl\u00e8tement<\/strong>. <\/p>\n<p>Des enjeux g\u00e9opolitiques entre la France et l&rsquo;Iran, au m\u00eame titre que les cinq autres otages fran\u00e7ais lib\u00e9r\u00e9s avant eux et qu&rsquo;une quinzaine d&rsquo;autres europ\u00e9ens toujours incarc\u00e9r\u00e9s. On ne voit aucune \u00e9volution dans leurs dossiers. C&rsquo;est important de continuer de se mobiliser et de se battre pour interpeller les autorit\u00e9s iraniennes sur leurs responsabilit\u00e9s et obtenir leur lib\u00e9ration.\u00a0\u00bb<\/p>\n<p>Leurs soutiens s&rsquo;inqui\u00e8tent particuli\u00e8rement de leur \u00e9tat de sant\u00e9, surtout celui de Jacques Paris, \u00e2g\u00e9 de 71 ans.<\/p>\n","protected":false},"excerpt":{"rendered":"Les otages C\u00e9cile Kholer et Jacques Paris Cr\u00e9dit : AFP Bertrand GUAY La France \u00ab\u00a0agit sans rel\u00e2che pour&hellip;\n","protected":false},"author":2,"featured_media":81691,"comment_status":"","ping_status":"","sticky":false,"template":"","format":"standard","meta":{"footnotes":""},"categories":[2818],"tags":[1111,11,18927,1777,674,1011,27,18926,766,12,626,2636,25],"class_list":{"0":"post-81690","1":"post","2":"type-post","3":"status-publish","4":"format-standard","5":"has-post-thumbnail","7":"category-nantes","8":"tag-actu","9":"tag-actualites","10":"tag-cecile-kholer","11":"tag-eu","12":"tag-europe","13":"tag-fr","14":"tag-france","15":"tag-jacques-paris","16":"tag-nantes","17":"tag-news","18":"tag-paris","19":"tag-pays-de-la-loire","20":"tag-republique-francaise"},"share_on_mastodon":{"url":"https:\/\/pubeurope.com\/@fr\/114466219959765372","error":""},"_links":{"self":[{"href":"https:\/\/www.europesays.com\/fr\/wp-json\/wp\/v2\/posts\/81690","targetHints":{"allow":["GET"]}}],"collection":[{"href":"https:\/\/www.europesays.com\/fr\/wp-json\/wp\/v2\/posts"}],"about":[{"href":"https:\/\/www.europesays.com\/fr\/wp-json\/wp\/v2\/types\/post"}],"author":[{"embeddable":true,"href":"https:\/\/www.europesays.com\/fr\/wp-json\/wp\/v2\/users\/2"}],"replies":[{"embeddable":true,"href":"https:\/\/www.europesays.com\/fr\/wp-json\/wp\/v2\/comments?post=81690"}],"version-history":[{"count":0,"href":"https:\/\/www.europesays.com\/fr\/wp-json\/wp\/v2\/posts\/81690\/revisions"}],"wp:featuredmedia":[{"embeddable":true,"href":"https:\/\/www.europesays.com\/fr\/wp-json\/wp\/v2\/media\/81691"}],"wp:attachment":[{"href":"https:\/\/www.europesays.com\/fr\/wp-json\/wp\/v2\/media?parent=81690"}],"wp:term":[{"taxonomy":"category","embeddable":true,"href":"https:\/\/www.europesays.com\/fr\/wp-json\/wp\/v2\/categories?post=81690"},{"taxonomy":"post_tag","embeddable":true,"href":"https:\/\/www.europesays.com\/fr\/wp-json\/wp\/v2\/tags?post=81690"}],"curies":[{"name":"wp","href":"https:\/\/api.w.org\/{rel}","templated":true}]}}