{"id":81694,"date":"2025-05-07T11:05:09","date_gmt":"2025-05-07T11:05:09","guid":{"rendered":"https:\/\/www.europesays.com\/fr\/81694\/"},"modified":"2025-05-07T11:05:09","modified_gmt":"2025-05-07T11:05:09","slug":"decouvrez-lenquete-decrans-du-monde","status":"publish","type":"post","link":"https:\/\/www.europesays.com\/fr\/81694\/","title":{"rendered":"d\u00e9couvrez l&rsquo;enqu\u00eate d&rsquo;Ecrans du Monde"},"content":{"rendered":"<p class=\"legende\">\n\t\t\t\t\t\t\t\t\tLa France est la plus grande consommatrice de pesticides d&rsquo;Europe. Cr\u00e9dit : Ecrans du Monde\n\t\t\t\t\t\t\t\t<\/p>\n<p class=\"excerpt\">Ce documentaire de 53 minutes r\u00e9v\u00e8le comment et par quels biais les pesticides sont partout, car utilis\u00e9s pour produire la nourriture. Comment ils impactent chaque sph\u00e8re de notre quotidien. Plac\u00e9co offre l&rsquo;acc\u00e8s \u00e0 ses adh\u00e9rents.<\/p>\n<p>Cet article premium vous int\u00e9resse ?<\/p>\n<p>Rejoignez nos 1000 adh\u00e9rents<\/p>\n<p>\n\t\t\t\t\t\t\t\t\t\t\t\t\t\tGagnez en visibilit\u00e9 et profitez d\u2019un r\u00e9seau de plusieurs centaines d\u2019adh\u00e9rents.\n\t\t\t\t\t\t\t\t\t\t\t\t\t<\/p>\n","protected":false},"excerpt":{"rendered":"La France est la plus grande consommatrice de pesticides d&rsquo;Europe. Cr\u00e9dit : Ecrans du Monde Ce documentaire de&hellip;\n","protected":false},"author":2,"featured_media":81695,"comment_status":"","ping_status":"","sticky":false,"template":"","format":"standard","meta":{"footnotes":""},"categories":[2817],"tags":[1111,11,1997,1777,674,1011,27,12,2219,5645,25],"class_list":{"0":"post-81694","1":"post","2":"type-post","3":"status-publish","4":"format-standard","5":"has-post-thumbnail","7":"category-bordeaux","8":"tag-actu","9":"tag-actualites","10":"tag-bordeaux","11":"tag-eu","12":"tag-europe","13":"tag-fr","14":"tag-france","15":"tag-news","16":"tag-nouvelle-aquitaine","17":"tag-placco-placeco","18":"tag-republique-francaise"},"share_on_mastodon":{"url":"https:\/\/pubeurope.com\/@fr\/114466227785185158","error":""},"_links":{"self":[{"href":"https:\/\/www.europesays.com\/fr\/wp-json\/wp\/v2\/posts\/81694","targetHints":{"allow":["GET"]}}],"collection":[{"href":"https:\/\/www.europesays.com\/fr\/wp-json\/wp\/v2\/posts"}],"about":[{"href":"https:\/\/www.europesays.com\/fr\/wp-json\/wp\/v2\/types\/post"}],"author":[{"embeddable":true,"href":"https:\/\/www.europesays.com\/fr\/wp-json\/wp\/v2\/users\/2"}],"replies":[{"embeddable":true,"href":"https:\/\/www.europesays.com\/fr\/wp-json\/wp\/v2\/comments?post=81694"}],"version-history":[{"count":0,"href":"https:\/\/www.europesays.com\/fr\/wp-json\/wp\/v2\/posts\/81694\/revisions"}],"wp:featuredmedia":[{"embeddable":true,"href":"https:\/\/www.europesays.com\/fr\/wp-json\/wp\/v2\/media\/81695"}],"wp:attachment":[{"href":"https:\/\/www.europesays.com\/fr\/wp-json\/wp\/v2\/media?parent=81694"}],"wp:term":[{"taxonomy":"category","embeddable":true,"href":"https:\/\/www.europesays.com\/fr\/wp-json\/wp\/v2\/categories?post=81694"},{"taxonomy":"post_tag","embeddable":true,"href":"https:\/\/www.europesays.com\/fr\/wp-json\/wp\/v2\/tags?post=81694"}],"curies":[{"name":"wp","href":"https:\/\/api.w.org\/{rel}","templated":true}]}}