{"id":81696,"date":"2025-05-07T11:06:10","date_gmt":"2025-05-07T11:06:10","guid":{"rendered":"https:\/\/www.europesays.com\/fr\/81696\/"},"modified":"2025-05-07T11:06:10","modified_gmt":"2025-05-07T11:06:10","slug":"une-jeune-femme-de-26-ans-a-trottinette-meurt-dans-une-collision-avec-un-car","status":"publish","type":"post","link":"https:\/\/www.europesays.com\/fr\/81696\/","title":{"rendered":"Une jeune femme de 26 ans \u00e0 trottinette meurt dans une collision avec un car"},"content":{"rendered":"<p><strong>tragique accident &#8211; Les pompiers ont \u00e9t\u00e9 appel\u00e9s peu apr\u00e8s 8 heures pour un accident au croisement de l\u2019avenue Thiers et de la rue Abadie, sur la rive droite bordelaise. Une jeune femme de 26 ans qui circulait en trottinette a \u00e9t\u00e9 mortellement renvers\u00e9e par un bus<\/strong><\/p>\n<p>Juste apr\u00e8s 8 heures, les <a href=\"https:\/\/www.20minutes.fr\/dossier\/pompiers?at_medium=RSS+feed&amp;at_campaign=ynews&amp;utm_source=yahoo&amp;utm_medium=rss&amp;utm_campaign=news_feed&amp;utm_content=in_article_link\" rel=\"nofollow noopener\" target=\"_blank\" data-ylk=\"slk:pompiers;elm:context_link;itc:0;sec:content-canvas\" class=\"link \">pompiers<\/a> ont \u00e9t\u00e9 appel\u00e9s pour un <a href=\"https:\/\/www.20minutes.fr\/dossier\/accident_de_la_route?at_medium=RSS+feed&amp;at_campaign=ynews&amp;utm_source=yahoo&amp;utm_medium=rss&amp;utm_campaign=news_feed&amp;utm_content=in_article_link\" rel=\"nofollow noopener\" target=\"_blank\" data-ylk=\"slk:accident de la route;elm:context_link;itc:0;sec:content-canvas\" class=\"link \">accident de la route <\/a>sur la rive droite de <a href=\"https:\/\/www.20minutes.fr\/bordeaux\/?at_medium=RSS+feed&amp;at_campaign=ynews&amp;utm_source=yahoo&amp;utm_medium=rss&amp;utm_campaign=news_feed&amp;utm_content=in_article_link\" rel=\"nofollow noopener\" target=\"_blank\" data-ylk=\"slk:Bordeaux;elm:context_link;itc:0;sec:content-canvas\" class=\"link \">Bordeaux<\/a>. A l\u2019angle de l\u2019avenue Thiers et de la rue Abadie, une collision a eu lieu entre un bus de la soci\u00e9t\u00e9 Citram, affr\u00e9t\u00e9 par le conseil r\u00e9gional et vide au moment des faits, et une trottinette.<\/p>\n<p>La victime est d\u00e9c\u00e9d\u00e9e sur place<\/p>\n<p>\u00ab\u00a0Lorsqu\u2019on est arriv\u00e9, la pilote de la trottinette \u00e9tait sous le bus, on l\u2019a d\u00e9gag\u00e9e, explique l\u2019officier de communication \u00e0 20 Minutes. On a pratiqu\u00e9 des gestes de r\u00e9animation, mais elle est d\u00e9c\u00e9d\u00e9e.\u00a0\u00bb La victime est une jeune femme de 26 ans, de nationalit\u00e9 fran\u00e7aise. Le chauffeur, \u00e2g\u00e9 de 46 ans, a \u00e9t\u00e9 choqu\u00e9 par l\u2019accident, mais n\u2019a pas \u00e9t\u00e9 hospitalis\u00e9.<\/p>\n<p>La circulation sur la rue Abadie a \u00e9t\u00e9 interrompue sur la voie des bus, le temps de l\u2019intervention des secours.<\/p>\n<p><a href=\"https:\/\/www.20minutes.fr\/bordeaux\/4152242-20250507-bordeaux-jeune-femme-26-ans-trottinette-meurt-collision-car?at_medium=RSS+feed&amp;at_campaign=ynews&amp;utm_source=yahoo&amp;utm_medium=rss&amp;utm_campaign=news_feed&amp;utm_content=read_more_link&quot;\" rel=\"nofollow noopener\" target=\"_blank\" data-ylk=\"slk:Lire la suite sur 20minutes;elm:context_link;itc:0;sec:content-canvas\" class=\"link \">Lire la suite sur 20minutes<\/a><\/p>\n<p>\u00c0 lire aussi :<br \/><a href=\"https:\/\/www.20minutes.fr\/bordeaux\/3244319-20220301-bordeaux-jeune-femme-trottinette-meurt-apres-collision-poids-lourd?at_medium=RSS+feed&amp;at_campaign=ynews&amp;utm_source=yahoo&amp;utm_medium=rss&amp;utm_campaign=news_feed&amp;utm_content=related_content_link\" rel=\"nofollow noopener\" target=\"_blank\" data-ylk=\"slk:Bordeaux\u00a0: Une jeune femme \u00e0 trottinette meurt apr\u00e8s une collision avec un poids lourd;elm:context_link;itc:0;sec:content-canvas\" class=\"link \">Bordeaux\u00a0: Une jeune femme \u00e0 trottinette meurt apr\u00e8s une collision avec un poids lourd<\/a><br \/><a href=\"https:\/\/www.20minutes.fr\/faits_divers\/4071012-20240117-tarn-jeune-17-ans-mobylette-meurt-collision-voiture?at_medium=RSS+feed&amp;at_campaign=ynews&amp;utm_source=yahoo&amp;utm_medium=rss&amp;utm_campaign=news_feed&amp;utm_content=related_content_link\" rel=\"nofollow noopener\" target=\"_blank\" data-ylk=\"slk:Tarn\u00a0: Un jeune de 17 ans \u00e0 mobylette meurt dans une collision avec une voiture;elm:context_link;itc:0;sec:content-canvas\" class=\"link \">Tarn\u00a0: Un jeune de 17 ans \u00e0 mobylette meurt dans une collision avec une voiture<\/a><\/p>\n","protected":false},"excerpt":{"rendered":"tragique accident &#8211; Les pompiers ont \u00e9t\u00e9 appel\u00e9s peu apr\u00e8s 8 heures pour un accident au croisement de&hellip;\n","protected":false},"author":2,"featured_media":81697,"comment_status":"","ping_status":"","sticky":false,"template":"","format":"standard","meta":{"footnotes":""},"categories":[2817],"tags":[18928,4376,1111,11,1997,1777,674,1011,27,17307,12,2219,25,15740],"class_list":{"0":"post-81696","1":"post","2":"type-post","3":"status-publish","4":"format-standard","5":"has-post-thumbnail","7":"category-bordeaux","8":"tag-abadie","9":"tag-accident-de-la-route","10":"tag-actu","11":"tag-actualites","12":"tag-bordeaux","13":"tag-eu","14":"tag-europe","15":"tag-fr","16":"tag-france","17":"tag-jeune-femme","18":"tag-news","19":"tag-nouvelle-aquitaine","20":"tag-republique-francaise","21":"tag-trottinette"},"share_on_mastodon":{"url":"https:\/\/pubeurope.com\/@fr\/114466231698729122","error":""},"_links":{"self":[{"href":"https:\/\/www.europesays.com\/fr\/wp-json\/wp\/v2\/posts\/81696","targetHints":{"allow":["GET"]}}],"collection":[{"href":"https:\/\/www.europesays.com\/fr\/wp-json\/wp\/v2\/posts"}],"about":[{"href":"https:\/\/www.europesays.com\/fr\/wp-json\/wp\/v2\/types\/post"}],"author":[{"embeddable":true,"href":"https:\/\/www.europesays.com\/fr\/wp-json\/wp\/v2\/users\/2"}],"replies":[{"embeddable":true,"href":"https:\/\/www.europesays.com\/fr\/wp-json\/wp\/v2\/comments?post=81696"}],"version-history":[{"count":0,"href":"https:\/\/www.europesays.com\/fr\/wp-json\/wp\/v2\/posts\/81696\/revisions"}],"wp:featuredmedia":[{"embeddable":true,"href":"https:\/\/www.europesays.com\/fr\/wp-json\/wp\/v2\/media\/81697"}],"wp:attachment":[{"href":"https:\/\/www.europesays.com\/fr\/wp-json\/wp\/v2\/media?parent=81696"}],"wp:term":[{"taxonomy":"category","embeddable":true,"href":"https:\/\/www.europesays.com\/fr\/wp-json\/wp\/v2\/categories?post=81696"},{"taxonomy":"post_tag","embeddable":true,"href":"https:\/\/www.europesays.com\/fr\/wp-json\/wp\/v2\/tags?post=81696"}],"curies":[{"name":"wp","href":"https:\/\/api.w.org\/{rel}","templated":true}]}}