{"id":81710,"date":"2025-05-07T11:13:14","date_gmt":"2025-05-07T11:13:14","guid":{"rendered":"https:\/\/www.europesays.com\/fr\/81710\/"},"modified":"2025-05-07T11:13:14","modified_gmt":"2025-05-07T11:13:14","slug":"larrachage-de-collier-tourne-a-lavantage-des-deux-memes","status":"publish","type":"post","link":"https:\/\/www.europesays.com\/fr\/81710\/","title":{"rendered":"l\u2019arrachage de collier tourne \u00e0 l\u2019avantage des \u00abdeux m\u00e9m\u00e9s\u00bb"},"content":{"rendered":"<p>Ce mardi apr\u00e8s-midi, alors qu\u2019elle se promenait avec sa s\u0153ur, Mme Munier, 85 ans, r\u00e9sidente du 6e \u00a0arrondissement de Lyon, a \u00e9t\u00e9 victime d\u2019une tentative de vol \u00e0 l\u2019arrach\u00e9.<\/p>\n<p>\u00ab\u00a0J\u2019ai \u00e9t\u00e9 agress\u00e9e rue Cuvier par un jeune homme, tr\u00e8s grand, maigre. Il m\u2019a demand\u00e9 o\u00f9 \u00e9tait le Rh\u00f4ne, mais apr\u00e8s le lui avoir indiqu\u00e9 il m\u2019a saut\u00e9 dessus. Je m\u2019attendais \u00e0 prendre un coup de couteau.\u00a0\u00bb<\/p>\n<p>  \u00ab\u00a0Il est parti en courant, bredouille\u00a0\u00bb<\/p>\n<p>Son agresseur convoitait plut\u00f4t ce qu\u2019elle portait autour\u00a0: un collier en or.<\/p>\n<p>\u00ab\u00a0Il a tir\u00e9 dessus, et l\u2019a cass\u00e9. Mais comme j\u2019avais un sac dans la main, je l\u2019ai tap\u00e9 \u00e0 la t\u00eate, ma s\u0153ur a fait de m\u00eame, et il a tout l\u00e2ch\u00e9. Autrement dit, j\u2019ai toujours mon collier, et lui n\u2019a rien eu. Il ne devait pas s\u2019attendre \u00e0 ce que deux m\u00e9m\u00e9s ripostent de la sorte\u00a0! Puis il est parti en courant, bredouille.\u00a0\u00bb<\/p>\n<p>Mme Munier n\u2019est pas inqui\u00e8te pour son bijou : \u00ab\u00c7a se r\u00e9pare facilement.\u00a0\u00bb<\/p>\n<p>Au regard du \u00ab\u00a0nombre important de t\u00e9moins\u00a0\u00bb, elle a tout de m\u00eame \u00ab\u00a0fait une d\u00e9claration au commissariat\u00a0\u00bb dans la foul\u00e9e, et note que \u00ab\u00a0le 6e\u00a0 arrondissement n\u2019est pas si calme que \u00e7a, il y a sans arr\u00eat des agressions de ce genre. Les gens se m\u00e9fient.\u00a0\u00bb<\/p>\n","protected":false},"excerpt":{"rendered":"Ce mardi apr\u00e8s-midi, alors qu\u2019elle se promenait avec sa s\u0153ur, Mme Munier, 85 ans, r\u00e9sidente du 6e \u00a0arrondissement&hellip;\n","protected":false},"author":2,"featured_media":81711,"comment_status":"","ping_status":"","sticky":false,"template":"","format":"standard","meta":{"footnotes":""},"categories":[1889],"tags":[1111,11,2430,271,272,2757,1777,674,274,107,1011,27,1757,2428,2756,12,25,2429],"class_list":{"0":"post-81710","1":"post","2":"type-post","3":"status-publish","4":"format-standard","5":"has-post-thumbnail","7":"category-lyon","8":"tag-actu","9":"tag-actualites","10":"tag-auvergne-rhone-alpes","11":"tag-crime","12":"tag-delit-et-contravention","13":"tag-edition-lyon-villeurbanne","14":"tag-eu","15":"tag-europe","16":"tag-faits-divers-justice","17":"tag-fil-info","18":"tag-fr","19":"tag-france","20":"tag-insolite","21":"tag-lyon","22":"tag-lyon-bassin","23":"tag-news","24":"tag-republique-francaise","25":"tag-rhone"},"share_on_mastodon":{"url":"https:\/\/pubeurope.com\/@fr\/114466259330066953","error":""},"_links":{"self":[{"href":"https:\/\/www.europesays.com\/fr\/wp-json\/wp\/v2\/posts\/81710","targetHints":{"allow":["GET"]}}],"collection":[{"href":"https:\/\/www.europesays.com\/fr\/wp-json\/wp\/v2\/posts"}],"about":[{"href":"https:\/\/www.europesays.com\/fr\/wp-json\/wp\/v2\/types\/post"}],"author":[{"embeddable":true,"href":"https:\/\/www.europesays.com\/fr\/wp-json\/wp\/v2\/users\/2"}],"replies":[{"embeddable":true,"href":"https:\/\/www.europesays.com\/fr\/wp-json\/wp\/v2\/comments?post=81710"}],"version-history":[{"count":0,"href":"https:\/\/www.europesays.com\/fr\/wp-json\/wp\/v2\/posts\/81710\/revisions"}],"wp:featuredmedia":[{"embeddable":true,"href":"https:\/\/www.europesays.com\/fr\/wp-json\/wp\/v2\/media\/81711"}],"wp:attachment":[{"href":"https:\/\/www.europesays.com\/fr\/wp-json\/wp\/v2\/media?parent=81710"}],"wp:term":[{"taxonomy":"category","embeddable":true,"href":"https:\/\/www.europesays.com\/fr\/wp-json\/wp\/v2\/categories?post=81710"},{"taxonomy":"post_tag","embeddable":true,"href":"https:\/\/www.europesays.com\/fr\/wp-json\/wp\/v2\/tags?post=81710"}],"curies":[{"name":"wp","href":"https:\/\/api.w.org\/{rel}","templated":true}]}}