{"id":81712,"date":"2025-05-07T11:14:13","date_gmt":"2025-05-07T11:14:13","guid":{"rendered":"https:\/\/www.europesays.com\/fr\/81712\/"},"modified":"2025-05-07T11:14:13","modified_gmt":"2025-05-07T11:14:13","slug":"laurent-wauquiez-coupe-toutes-les-aides-de-la-region-a-luniversite-lyon-2-pour-des-derives-islamo-gauchistes","status":"publish","type":"post","link":"https:\/\/www.europesays.com\/fr\/81712\/","title":{"rendered":"Laurent Wauquiez coupe \u00ab toutes les aides de la r\u00e9gion \u00bb \u00e0 l\u2019Universit\u00e9 Lyon-2 pour \u00ab des d\u00e9rives islamo-gauchistes \u00bb"},"content":{"rendered":"<p><strong>ANNONCE &#8211; Laurent Wauquiez a annonc\u00e9 avoir d\u00e9cid\u00e9 avec le pr\u00e9sident de r\u00e9gion Auvergne-Rh\u00f4ne-Alpes de suspendre toutes les subventions de l\u2019Universit\u00e9 Lyon-2 \u00ab\u00a0tant qu\u2019il n\u2019y aura pas la lumi\u00e8re qui sera faite sur leur d\u00e9rive islamo-gauchiste\u00a0\u00bb<\/strong><\/p>\n<p>\u00ab\u00a0En ce moment, je suis en lutte \u00e0 l\u2019Universit\u00e9 Lyon-2 pour faire reculer <a href=\"https:\/\/www.20minutes.fr\/politique\/2983011-20210222-islamo-gauchisme-definition-floue-tolle-universites-pourquoi-polemique-continue?at_medium=RSS+feed&amp;at_campaign=ynews&amp;utm_source=yahoo&amp;utm_medium=rss&amp;utm_campaign=news_feed&amp;utm_content=in_article_link\" rel=\"nofollow noopener\" target=\"_blank\" data-ylk=\"slk:l\u2019islamo-gauchisme;elm:context_link;itc:0;sec:content-canvas\" class=\"link \">l\u2019islamo-gauchisme<\/a>\u00a0\u00bb, a affirm\u00e9 <a href=\"https:\/\/www.20minutes.fr\/dossier\/laurent_wauquiez?at_medium=RSS+feed&amp;at_campaign=ynews&amp;utm_source=yahoo&amp;utm_medium=rss&amp;utm_campaign=news_feed&amp;utm_content=in_article_link\" rel=\"nofollow noopener\" target=\"_blank\" data-ylk=\"slk:Laurent Wauquiez;elm:context_link;itc:0;sec:content-canvas\" class=\"link \">Laurent Wauquiez<\/a> ce mercredi matin sur CNews-Europe1 en annon\u00e7ant supprimer les \u00ab\u00a0toutes les aides\u00a0\u00bb de la <a href=\"https:\/\/www.20minutes.fr\/lyon\/auvergne-rhone-alpes\/?at_medium=RSS+feed&amp;at_campaign=ynews&amp;utm_source=yahoo&amp;utm_medium=rss&amp;utm_campaign=news_feed&amp;utm_content=in_article_link\" rel=\"nofollow noopener\" target=\"_blank\" data-ylk=\"slk:r\u00e9gion;elm:context_link;itc:0;sec:content-canvas\" class=\"link \">r\u00e9gion <\/a>\u00e0 l\u2019\u00e9tablissement.<\/p>\n<p>\u00ab\u00a0Avec le pr\u00e9sident de la r\u00e9gion nous avons d\u00e9cid\u00e9 de supprimer de toutes les aides de la r\u00e9gion de cette universit\u00e9 tant qu\u2019il n\u2019y aura pas la lumi\u00e8re qui sera faite sur leur d\u00e9rive\u00a0\u00bb, a appuy\u00e9 le d\u00e9put\u00e9 de la Haute-Loire. Celui qui est devenu \u00ab\u00a0conseiller sp\u00e9cial\u00a0\u00bb au conseil r\u00e9gional d\u2019Auvergne-Rh\u00f4ne-Alpes a assur\u00e9 \u00ab\u00a0se battre\u00a0\u00bb pour \u00ab\u00a0imposer une mission d\u2019inspection ind\u00e9pendante\u00a0\u00bb afin de \u00ab\u00a0braquer les projecteurs sur la d\u00e9rive islamogauchiste de cette universit\u00e9\u00a0\u00bb.<\/p>\n<p>Une annonce confirm\u00e9e par le pr\u00e9sident de r\u00e9gion Fabrice Pannekoucke, <a href=\"https:\/\/x.com\/Pannekouckefabr\/status\/1920021108629090633?at_medium=RSS+feed&amp;at_campaign=ynews&amp;utm_source=yahoo&amp;utm_medium=rss&amp;utm_campaign=news_feed&amp;utm_content=in_article_link\" rel=\"nofollow noopener\" target=\"_blank\" data-ylk=\"slk:sur X;elm:context_link;itc:0;sec:content-canvas\" class=\"link \">sur X<\/a>. Il a justifi\u00e9 cette d\u00e9cision de la m\u00eame mani\u00e8re que son coll\u00e8gue qualifiant de \u00ab\u00a0d\u00e9rives inacceptables en c\u00e9dant aux pressions de l\u2019extr\u00eame gauche universitaire\u00a0\u00bb.<\/p>\n<p>Lyon-2 dans la tourmente depuis un mois<\/p>\n<p>L\u2019Universit\u00e9 Lyon-2 est <a href=\"https:\/\/www.20minutes.fr\/societe\/4149665-20250421-universite-lyon-2-comment-activisme-etudiants-propalestiniens-enflamme-extreme-droite-francaise?at_medium=RSS+feed&amp;at_campaign=ynews&amp;utm_source=yahoo&amp;utm_medium=rss&amp;utm_campaign=news_feed&amp;utm_content=in_article_link\" rel=\"nofollow noopener\" target=\"_blank\" data-ylk=\"slk:dans la tourmente depuis l\u2019intrusion, le 1er\u00a0avril;elm:context_link;itc:0;sec:content-canvas\" class=\"link \">dans la tourmente depuis l\u2019intrusion, le 1er\u00a0avril<\/a>, d\u2019un groupe de personnes encagoul\u00e9es lors d\u2019un cours de Fabrice Balanche, sp\u00e9cialiste de l\u2019Irak et de la Syrie. Vivement pris \u00e0 partie par des militants le taxant de \u00ab\u00a0raciste\u00a0\u00bb et \u00ab\u00a0sioniste\u00a0\u00bb, il avait quitt\u00e9 la salle. L\u2019incident a suscit\u00e9 une condamnation unanime et le parquet, saisi par l\u2019universit\u00e9, a ouvert une enqu\u00eate pour \u00ab\u00a0entrave \u00e0 l\u2019exercice de la fonction d\u2019enseignant\u00a0\u00bb.<\/p>\n<p>Depuis Fabrice Balanche a multipli\u00e9 le(&#8230;)<\/p>\n<p><a href=\"https:\/\/www.20minutes.fr\/politique\/4152248-20250507-lyon-laurent-wauquiez-coupe-toutes-aides-region-universite-lyon-2-derives-islamo-gauchistes?at_medium=RSS+feed&amp;at_campaign=ynews&amp;utm_source=yahoo&amp;utm_medium=rss&amp;utm_campaign=news_feed&amp;utm_content=read_more_link&quot;\" rel=\"nofollow noopener\" target=\"_blank\" data-ylk=\"slk:Lire la suite sur 20minutes;elm:context_link;itc:0;sec:content-canvas\" class=\"link \">Lire la suite sur 20minutes<\/a><\/p>\n<p>\u00c0 lire aussi :<br \/><a href=\"https:\/\/www.20minutes.fr\/societe\/4149665-20250421-universite-lyon-2-comment-activisme-etudiants-propalestiniens-enflamme-extreme-droite-francaise?at_medium=RSS+feed&amp;at_campaign=ynews&amp;utm_source=yahoo&amp;utm_medium=rss&amp;utm_campaign=news_feed&amp;utm_content=related_content_link\" rel=\"nofollow noopener\" target=\"_blank\" data-ylk=\"slk:Universit\u00e9 Lyon 2\u00a0: Comment l\u2019activisme d\u2019\u00e9tudiants propalestiniens a enflamm\u00e9 l\u2019extr\u00eame droite fran\u00e7aise;elm:context_link;itc:0;sec:content-canvas\" class=\"link \">Universit\u00e9 Lyon 2\u00a0: Comment l\u2019activisme d\u2019\u00e9tudiants propalestiniens a enflamm\u00e9 l\u2019extr\u00eame droite fran\u00e7aise<\/a><br \/><a href=\"https:\/\/www.20minutes.fr\/politique\/4147858-20250410-surenchere-laurent-wauquiez-oqtf-strategie-vouee-echec?at_medium=RSS+feed&amp;at_campaign=ynews&amp;utm_source=yahoo&amp;utm_medium=rss&amp;utm_campaign=news_feed&amp;utm_content=related_content_link\" rel=\"nofollow noopener\" target=\"_blank\" data-ylk=\"slk:La surench\u00e8re de Laurent Wauquiez sur les OQTF est \u00ab\u00a0une strat\u00e9gie vou\u00e9e \u00e0 l\u2019\u00e9chec\u00a0\u00bb;elm:context_link;itc:0;sec:content-canvas\" class=\"link \">La surench\u00e8re de Laurent Wauquiez sur les OQTF est \u00ab\u00a0une strat\u00e9gie vou\u00e9e \u00e0 l\u2019\u00e9chec\u00a0\u00bb<\/a><\/p>\n","protected":false},"excerpt":{"rendered":"ANNONCE &#8211; Laurent Wauquiez a annonc\u00e9 avoir d\u00e9cid\u00e9 avec le pr\u00e9sident de r\u00e9gion Auvergne-Rh\u00f4ne-Alpes de suspendre toutes les&hellip;\n","protected":false},"author":2,"featured_media":81713,"comment_status":"","ping_status":"","sticky":false,"template":"","format":"standard","meta":{"footnotes":""},"categories":[1889],"tags":[1111,11,2430,1777,674,1011,27,18930,2794,5639,2428,12,25,18929],"class_list":{"0":"post-81712","1":"post","2":"type-post","3":"status-publish","4":"format-standard","5":"has-post-thumbnail","7":"category-lyon","8":"tag-actu","9":"tag-actualites","10":"tag-auvergne-rhone-alpes","11":"tag-eu","12":"tag-europe","13":"tag-fr","14":"tag-france","15":"tag-la-lumiere","16":"tag-la-region","17":"tag-laurent-wauquiez","18":"tag-lyon","19":"tag-news","20":"tag-republique-francaise","21":"tag-universite-lyon"},"share_on_mastodon":{"url":"https:\/\/pubeurope.com\/@fr\/114466263182771571","error":""},"_links":{"self":[{"href":"https:\/\/www.europesays.com\/fr\/wp-json\/wp\/v2\/posts\/81712","targetHints":{"allow":["GET"]}}],"collection":[{"href":"https:\/\/www.europesays.com\/fr\/wp-json\/wp\/v2\/posts"}],"about":[{"href":"https:\/\/www.europesays.com\/fr\/wp-json\/wp\/v2\/types\/post"}],"author":[{"embeddable":true,"href":"https:\/\/www.europesays.com\/fr\/wp-json\/wp\/v2\/users\/2"}],"replies":[{"embeddable":true,"href":"https:\/\/www.europesays.com\/fr\/wp-json\/wp\/v2\/comments?post=81712"}],"version-history":[{"count":0,"href":"https:\/\/www.europesays.com\/fr\/wp-json\/wp\/v2\/posts\/81712\/revisions"}],"wp:featuredmedia":[{"embeddable":true,"href":"https:\/\/www.europesays.com\/fr\/wp-json\/wp\/v2\/media\/81713"}],"wp:attachment":[{"href":"https:\/\/www.europesays.com\/fr\/wp-json\/wp\/v2\/media?parent=81712"}],"wp:term":[{"taxonomy":"category","embeddable":true,"href":"https:\/\/www.europesays.com\/fr\/wp-json\/wp\/v2\/categories?post=81712"},{"taxonomy":"post_tag","embeddable":true,"href":"https:\/\/www.europesays.com\/fr\/wp-json\/wp\/v2\/tags?post=81712"}],"curies":[{"name":"wp","href":"https:\/\/api.w.org\/{rel}","templated":true}]}}