{"id":81714,"date":"2025-05-07T11:15:09","date_gmt":"2025-05-07T11:15:09","guid":{"rendered":"https:\/\/www.europesays.com\/fr\/81714\/"},"modified":"2025-05-07T11:15:09","modified_gmt":"2025-05-07T11:15:09","slug":"ile-de-france-la-plateforme-dindemnisation-pour-les-commercants-ayant-souffert-des-jeux-olympiques-est-ouverte","status":"publish","type":"post","link":"https:\/\/www.europesays.com\/fr\/81714\/","title":{"rendered":"Ile-de-France\u00a0: la plateforme d&rsquo;indemnisation pour les commer\u00e7ants ayant souffert des Jeux olympiques est ouverte"},"content":{"rendered":"\n<p>\u201cAfin de garantir une prise en charge des demandes d\u2019indemnisation, les services de l\u2019\u00c9tat ont mis en place un site unique de d\u00e9marches simplifi\u00e9es\u201d, indique le communiqu\u00e9.<\/p>\n<p>Le site est accessible \u00e0 l\u2019adresse https:\/\/www.demarches-simplifiees.fr\/commencer\/demande-d-indemnisation-jop-paris-2024.<\/p>\n<p>\u201cLes services de l\u2019Etat comp\u00e9tents examineront les demandes pr\u00e9sent\u00e9es par les professionnels qui concernent directement les mesures de restriction et d\u2019interdiction qu\u2019ils ont prises et les transmettront\u201d \u00e0 la commission d\u2019indemnisation cr\u00e9\u00e9e par le gouvernement \u201cavec une proposition de r\u00e9ponse\u201d.<\/p>\n<p>Cette commission, pr\u00e9sid\u00e9e par Dominique Laurent, conseill\u00e8re d\u2019\u00c9tat honoraire et ancienne pr\u00e9sidente de l\u2019Agence fran\u00e7aise antidopage (AFLD), est compos\u00e9e d\u2019un repr\u00e9sentant du secteur professionnel concern\u00e9 et d\u2019un repr\u00e9sentant de l\u2019administration, pr\u00e9cise le communiqu\u00e9.<\/p>\n<p>Fin mars, quatre f\u00e9d\u00e9rations repr\u00e9sentant restaurateurs et caf\u00e9s parisiens avaient d\u00e9plor\u00e9 le manque d\u2019action de cette commission d\u2019indemnisation, remettant en cause son existence.<\/p>\n<p>\u201cNous avons \u00e9t\u00e9 entendus. Nous allons d\u00e9sormais regarder de tr\u00e8s pr\u00e8s le formulaire en question afin de voir s\u2019il r\u00e9pond \u00e0 nos besoins\u201d, a comment\u00e9 aupr\u00e8s de l\u2019AFP Pascal Mousset, pr\u00e9sident du GHR Paris-IDF, l\u2019une de ces f\u00e9d\u00e9rations.<\/p>\n<p>\u201cNous suivrons le dossier de pr\u00e8s\u201d, a abond\u00e9 sur X Frank Delvau, de l\u2019Umih Paris IDF, autre f\u00e9d\u00e9ration qui s\u2019\u00e9tait inqui\u00e9t\u00e9e.<\/p>\n<p>Dans leur communiqu\u00e9, la pr\u00e9fecture d\u2019\u00cele-de-France et Paris et la pr\u00e9fecture de police pr\u00e9cisent que la commission \u201caura pour mission d\u2019\u00e9mettre un avis \u00e9clair\u00e9 sur chaque demande, avant que les administrations comp\u00e9tentes ne statuent sur l\u2019\u00e9ventuelle indemnisation des demandeurs\u201d.<\/p>\n<p>A l\u2019occasion des Jeux olympiques l\u2019\u00e9t\u00e9 dernier, la pr\u00e9fecture de police avait pris des mesures de restriction ou d\u2019interdiction d\u2019acc\u00e8s aux sites, zones ou voies inclus dans des p\u00e9rim\u00e8tres de s\u00e9curit\u00e9, affectant l\u2019activit\u00e9 des \u00e9tablissements situ\u00e9s dans ces zones, certains ayant d\u00fb baisser le rideau.<\/p>\n<p>De son c\u00f4t\u00e9 la pr\u00e9fecture de r\u00e9gion avait pris des arr\u00eat\u00e9s d\u2019interruption de navigation dans le cadre de la pr\u00e9paration de la c\u00e9r\u00e9monie d\u2019ouverture et pour la tenue \u00a0des \u00e9preuves sur la Seine, telles que le triathlon et la nage en eau libre, ce qui avait notamment affect\u00e9 l\u2019activit\u00e9 des c\u00e9r\u00e9aliers.<\/p>\n<p>Lire aussi :<\/p><\/p>\n","protected":false},"excerpt":{"rendered":"\u201cAfin de garantir une prise en charge des demandes d\u2019indemnisation, les services de l\u2019\u00c9tat ont mis en place&hellip;\n","protected":false},"author":2,"featured_media":81715,"comment_status":"","ping_status":"","sticky":false,"template":"","format":"standard","meta":{"footnotes":""},"categories":[1592],"tags":[1111,11,215,257,1777,674,1011,27,662,3996,12,626,18931,25,1858],"class_list":{"0":"post-81714","1":"post","2":"type-post","3":"status-publish","4":"format-standard","5":"has-post-thumbnail","7":"category-ile-de-france","8":"tag-actu","9":"tag-actualites","10":"tag-commerce","11":"tag-entreprise","12":"tag-eu","13":"tag-europe","14":"tag-fr","15":"tag-france","16":"tag-ile-de-france","17":"tag-jeux-olympiques","18":"tag-news","19":"tag-paris","20":"tag-plateforme","21":"tag-republique-francaise","22":"tag-services"},"share_on_mastodon":{"url":"https:\/\/pubeurope.com\/@fr\/114466267184590279","error":""},"_links":{"self":[{"href":"https:\/\/www.europesays.com\/fr\/wp-json\/wp\/v2\/posts\/81714","targetHints":{"allow":["GET"]}}],"collection":[{"href":"https:\/\/www.europesays.com\/fr\/wp-json\/wp\/v2\/posts"}],"about":[{"href":"https:\/\/www.europesays.com\/fr\/wp-json\/wp\/v2\/types\/post"}],"author":[{"embeddable":true,"href":"https:\/\/www.europesays.com\/fr\/wp-json\/wp\/v2\/users\/2"}],"replies":[{"embeddable":true,"href":"https:\/\/www.europesays.com\/fr\/wp-json\/wp\/v2\/comments?post=81714"}],"version-history":[{"count":0,"href":"https:\/\/www.europesays.com\/fr\/wp-json\/wp\/v2\/posts\/81714\/revisions"}],"wp:featuredmedia":[{"embeddable":true,"href":"https:\/\/www.europesays.com\/fr\/wp-json\/wp\/v2\/media\/81715"}],"wp:attachment":[{"href":"https:\/\/www.europesays.com\/fr\/wp-json\/wp\/v2\/media?parent=81714"}],"wp:term":[{"taxonomy":"category","embeddable":true,"href":"https:\/\/www.europesays.com\/fr\/wp-json\/wp\/v2\/categories?post=81714"},{"taxonomy":"post_tag","embeddable":true,"href":"https:\/\/www.europesays.com\/fr\/wp-json\/wp\/v2\/tags?post=81714"}],"curies":[{"name":"wp","href":"https:\/\/api.w.org\/{rel}","templated":true}]}}