{"id":81724,"date":"2025-05-07T11:20:09","date_gmt":"2025-05-07T11:20:09","guid":{"rendered":"https:\/\/www.europesays.com\/fr\/81724\/"},"modified":"2025-05-07T11:20:09","modified_gmt":"2025-05-07T11:20:09","slug":"en-direct-psg-arsenal-cest-le-grand-jour-pour-paris-si-pres-dune-deuxieme-finale-de-ligue-des-champions-suivez-la-demie-retour-avec-nous","status":"publish","type":"post","link":"https:\/\/www.europesays.com\/fr\/81724\/","title":{"rendered":"EN DIRECT\u00a0PSG &#8211; Arsenal\u00a0: C\u2019est le grand jour pour Paris, si pr\u00e8s d\u2019une deuxi\u00e8me finale de Ligue des champions\u2026 Suivez la demie retour avec nous\u2026"},"content":{"rendered":"<p>Salut les Minutos, nous voil\u00e0 lanc\u00e9s dans une journ\u00e9e excitante \u00e0 souhait dont la destination finale est connue\u00a0: l\u2019Allianz Arena de Munich le 31\u00a0mai pour la finale de la Ligue des champions. Car oui, les fiascos en pagaille de l\u2019\u00e8re QSI semblent loin\u00a0: ce <a href=\"https:\/\/www.20minutes.fr\/sport\/psg\/\" class=\"color-ultramarine c-link\" target=\"_blank\" rel=\"noopener\">PSG<\/a> de <a href=\"https:\/\/www.20minutes.fr\/dossier\/luis_enrique\" class=\"color-ultramarine c-link\" target=\"_blank\" rel=\"noopener\">Luis Enrique<\/a> est vraiment b\u00e2ti pour aller au bout cette ann\u00e9e, comme l\u2019a prouv\u00e9 la demi-finale aller tout en ma\u00eetrise \u00e0 Londres la semaine pass\u00e9e (0-1).<\/p>\n<p>Alors oui, le leader offensif <a href=\"https:\/\/www.20minutes.fr\/sport\/ousmane-dembele\/\" class=\"color-ultramarine c-link\" target=\"_blank\" rel=\"noopener\">Ousmane Demb\u00e9l\u00e9<\/a>, buteur \u00e0 l\u2019Emirates Stadium, est incertain (blessure aux ischios) pour ce choc retour face \u00e0 <a href=\"https:\/\/www.20minutes.fr\/sport\/arsenal\/\" class=\"color-ultramarine c-link\" target=\"_blank\" rel=\"noopener\">Arsenal<\/a> ce soir. Mais le collectif parisien semble cette fois \u00eatre costaud \u00e0 souhait, et tout proche de disputer la deuxi\u00e8me finale de C1 dans l\u2019histoire du club depuis celle de\u00a02020 \u00e0 Lisbonne (0-1 contre le Bayern). On va vibrer toute cette journ\u00e9e, soyez-en certain, tant les Gunners n\u2019ont pas dit leur dernier mot. <\/p>\n<p>&gt;&gt; Rejoignez-nous par ici d\u00e8s 15 heures pour ne rien manquer de l\u2019avant-match. Et puis on encha\u00eenera \u00e9videmment avec cette demi-finale retour de C1 qui d\u00e9butera \u00e0 21 heures.<\/p>\n","protected":false},"excerpt":{"rendered":"Salut les Minutos, nous voil\u00e0 lanc\u00e9s dans une journ\u00e9e excitante \u00e0 souhait dont la destination finale est connue\u00a0:&hellip;\n","protected":false},"author":2,"featured_media":81725,"comment_status":"","ping_status":"","sticky":false,"template":"","format":"standard","meta":{"footnotes":""},"categories":[1888],"tags":[11,5357,1777,674,63,1011,27,662,447,921,12,2782,626,2332,25,517],"class_list":{"0":"post-81724","1":"post","2":"type-post","3":"status-publish","4":"format-standard","5":"has-post-thumbnail","7":"category-paris","8":"tag-actualites","9":"tag-arsenal","10":"tag-eu","11":"tag-europe","12":"tag-football","13":"tag-fr","14":"tag-france","15":"tag-ile-de-france","16":"tag-ligue-des-champions","17":"tag-luis-enrique","18":"tag-news","19":"tag-ousmane-dembele","20":"tag-paris","21":"tag-paris-saint-germain-psg","22":"tag-republique-francaise","23":"tag-sport"},"share_on_mastodon":{"url":"https:\/\/pubeurope.com\/@fr\/114466286716514834","error":""},"_links":{"self":[{"href":"https:\/\/www.europesays.com\/fr\/wp-json\/wp\/v2\/posts\/81724","targetHints":{"allow":["GET"]}}],"collection":[{"href":"https:\/\/www.europesays.com\/fr\/wp-json\/wp\/v2\/posts"}],"about":[{"href":"https:\/\/www.europesays.com\/fr\/wp-json\/wp\/v2\/types\/post"}],"author":[{"embeddable":true,"href":"https:\/\/www.europesays.com\/fr\/wp-json\/wp\/v2\/users\/2"}],"replies":[{"embeddable":true,"href":"https:\/\/www.europesays.com\/fr\/wp-json\/wp\/v2\/comments?post=81724"}],"version-history":[{"count":0,"href":"https:\/\/www.europesays.com\/fr\/wp-json\/wp\/v2\/posts\/81724\/revisions"}],"wp:featuredmedia":[{"embeddable":true,"href":"https:\/\/www.europesays.com\/fr\/wp-json\/wp\/v2\/media\/81725"}],"wp:attachment":[{"href":"https:\/\/www.europesays.com\/fr\/wp-json\/wp\/v2\/media?parent=81724"}],"wp:term":[{"taxonomy":"category","embeddable":true,"href":"https:\/\/www.europesays.com\/fr\/wp-json\/wp\/v2\/categories?post=81724"},{"taxonomy":"post_tag","embeddable":true,"href":"https:\/\/www.europesays.com\/fr\/wp-json\/wp\/v2\/tags?post=81724"}],"curies":[{"name":"wp","href":"https:\/\/api.w.org\/{rel}","templated":true}]}}