{"id":81726,"date":"2025-05-07T11:21:08","date_gmt":"2025-05-07T11:21:08","guid":{"rendered":"https:\/\/www.europesays.com\/fr\/81726\/"},"modified":"2025-05-07T11:21:08","modified_gmt":"2025-05-07T11:21:08","slug":"ces-futurs-diplomates-au-coeur-de-la-fabrique-russe-de-fausses-informations","status":"publish","type":"post","link":"https:\/\/www.europesays.com\/fr\/81726\/","title":{"rendered":"Ces \u201cfuturs diplomates\u201d au c\u0153ur de la fabrique russe de fausses informations"},"content":{"rendered":"\n<p>Notrepays.today, allons-y.social, lesfronti\u00e8res.media, levinaigre\u2026 Ces sites, \u00e0 l\u2019apparence de portails d\u2019actualit\u00e9 g\u00e9n\u00e9raliste, publient en fran\u00e7ais des articles accusant \u201cEmmanuel Macron de pousser la France vers la guerre\u201d, glorifiant les \u201cvaleurs russes\u201d, d\u00e9non\u00e7ant la \u201cdestruction de l\u2019\u00e9conomie fran\u00e7aise \u00e0 cause de la guerre en Ukraine\u201d ou sapant la confiance dans les institutions europ\u00e9ennes.<\/p>\n<p>Derri\u00e8re ces vitrines num\u00e9riques, souvent h\u00e9berg\u00e9es sous des noms de domaine en\u00a0.su, vestige num\u00e9rique de l\u2019URSS, se cache une campagne de d\u00e9sinformation bien orchestr\u00e9e, baptis\u00e9e \u201cDoppelg\u00e4nger\u201d, pilot\u00e9e par l\u2019administration pr\u00e9sidentielle russe et r\u00e9v\u00e9l\u00e9e en septembre\u00a02022. Apr\u00e8s le d\u00e9but de la guerre en Ukraine, face aux sanctions et au blocage des cha\u00eenes russes \u00e0 l\u2019\u00e9tranger, Moscou a introduit cette nouvelle strat\u00e9gie.<\/p>\n<p>Document\u00e9e notamment par le site d\u2019investigation russe <a class=\"ithalc\" data-ithal=\"lien_externe\" data-ithalc=\"[nav_article]\" target=\"_blank\" href=\"https:\/\/dossier.center\/fake-fabric\/\" rel=\"noopener\"><strong>Dossier Center<\/strong><\/a><strong>,<\/strong> <a class=\"ithalc\" data-ithal=\"lien_externe\" data-ithalc=\"[nav_article]\" target=\"_blank\" href=\"https:\/\/correctiv.org\/en\/fact-checking-en\/2024\/11\/15\/doppelganger-correctiv-investigations-bring-russian-propaganda-campaign-to-a-halt\/\" rel=\"noopener\"><strong>Correctiv<\/strong><\/a><strong> <\/strong>ou encore la <a class=\"ithalc\" data-ithal=\"lien_externe\" data-ithalc=\"[nav_article]\" target=\"_blank\" href=\"https:\/\/www.sueddeutsche.de\/kultur\/naomi-klein-doppelgaenger-rezension-lux.4d4dU3j6b1nV5ioqEyjske?reduced=true\" rel=\"noopener\"><strong>S\u00fcddeutsche Zeitung<\/strong><\/a><strong>,<\/strong> l\u2019op\u00e9ration consiste \u00e0 cr\u00e9er de faux sites imitant des m\u00e9dias occidentaux cr\u00e9dibles. Ces sites en fran\u00e7ais, en allemand, en italien ou en polonais sont aliment\u00e9s par les \u00e9tudiants de l\u2019Institut d\u2019\u00c9tat des relations internationales de Moscou aupr\u00e8s du minist\u00e8re des Affaires \u00e9trang\u00e8res de la F\u00e9d\u00e9ration de R<\/p>\n","protected":false},"excerpt":{"rendered":"Notrepays.today, allons-y.social, lesfronti\u00e8res.media, levinaigre\u2026 Ces sites, \u00e0 l\u2019apparence de portails d\u2019actualit\u00e9 g\u00e9n\u00e9raliste, publient en fran\u00e7ais des articles accusant&hellip;\n","protected":false},"author":2,"featured_media":81727,"comment_status":"","ping_status":"","sticky":false,"template":"","format":"standard","meta":{"footnotes":""},"categories":[1591],"tags":[11,674,842,1887,1892,2533,12,10512,1885,1886,132],"class_list":{"0":"post-81726","1":"post","2":"type-post","3":"status-publish","4":"format-standard","5":"has-post-thumbnail","7":"category-russie","8":"tag-actualites","9":"tag-europe","10":"tag-fake-news","11":"tag-federation-de-russie","12":"tag-gu00e9opolitique","13":"tag-mu00e9dias","14":"tag-news","15":"tag-propagande","16":"tag-russia","17":"tag-russian-federation","18":"tag-russie"},"share_on_mastodon":{"url":"https:\/\/pubeurope.com\/@fr\/114466290626557734","error":""},"_links":{"self":[{"href":"https:\/\/www.europesays.com\/fr\/wp-json\/wp\/v2\/posts\/81726","targetHints":{"allow":["GET"]}}],"collection":[{"href":"https:\/\/www.europesays.com\/fr\/wp-json\/wp\/v2\/posts"}],"about":[{"href":"https:\/\/www.europesays.com\/fr\/wp-json\/wp\/v2\/types\/post"}],"author":[{"embeddable":true,"href":"https:\/\/www.europesays.com\/fr\/wp-json\/wp\/v2\/users\/2"}],"replies":[{"embeddable":true,"href":"https:\/\/www.europesays.com\/fr\/wp-json\/wp\/v2\/comments?post=81726"}],"version-history":[{"count":0,"href":"https:\/\/www.europesays.com\/fr\/wp-json\/wp\/v2\/posts\/81726\/revisions"}],"wp:featuredmedia":[{"embeddable":true,"href":"https:\/\/www.europesays.com\/fr\/wp-json\/wp\/v2\/media\/81727"}],"wp:attachment":[{"href":"https:\/\/www.europesays.com\/fr\/wp-json\/wp\/v2\/media?parent=81726"}],"wp:term":[{"taxonomy":"category","embeddable":true,"href":"https:\/\/www.europesays.com\/fr\/wp-json\/wp\/v2\/categories?post=81726"},{"taxonomy":"post_tag","embeddable":true,"href":"https:\/\/www.europesays.com\/fr\/wp-json\/wp\/v2\/tags?post=81726"}],"curies":[{"name":"wp","href":"https:\/\/api.w.org\/{rel}","templated":true}]}}