{"id":81728,"date":"2025-05-07T11:22:08","date_gmt":"2025-05-07T11:22:08","guid":{"rendered":"https:\/\/www.europesays.com\/fr\/81728\/"},"modified":"2025-05-07T11:22:08","modified_gmt":"2025-05-07T11:22:08","slug":"pendant-que-les-americains-renoncent-le-president-macron-prend-les-renes-du-soutien-europeen-a-lukraine","status":"publish","type":"post","link":"https:\/\/www.europesays.com\/fr\/81728\/","title":{"rendered":"\u00abPendant que les Am\u00e9ricains renoncent, le pr\u00e9sident Macron prend les r\u00eanes du soutien europ\u00e9en \u00e0 l\u2019Ukraine\u00bb"},"content":{"rendered":"<p><strong>FIGAROVOX\/TRIBUNE &#8211;<\/strong> Le r\u00e9cent retrait am\u00e9ricain du conflit russo-ukrainien, au lendemain d\u2019un accord pourtant encourageant sur les minerais, contraste avec l\u2019engagement europ\u00e9en d\u2019Emmanuel Macron pour une paix fond\u00e9e sur un soutien ferme \u00e0 Kiev, salue l\u2019ancien ministre russe Alexander Temerko.<\/p>\n<p class=\"fig-paragraph\">Alexander Temerko est un entrepreneur anglo-ukrainien, ancien ministre de la D\u00e9fense russe sous Boris Eltsine.<\/p>\n<p class=\"fig-paragraph\">L\u2019<a href=\"http:\/\/www.lefigaro.fr\/l-ukraine-s-attend-a-signer-ce-mercredi-l-accord-sur-les-minerais-avec-washington-20250430\" target=\"_blank\" data-fig-type=\"NewsFlash\" rel=\"noopener\" data-gtm-custom-categorie=\"navigation\" data-gtm-custom-action=\"crossclick\" data-gtm-custom-label=\"Contextuel\" data-gtm-event=\"customEventSPE\" data-fig-domain=\"LEFIGARO\">accord am\u00e9ricano-ukrainien<\/a>\u00a0sur les min\u00e9raux du 30 avril \u00e0 peine sign\u00e9, les \u00c9tats-Unis ont annonc\u00e9 d\u00e8s le 1er mai leur intention de \u00ab changer de cap\u00a0\u00bb en renon\u00e7ant \u00e0 tout r\u00f4le de m\u00e9diation dans le conflit russo-ukrainien, appelant les deux parties \u00e0 pr\u00e9senter leurs id\u00e9es pour mettre fin \u00e0 la guerre. Le vice-pr\u00e9sident Vance l\u2019a explicit\u00e9 le m\u00eame jour sur Fox News : \u00ab Il appartiendra aux Russes et aux Ukrainiens, maintenant que chaque partie conna\u00eet les conditions de paix de l\u2019autre, de trouver un accord et de mettre fin \u00e0 ce conflit brutal\u00a0\u00bb. Ce repli envoie un signal inqui\u00e9tant, la bouderie y tenant lieu de strat\u00e9gie.<\/p>\n<p class=\"fig-paragraph\">Je ne suis malheureusement pas surpris\u00a0: depuis janvier, j\u2019ai essay\u00e9 d\u2019aider la nouvelle administration am\u00e9ricaine, en offrant mon expertise, ma compr\u00e9hension de l\u2019Ukraine et mes avertissements sur les risques d\u2019un processus de paix malavis\u00e9. J\u2019\u00e9tais pr\u00e9sent lors de l\u2019investiture du\u00a0<a href=\"http:\/\/www.lefigaro.fr\/international\/pourquoi-donald-trump-veut-rouvrir-alcatraz-la-prison-dont-on-ne-s-echappe-pas-20250505\" target=\"_blank\" data-fig-type=\"Article\" rel=\"noopener\" data-gtm-custom-categorie=\"navigation\" data-gtm-custom-action=\"crossclick\" data-gtm-custom-label=\"Contextuel\" data-gtm-event=\"customEventSPE\" data-fig-domain=\"LEFIGARO\">pr\u00e9sident Trump<\/a>, et j\u2019ai travaill\u00e9 sans rel\u00e2che pour soutenir ceux qui, au sein de l\u2019administration, ont encore une vision claire de la situation en Ukraine. Mais les progr\u00e8s ont \u00e9t\u00e9 imperceptibles. Malgr\u00e9 les discours, trop de personnes \u00e0 Washington semblent anim\u00e9es par des instincts ou des int\u00e9r\u00eats qui vont \u00e0 l\u2019encontre d\u2019une paix juste et durable.<\/p>\n<p class=\"fig-paragraph\">Certains, les \u00ab activistes\u00a0\u00bb, pr\u00f4nent la paix avec la Russie \u00e0 tout prix, m\u00eame si cela implique de compromettre la souverainet\u00e9 de l\u2019Ukraine. Pour eux, l\u2019amiti\u00e9 avec Moscou est plus importante que la justice pour Kiev. Trump lui-m\u00eame se contente d\u2019appeler \u00e0 la paix, m\u00fb par l\u2019instinct et le calcul. Mais il y a aussi les \u00ab r\u00e9alistes\u00a0\u00bb qui reconnaissent qu\u2019une paix r\u00e9elle ne peut \u00eatre obtenue par l\u2019apaisement, mais seulement en renfor\u00e7ant la position de l\u2019Ukraine et en veillant \u00e0 ce qu\u2019elle ne puisse plus \u00eatre menac\u00e9e.<\/p>\n<p class=\"fig-paragraph\">Eu Europe, ce camp \u00ab r\u00e9aliste\u00a0\u00bb a d\u00e9sormais un leader incontestable en la personne du pr\u00e9sident\u00a0<a href=\"http:\/\/www.lefigaro.fr\/international\/ukraine-dissuasion-nucleaire-depenses-militaires-les-pistes-d-emmanuel-macron-pour-pousser-le-reveil-europeen-20250302\" target=\"_blank\" data-fig-type=\"Article\" rel=\"noopener\" data-gtm-custom-categorie=\"navigation\" data-gtm-custom-action=\"crossclick\" data-gtm-custom-label=\"Contextuel\" data-gtm-event=\"customEventSPE\" data-fig-domain=\"LEFIGARO\">Emmanuel Macron<\/a>. Il exprime une vision plus strat\u00e9gique en r\u00e9futant les concessions et en apportant un soutien\u00a0: \u00e9changes commerciaux, investissements, syst\u00e8mes financiers, aide militaire et mat\u00e9rielle. Dans cette vision, la paix ne repose pas sur l\u2019espoir, mais sur la force.<\/p>\n<blockquote class=\"fig-quote&#10;    \">\n<p class=\"fig-quote__text\">La priorit\u00e9 doit aller \u00e0 l\u2019obtention d\u2019un cessez-le-feu gr\u00e2ce \u00e0 une pression accrue sur la Russie, \u00e0 travers de nouvelles sanctions \u00e9conomiques et un effort europ\u00e9en de soutien en armes et munitions \u00e0 l\u2019Ukraine<\/p>\n<p>            Alexander Temerko\n    <\/p><\/blockquote>\n<p class=\"fig-paragraph\">J\u2019aime l\u2019Ukraine, c\u2019est ma patrie. Je connais les Ukrainiens, j\u2019ai pr\u00e9serv\u00e9 l\u2019identit\u00e9 ukrainienne, la langue, la libert\u00e9 profond\u00e9ment enracin\u00e9e et le sens de la compassion. Je comprends la Russie\u00a0: j\u2019y ai fait une brillante carri\u00e8re, j\u2019ai compris comment fonctionne le pouvoir, ce que signifie une v\u00e9ritable influence sur les gens et les \u00e9v\u00e9nements, ce qu\u2019est l\u2019esprit imp\u00e9rial russe, ce que signifie moralement l\u2019Union sovi\u00e9tique pour la Russie moderne et les Russes. J\u2019ai beaucoup travaill\u00e9 avec\u00a0<a href=\"http:\/\/www.lefigaro.fr\/international\/guerre-en-ukraine-entre-neutralite-affichee-et-soutien-indirect-a-la-russie-le-double-jeu-permanent-de-la-chine-20250408\" target=\"_blank\" data-fig-type=\"Article\" rel=\"noopener\" data-gtm-custom-categorie=\"navigation\" data-gtm-custom-action=\"crossclick\" data-gtm-custom-label=\"Contextuel\" data-gtm-event=\"customEventSPE\" data-fig-domain=\"LEFIGARO\">le \u00ab grand voisin\u00a0\u00bb, la Chine<\/a>. J\u2019ai ensuite lutt\u00e9 contre la collusion de gangsters et d\u2019agents des services secrets qui se sont empar\u00e9s du pouvoir en Russie sous la houlette de Vladimir Poutine. D\u00e9sormais britannique, j\u2019ai encourag\u00e9 mon gouvernement \u00e0 soutenir l\u2019Ukraine par tous les moyens \u00e0 sa disposition.<\/p>\n<p class=\"fig-paragraph\">Regardons la v\u00e9rit\u00e9 en face. Premi\u00e8rement, l\u2019Ukraine n\u2019acceptera pas de c\u00e9der les territoires captur\u00e9s et la Russie ne peut simplement pas renoncer \u00e0 ce qu\u2019elle a pris. Deuxi\u00e8mement, avec un million de personnes tu\u00e9es ou bless\u00e9es, des maisons et des familles d\u00e9truites, des personnes tortur\u00e9es, aucun trait\u00e9 de paix sign\u00e9 par cette g\u00e9n\u00e9ration n\u2019aurait la moindre valeur. Par cons\u00e9quent, il ne sert \u00e0 rien de poursuivre une chim\u00e8re. La solution sera n\u00e9cessairement complexe et de long terme\u00a0: la priorit\u00e9 doit aller \u00e0 l\u2019obtention d\u2019un cessez-le-feu gr\u00e2ce \u00e0 une pression accrue sur la Russie, \u00e0 travers de nouvelles sanctions \u00e9conomiques et un effort europ\u00e9en de soutien en armes et munitions \u00e0 l\u2019Ukraine.<\/p>\n<p class=\"fig-body-link\">\n            \u00c0 lire aussi<br \/>\n        <a class=\"fig-body-link__link fig-premium-mark\" href=\"http:\/\/www.lefigaro.fr\/international\/les-drones-navals-ukrainiens-menacent-desormais-l-aviation-russe-20250505\" target=\"_blank\" data-fig-type=\"Article\" rel=\"noopener\" data-gtm-custom-categorie=\"navigation\" data-gtm-custom-action=\"crossclick\" data-gtm-custom-label=\"Contextuel\" data-gtm-event=\"customEventSPE\" data-fig-domain=\"LEFIGARO\">Les drones navals ukrainiens menacent d\u00e9sormais l\u2019aviation russe<br \/>\n    <\/a>\n<\/p>\n<p class=\"fig-paragraph\">L\u2019\u00e9conomie russe est vuln\u00e9rable et son orientation militariste actuelle n\u2019est pas soutenable. Ensuite, des \u00e9lections en Ukraine et la constitution d\u2019un gouvernement d\u2019unit\u00e9 nationale prendront acte de cette situation nouvelle sans renoncer aux territoires perdus ainsi que le montrent de nombreux pr\u00e9c\u00e9dents historiques avec deux Allemagnes, deux Cor\u00e9es, deux Chypres, des conflits gel\u00e9s multiples comme entre la Russie et la Japon ou entre la Chine et Ta\u00efwan. Enfin, il nous faudra attendre que le temps fasse son \u0153uvre, au premier chef avec le d\u00e9c\u00e8s de\u00a0<a href=\"http:\/\/www.lefigaro.fr\/international\/quand-la-television-russe-entrouvre-le-frigidaire-de-vladimir-poutine-20250504\" target=\"_blank\" data-fig-type=\"Article\" rel=\"noopener\" data-gtm-custom-categorie=\"navigation\" data-gtm-custom-action=\"crossclick\" data-gtm-custom-label=\"Contextuel\" data-gtm-event=\"customEventSPE\" data-fig-domain=\"LEFIGARO\">Vladimir Poutine<\/a>\u00a0qui aura d\u00e9j\u00e0 73 ans en 2025\u00a0: l\u2019effondrement de ce r\u00e9gime et l\u2019aspiration au changement de la population russe constitueront alors le meilleur espoir de r\u00e9unification de l\u2019Ukraine.<\/p>\n<p class=\"fig-paragraph\">Cette orientation implique constance et fermet\u00e9 au service d\u2019un engagement europ\u00e9en de long terme sur les plans militaire et \u00e9conomique. Le pr\u00e9sident Macron a pris les r\u00eanes du leadership europ\u00e9en en faveur de l\u2019Ukraine, offrant \u00e0 la France de s\u2019imposer \u00e0 nouveau comme une boussole morale et strat\u00e9gique en Occident. Il honore l\u2019h\u00e9ritage d\u2019une Europe qui se souvient de ses propres le\u00e7ons sanglantes et ose croire en un avenir o\u00f9 la justice et la paix ne sont pas des contradictions, mais des compagnons.<\/p>\n","protected":false},"excerpt":{"rendered":"FIGAROVOX\/TRIBUNE &#8211; Le r\u00e9cent retrait am\u00e9ricain du conflit russo-ukrainien, au lendemain d\u2019un accord pourtant encourageant sur les minerais,&hellip;\n","protected":false},"author":2,"featured_media":81729,"comment_status":"","ping_status":"","sticky":false,"template":"","format":"standard","meta":{"footnotes":""},"categories":[1590],"tags":[11,1428,1292,2198,2197,1073,73,1777,674,1429,131,14,12,1427,1426,220],"class_list":{"0":"post-81728","1":"post","2":"type-post","3":"status-publish","4":"format-standard","5":"has-post-thumbnail","7":"category-ukraine","8":"tag-actualites","9":"tag-chroniqueurs","10":"tag-debat","11":"tag-debat-monde","12":"tag-debats-international","13":"tag-emmanuel-macron","14":"tag-etats-unis","15":"tag-eu","16":"tag-europe","17":"tag-figarovox","18":"tag-guerre-en-ukraine","19":"tag-international","20":"tag-news","21":"tag-opinions","22":"tag-questions","23":"tag-ukraine"},"share_on_mastodon":{"url":"https:\/\/pubeurope.com\/@fr\/114466295097339423","error":""},"_links":{"self":[{"href":"https:\/\/www.europesays.com\/fr\/wp-json\/wp\/v2\/posts\/81728","targetHints":{"allow":["GET"]}}],"collection":[{"href":"https:\/\/www.europesays.com\/fr\/wp-json\/wp\/v2\/posts"}],"about":[{"href":"https:\/\/www.europesays.com\/fr\/wp-json\/wp\/v2\/types\/post"}],"author":[{"embeddable":true,"href":"https:\/\/www.europesays.com\/fr\/wp-json\/wp\/v2\/users\/2"}],"replies":[{"embeddable":true,"href":"https:\/\/www.europesays.com\/fr\/wp-json\/wp\/v2\/comments?post=81728"}],"version-history":[{"count":0,"href":"https:\/\/www.europesays.com\/fr\/wp-json\/wp\/v2\/posts\/81728\/revisions"}],"wp:featuredmedia":[{"embeddable":true,"href":"https:\/\/www.europesays.com\/fr\/wp-json\/wp\/v2\/media\/81729"}],"wp:attachment":[{"href":"https:\/\/www.europesays.com\/fr\/wp-json\/wp\/v2\/media?parent=81728"}],"wp:term":[{"taxonomy":"category","embeddable":true,"href":"https:\/\/www.europesays.com\/fr\/wp-json\/wp\/v2\/categories?post=81728"},{"taxonomy":"post_tag","embeddable":true,"href":"https:\/\/www.europesays.com\/fr\/wp-json\/wp\/v2\/tags?post=81728"}],"curies":[{"name":"wp","href":"https:\/\/api.w.org\/{rel}","templated":true}]}}