{"id":81746,"date":"2025-05-07T11:34:09","date_gmt":"2025-05-07T11:34:09","guid":{"rendered":"https:\/\/www.europesays.com\/fr\/81746\/"},"modified":"2025-05-07T11:34:09","modified_gmt":"2025-05-07T11:34:09","slug":"atp-boris-becker-certains-diront-que-federer-nadal-et-djokovic-etaient-tellement-bons-quils-faisaient-paraitre-les-autres-joueurs-moins-bons-quils-ne-letaient-lecart-etait-enorme","status":"publish","type":"post","link":"https:\/\/www.europesays.com\/fr\/81746\/","title":{"rendered":"ATP > Boris Becker : \u00ab\u00a0Certains diront que Federer, Nadal et Djokovic \u00e9taient tellement bons qu&rsquo;ils faisaient para\u00eetre les autres joueurs moins bons qu&rsquo;ils ne l&rsquo;\u00e9taient. L&rsquo;\u00e9cart \u00e9tait \u00e9norme\u00a0\u00bb"},"content":{"rendered":"<p>Lors de sa grande inter\u00adview accord\u00e9e \u00e0 <a href=\"https:\/\/www.elmundo.es\/deportes\/tenis\/2025\/04\/30\/6809328b21efa0d2628b45d7.html\" data-wpel-link=\"external\" target=\"_blank\" rel=\"nofollow external noopener\">El Mundo<\/a>, au cours de laquelle il a <a href=\"https:\/\/www.welovetennis.fr\/atp\/becker-si-alcaraz-a-plus-de-talent-naturel-aucun-autre-sportif-dans-lhistoire-na-eu-et-naura-jamais-le-coeur-de-nadal-carlos-est-fantastique-djokovic-et-federer-sont-des-legendes-mais-ra\" data-wpel-link=\"internal\" target=\"_blank\" rel=\"noopener\">\u00e9voqu\u00e9 les compa\u00adrai\u00adsons entre Carlos Alcaraz et Rafael Nadal<\/a>, l\u2019an\u00adcien num\u00e9ro 1 mondial Boris Becker a compar\u00e9 son \u00e9poque avec celle du Big\u00a03.\u00a0<\/p>\n<p><strong>Question<\/strong>\u00a0: \u00ab\u202fCe furent des ann\u00e9es fabu\u00adleuses, o\u00f9 votre g\u00e9n\u00e9\u00adra\u00adtion (Edberg, Wilander) a c\u00f4toy\u00e9 la pr\u00e9c\u00e9\u00addente (McEnroe, Lendl) et la suivante (Agassi, Sampras). \u00c9tait\u2010ce l\u2019\u00e2ge d\u2019or du tennis\u202f?\u202f\u00bb<\/p>\n<p>Boris Becker\u00a0: <strong>\u00ab\u202fJe ne dirais pas cela par respect pour les autres, mais c\u2019\u00e9tait certai\u00adne\u00adment l\u2019une des meilleures p\u00e9riodes. Je pense que l\u2019autre p\u00e9riode qui me vient \u00e0 l\u2019es\u00adprit est celle de Roger Federer, Novak Djokovic et Rafael Nadal. C\u2019\u00e9tait la meilleure g\u00e9n\u00e9\u00adra\u00adtion de l\u2019his\u00adtoire car elle comp\u00adtait les trois GOAT (grea\u00adtest of all time, les meilleurs de tous les temps), mais l\u2019\u00e9cart entre eux et les suivants \u00e9tait \u00e9norme, ils ne perdaient qu\u2019entre eux. Nous \u00e9tions dix au plus haut niveau. Certains diront aussi que ces trois\u2010l\u00e0 \u00e9taient telle\u00adment bons qu\u2019ils faisaient para\u00eetre les autres moins bons qu\u2019ils ne l\u2019\u00e9taient [rires]. Quoi qu\u2019il en soit, gagner un match de tennis est toujours diffi\u00adcile. Extr\u00eamement difficile.\u202f\u00bb<\/strong><\/p>\n<p class=\"post-published-date\" style=\"color: silver; font-size: 75%; text-align: left;\">Publi\u00e9 le mercredi 7 mai 2025 \u00e0 12:42<\/p>\n","protected":false},"excerpt":{"rendered":"Lors de sa grande inter\u00adview accord\u00e9e \u00e0 El Mundo, au cours de laquelle il a \u00e9voqu\u00e9 les compa\u00adrai\u00adsons&hellip;\n","protected":false},"author":2,"featured_media":81747,"comment_status":"","ping_status":"","sticky":false,"template":"","format":"standard","meta":{"footnotes":""},"categories":[1415],"tags":[18937,1744,105,2199,1011,27,1960,60,1467],"class_list":{"0":"post-81746","1":"post","2":"type-post","3":"status-publish","4":"format-standard","5":"has-post-thumbnail","7":"category-tennis","8":"tag-agassi","9":"tag-alcaraz","10":"tag-djokovic","11":"tag-federer","12":"tag-fr","13":"tag-france","14":"tag-nadal","15":"tag-sports","16":"tag-tennis"},"share_on_mastodon":{"url":"https:\/\/pubeurope.com\/@fr\/114466341728341314","error":""},"_links":{"self":[{"href":"https:\/\/www.europesays.com\/fr\/wp-json\/wp\/v2\/posts\/81746","targetHints":{"allow":["GET"]}}],"collection":[{"href":"https:\/\/www.europesays.com\/fr\/wp-json\/wp\/v2\/posts"}],"about":[{"href":"https:\/\/www.europesays.com\/fr\/wp-json\/wp\/v2\/types\/post"}],"author":[{"embeddable":true,"href":"https:\/\/www.europesays.com\/fr\/wp-json\/wp\/v2\/users\/2"}],"replies":[{"embeddable":true,"href":"https:\/\/www.europesays.com\/fr\/wp-json\/wp\/v2\/comments?post=81746"}],"version-history":[{"count":0,"href":"https:\/\/www.europesays.com\/fr\/wp-json\/wp\/v2\/posts\/81746\/revisions"}],"wp:featuredmedia":[{"embeddable":true,"href":"https:\/\/www.europesays.com\/fr\/wp-json\/wp\/v2\/media\/81747"}],"wp:attachment":[{"href":"https:\/\/www.europesays.com\/fr\/wp-json\/wp\/v2\/media?parent=81746"}],"wp:term":[{"taxonomy":"category","embeddable":true,"href":"https:\/\/www.europesays.com\/fr\/wp-json\/wp\/v2\/categories?post=81746"},{"taxonomy":"post_tag","embeddable":true,"href":"https:\/\/www.europesays.com\/fr\/wp-json\/wp\/v2\/tags?post=81746"}],"curies":[{"name":"wp","href":"https:\/\/api.w.org\/{rel}","templated":true}]}}