{"id":817521,"date":"2026-03-22T22:23:13","date_gmt":"2026-03-22T22:23:13","guid":{"rendered":"https:\/\/www.europesays.com\/fr\/817521\/"},"modified":"2026-03-22T22:23:13","modified_gmt":"2026-03-22T22:23:13","slug":"cest-mieux-que-rien-pour-jules-martin-actualite","status":"publish","type":"post","link":"https:\/\/www.europesays.com\/fr\/817521\/","title":{"rendered":"\u00ab C\u2019est mieux que rien \u00bb pour Jules Martin &#8211; Actualit\u00e9"},"content":{"rendered":"<p>Il n\u2019aura pas manqu\u00e9 grand-chose \u00e0 Jules Martin pour lever les bras ce samedi \u00e0 l\u2019occasion du <strong><a href=\"https:\/\/www.directvelo.com\/actualite\/127545\/grand-prix-de-saint-etienne-loire-activ-reseaux-u19-classement\" target=\"_blank\" rel=\"noopener nofollow\">Grand Prix de Saint-\u00c9tienne Loire Activ\u2019R\u00e9seaux U19<\/a><\/strong>. \u00c0 chaud, la satisfaction primait tout de m\u00eame chez le coureur du VC Villefranche Beaujolais. \u201cJ\u2019avais de bonnes jambes. Je suis un peu frustr\u00e9 car on n\u2019est pas arriv\u00e9 \u00e0 revenir sur l\u2019homme de t\u00eate, on n\u2019\u00e9tait pas loin mais je reste content\u201d, appr\u00e9cie-t-il au micro de DirectVelo.<\/p>\n<p><strong>\u00ab \u00c7A S\u2019EST FAIT \u00c0 LA CANNE \u00c0 LA FIN \u00bb<\/strong><\/p>\n<p>L\u2019Italien Niccolo Muraro, accompagn\u00e9 de Camille Alric-Thouvenin jusqu\u2019\u00e0 deux kilom\u00e8tres du but, a pi\u00e9g\u00e9 les autres hommes forts de la journ\u00e9e en sortant \u00e0 45 bornes de l\u2019arriv\u00e9e. Au moment o\u00f9 le duo commen\u00e7ait \u00e0 prendre la poudre d&rsquo;escampette, Jules Martin n\u2019\u00e9tait pas particuli\u00e8rement inquiet.\u00a0\u201cJe me disais qu\u2019on allait pouvoir les reprendre, ils \u00e9taient partis loin de l\u2019arriv\u00e9e\u201d. Le peloton leur laisse jusqu\u2019\u00e0 1\u201920\u201d, avant de faire le forcing pour se rapprocher. \u201cDans l\u2019avant-derni\u00e8re mont\u00e9e, on a roul\u00e9 tr\u00e8s fort avec Nolan Pedersoli. Je pensais que \u00e7a pourrait revenir plus vite. On les voyait dans la derni\u00e8re mont\u00e9e, c\u2019\u00e9tait plus encourageant mais \u00e7a s\u2019est fait \u00e0 la canne \u00e0 la fin\u201d. Et \u00e0 la jambe, Niccolo Muraro \u00e9tait le plus fort ce samedi sur les hauteurs de Saint-\u00c9tienne. <\/p>\n<p>Jules Martin veut retenir la belle course du VC Villefranche Beaujolais. Dans la derni\u00e8re mont\u00e9e vers Saint-Christo-en-Jarez, avec Alexis Bizouerne, ils \u00e9taient deux Rhodaniens sortis derri\u00e8re les deux hommes de t\u00eate. \u201cOn a fait ce qu\u2019on a pu. C\u2019est d\u00e9j\u00e0 tr\u00e8s bien de sortir \u00e0 deux de l\u2019\u00e9quipe. On vient faire 2e et 4e mais c\u2019est mieux que rien. C\u2019\u00e9tait une course importante, on \u00e9tait pr\u00eats\u201d.<\/p>\n<p><strong>\u00ab SE FAIRE PLAISIR SUR LE V\u00c9LO \u00bb<\/strong><\/p>\n<p>L\u2019\u00e9preuve servait en effet de qualification pour la P\u00e9v\u00e8le Classic, premi\u00e8re manche de la Coupe de France U19 qui aura lieu le 5 avril. \u201cJe n\u2019ai jamais couru sur les pav\u00e9s. Si je suis pris, \u00e7a serait une premi\u00e8re exp\u00e9rience. C\u2019est toujours bon \u00e0 prendre\u201d, assure celui qui se d\u00e9finit comme un puncheur-grimpeur.\u00a0<\/p>\n<p>Jules Martin sort d\u2019une \u201cbonne premi\u00e8re saison\u201d chez les Juniors, malgr\u00e9 un d\u00e9but d\u2019\u00e9t\u00e9 frustrant. \u201c<strong><a href=\"https:\/\/www.directvelo.com\/coureur\/61704\/jules-martin\" target=\"_blank\" rel=\"noopener nofollow\">J\u2019avais gagn\u00e9 \u00e0 la Fl\u00e8che Ard\u00e9choise<\/a><\/strong> mais ensuite, je me suis cass\u00e9 la clavicule sur la C\u00f4te-d\u2019Or Classic. J\u2019avais manqu\u00e9 le Championnat de France\u201d. Mais il a bien termin\u00e9 l\u2019exercice avec un Top 10 \u00e0 la Classic Jean-Patrick Dubuisson, derni\u00e8re manche de la Coupe de France. Plut\u00f4t que d\u2019annoncer des objectifs pr\u00e9cis en 2026, le Rhodanien de 17 ans confie avoir \u201cenvie de se faire plaisir sur le v\u00e9lo\u201d. Comme ce samedi du c\u00f4t\u00e9 de Saint-\u00c9tienne.\u00a0<\/p>\n","protected":false},"excerpt":{"rendered":"Il n\u2019aura pas manqu\u00e9 grand-chose \u00e0 Jules Martin pour lever les bras ce samedi \u00e0 l\u2019occasion du Grand&hellip;\n","protected":false},"author":2,"featured_media":817522,"comment_status":"","ping_status":"","sticky":false,"template":"","format":"standard","meta":{"footnotes":""},"categories":[1411],"tags":[834,828,836,829,837,827,83,826,824,823,1154,207,814,817,815,816,822,821,832,211,839,1011,27,820,818,819,835,831,830,833,838,60,212,208,825],"class_list":{"0":"post-817521","1":"post","2":"type-post","3":"status-publish","4":"format-standard","5":"has-post-thumbnail","7":"category-cyclisme","8":"tag-attaque","9":"tag-belgique","10":"tag-braquet","11":"tag-bretagne","12":"tag-chute","13":"tag-competition","14":"tag-coupe-de-france","15":"tag-coureur","16":"tag-course-cyclisme","17":"tag-course-cycliste","18":"tag-cycling","19":"tag-cyclisme","20":"tag-direct","21":"tag-direct-velo","22":"tag-directvelo","23":"tag-directvelo-com","24":"tag-epreuve","25":"tag-epreuve-cycliste","26":"tag-federation-francaise-de-cyclisme","27":"tag-ffc","28":"tag-flandres","29":"tag-fr","30":"tag-france","31":"tag-live","32":"tag-live-course","33":"tag-live-epreuve","34":"tag-peloton","35":"tag-radio-peloton","36":"tag-radio-tour","37":"tag-ravitaillement","38":"tag-relance","39":"tag-sports","40":"tag-uci","41":"tag-velo","42":"tag-velos"},"share_on_mastodon":{"url":"https:\/\/pubeurope.com\/@fr\/116275170980049430","error":""},"_links":{"self":[{"href":"https:\/\/www.europesays.com\/fr\/wp-json\/wp\/v2\/posts\/817521","targetHints":{"allow":["GET"]}}],"collection":[{"href":"https:\/\/www.europesays.com\/fr\/wp-json\/wp\/v2\/posts"}],"about":[{"href":"https:\/\/www.europesays.com\/fr\/wp-json\/wp\/v2\/types\/post"}],"author":[{"embeddable":true,"href":"https:\/\/www.europesays.com\/fr\/wp-json\/wp\/v2\/users\/2"}],"replies":[{"embeddable":true,"href":"https:\/\/www.europesays.com\/fr\/wp-json\/wp\/v2\/comments?post=817521"}],"version-history":[{"count":0,"href":"https:\/\/www.europesays.com\/fr\/wp-json\/wp\/v2\/posts\/817521\/revisions"}],"wp:featuredmedia":[{"embeddable":true,"href":"https:\/\/www.europesays.com\/fr\/wp-json\/wp\/v2\/media\/817522"}],"wp:attachment":[{"href":"https:\/\/www.europesays.com\/fr\/wp-json\/wp\/v2\/media?parent=817521"}],"wp:term":[{"taxonomy":"category","embeddable":true,"href":"https:\/\/www.europesays.com\/fr\/wp-json\/wp\/v2\/categories?post=817521"},{"taxonomy":"post_tag","embeddable":true,"href":"https:\/\/www.europesays.com\/fr\/wp-json\/wp\/v2\/tags?post=817521"}],"curies":[{"name":"wp","href":"https:\/\/api.w.org\/{rel}","templated":true}]}}