{"id":81758,"date":"2025-05-07T11:41:11","date_gmt":"2025-05-07T11:41:11","guid":{"rendered":"https:\/\/www.europesays.com\/fr\/81758\/"},"modified":"2025-05-07T11:41:11","modified_gmt":"2025-05-07T11:41:11","slug":"le-chambon-sur-lignon-39-peintures-de-francoise-ravel-accrochees-a-la-mediatheque-jusquau-31-mai","status":"publish","type":"post","link":"https:\/\/www.europesays.com\/fr\/81758\/","title":{"rendered":"Le Chambon-sur-Lignon : 39 peintures de Fran\u00e7oise Ravel accroch\u00e9es \u00e0 la m\u00e9diath\u00e8que jusqu&rsquo;au 31 mai"},"content":{"rendered":"<p>\t\t\t\t\t\t\t\t\t\t\t\t\t\t\t\t\t\t\t\t\t\t\t\t\t\t\t\t\t\t\t\t\t\t\t\t\t\t\t\t\t\t\t\t\t\t\t\t\t\t\t\t\t\t\t\t\t\t\t\t\t\t\t<a href=\"https:\/\/www.lacommere43.fr\/component\/banners\/click\/1773.html\" target=\"_blank\" title=\"Tence Carrefour Market minibus mai 2025\" rel=\"nofollow noopener\"><br \/>\n\t\t\t\t\t\t\t<img decoding=\"async\" src=\"https:\/\/www.europesays.com\/fr\/wp-content\/uploads\/2025\/05\/carre.jpg\" alt=\"Tence Carrefour Market minibus mai 2025\"\/><br \/>\n\t\t\t\t\t\t<\/a><\/p>\n<p><strong>R\u00e9cemment install\u00e9e au Chambon-sur-Lignon, Fran\u00e7oise Ravel expose 39 peintures \u00e0 la m\u00e9diath\u00e8que du Chambon jusqu&rsquo;au 31 mai.<\/strong><\/p>\n<p>Originaire de Saint-Gaudens (Haute-Garonne), elle a v\u00e9cu \u00e0 Lyon puis \u00e0 Saint-Etienne. Fran\u00e7oise Ravel a aujourd&rsquo;hui pos\u00e9 ses valises. Un village qu&rsquo;elle a d\u00e9couvert il y a quarante ans, o\u00f9 elle est venue pratiquemment chaque \u00e9t\u00e9 jusqu&rsquo;\u00e0 avoir envie de s&rsquo;y installer.<\/p>\n<p>La n\u00e9o-Chambonnaise a d\u00e9couvert la peinture tr\u00e8s t\u00f4t, \u00e0 l&rsquo;\u00e2ge de 7 ans, dans un atelier \u00e0 Lyon o\u00f9 l&rsquo;odeur de la gouache l&rsquo;a enthousiasm\u00e9. Elle n&rsquo;a plus l\u00e2ch\u00e9 le dessin et la peinture.<\/p>\n<p>Ancienne institutrice, elle a profit\u00e9 de ses vacances pour d\u00e9couvrir de nouvelles techniques : croquis, peinture sur soie, aquarelle, peinture \u00e0 l&rsquo;huile. \u00ab\u00a0Depuis, je me raconte des histoires, avec des personnages que quelques fois, je transporte dans un autre univers.\u00a0\u00bb<\/p>\n","protected":false},"excerpt":{"rendered":"R\u00e9cemment install\u00e9e au Chambon-sur-Lignon, Fran\u00e7oise Ravel expose 39 peintures \u00e0 la m\u00e9diath\u00e8que du Chambon jusqu&rsquo;au 31 mai. Originaire&hellip;\n","protected":false},"author":2,"featured_media":81759,"comment_status":"","ping_status":"","sticky":false,"template":"","format":"standard","meta":{"footnotes":""},"categories":[1358],"tags":[2281,1348,1384,1385,1386,58,59,2282,1011,27,2280,2284,2285,2283],"class_list":{"0":"post-81758","1":"post","2":"type-post","3":"status-publish","4":"format-standard","5":"has-post-thumbnail","7":"category-arts-et-design","8":"tag-actualite-43","9":"tag-arts","10":"tag-arts-and-design","11":"tag-arts-et-design","12":"tag-design","13":"tag-divertissement","14":"tag-entertainment","15":"tag-faits-divers-auvergne","16":"tag-fr","17":"tag-france","18":"tag-information-haute-loire","19":"tag-infos-43","20":"tag-journal-haute-loire","21":"tag-la-commere-43"},"share_on_mastodon":{"url":"https:\/\/pubeurope.com\/@fr\/114466369564073237","error":""},"_links":{"self":[{"href":"https:\/\/www.europesays.com\/fr\/wp-json\/wp\/v2\/posts\/81758","targetHints":{"allow":["GET"]}}],"collection":[{"href":"https:\/\/www.europesays.com\/fr\/wp-json\/wp\/v2\/posts"}],"about":[{"href":"https:\/\/www.europesays.com\/fr\/wp-json\/wp\/v2\/types\/post"}],"author":[{"embeddable":true,"href":"https:\/\/www.europesays.com\/fr\/wp-json\/wp\/v2\/users\/2"}],"replies":[{"embeddable":true,"href":"https:\/\/www.europesays.com\/fr\/wp-json\/wp\/v2\/comments?post=81758"}],"version-history":[{"count":0,"href":"https:\/\/www.europesays.com\/fr\/wp-json\/wp\/v2\/posts\/81758\/revisions"}],"wp:featuredmedia":[{"embeddable":true,"href":"https:\/\/www.europesays.com\/fr\/wp-json\/wp\/v2\/media\/81759"}],"wp:attachment":[{"href":"https:\/\/www.europesays.com\/fr\/wp-json\/wp\/v2\/media?parent=81758"}],"wp:term":[{"taxonomy":"category","embeddable":true,"href":"https:\/\/www.europesays.com\/fr\/wp-json\/wp\/v2\/categories?post=81758"},{"taxonomy":"post_tag","embeddable":true,"href":"https:\/\/www.europesays.com\/fr\/wp-json\/wp\/v2\/tags?post=81758"}],"curies":[{"name":"wp","href":"https:\/\/api.w.org\/{rel}","templated":true}]}}