{"id":81766,"date":"2025-05-07T11:45:24","date_gmt":"2025-05-07T11:45:24","guid":{"rendered":"https:\/\/www.europesays.com\/fr\/81766\/"},"modified":"2025-05-07T11:45:24","modified_gmt":"2025-05-07T11:45:24","slug":"le-film-rumours-nuit-blanche-au-sommet-avec-cate-blanchett-imagine-un-g7-de-lhorreur-et-cest-hilarant","status":"publish","type":"post","link":"https:\/\/www.europesays.com\/fr\/81766\/","title":{"rendered":"Le film \u00ab\u00a0Rumours, nuit blanche au sommet\u00a0\u00bb avec Cate Blanchett imagine un G7 de l\u2019horreur, et c\u2019est hilarant"},"content":{"rendered":"<p>        <img decoding=\"async\" loading=\"lazy\" src=\"https:\/\/www.europesays.com\/fr\/wp-content\/uploads\/2025\/05\/0f3c281_sirius-fs-upload-1-pwwc7wirilgq-1746523649138-rumours.jpg\"  width=\"728\" height=\"409\" alt=\"Le film \u00ab\u00a0Rumours\u00a0\u00bb sort le 7\u00a0mai en salle\"\/>  <\/p>\n<p>Bleeker Street<\/p>\n<p>Le film \u00ab\u00a0Rumours\u00a0\u00bb sort le 7\u00a0mai en salle<\/p>\n<p class=\"asset asset-text\">CIN\u00c9MA &#8211; Dans la famille des <a href=\"https:\/\/www.huffingtonpost.fr\/culture\/article\/thunderbolt-dernier-film-marvel-a-un-etrange-asterisque-et-on-sait-enfin-pourquoi-spoilers_249569.html\" target=\"_blank\" rel=\"noopener\">ovnis du cin\u00e9ma<\/a>, je voudrais Rumours,<strong> <\/strong>nuit blanche au sommet. Le long m\u00e9trage de Guy Maddin, Evan Johnson et\u00a0Galen Johnson est l\u2019un des plus \u00e9tranges de l\u2019ann\u00e9e, mais sans doute aussi l\u2019un des plus dr\u00f4les. Le film avec <a href=\"https:\/\/www.huffingtonpost.fr\/culture\/article\/disclaimer-avec-cate-blanchett-une-serie-thriller-qui-prend-son-temps-pour-mieux-nous-rendre-accro_240427.html\" target=\"_blank\" rel=\"noopener\">Cate Blanchett <\/a>et Denis M\u00e9nochet parodie un <a href=\"https:\/\/www.huffingtonpost.fr\/international\/article\/g7-crispations-apres-les-objections-de-giorgia-meloni-autour-d-une-declaration-sur-l-avortement_235454.html\" target=\"_blank\" rel=\"noopener\">week-end de G7<\/a>\u00a0qui vire au cauchemar. On a beaucoup, beaucoup ri.<\/p>\n<p class=\"asset asset-text\">Prenez sept dirigeants politiques caricaturaux, isolez-les dans la for\u00eat d\u2019un ch\u00e2teau en Allemagne, ajoutez une bonne dose de kitsch, saupoudrez g\u00e9n\u00e9reusement de surnaturel horrifique, arrosez le tout de situations cocasses, de comique de r\u00e9p\u00e9tition et de dialogues \u00e0 la serpe. Et vous obtenez ce film presque impossible \u00e0 d\u00e9crire, mais qu\u2019on n\u2019a pas oubli\u00e9 depuis sa pr\u00e9sentation au Festival de Cannes en 2024.<\/p>\n<p class=\"asset asset-text\">Rumours,<strong> <\/strong>nuit blanche au sommet suit le sommet du G7\u00a0organis\u00e9 en Allemagne par la Chanceli\u00e8re allemande Hilda Ortmann (Cate Blanchett). Les participants sont cens\u00e9s r\u00e9diger une d\u00e9claration commune dans le cadre d\u2019une crise dont on ignore tout. Retir\u00e9s sous un petit belv\u00e9d\u00e8re pour d\u00eener, les dirigeants brassent de l\u2019air et n\u2019ont comme id\u00e9es lumineuses que des banalit\u00e9s.<\/p>\n<p> La lecture de ce contenu est susceptible d\u2019entra\u00eener un d\u00e9p\u00f4t de cookies de la part de l\u2019op\u00e9rateur tiers qui l\u2019h\u00e9berge. Compte-tenu des choix que vous avez exprim\u00e9s en mati\u00e8re de d\u00e9p\u00f4t de cookies, nous avons bloqu\u00e9 l\u2019affichage de ce contenu. Si vous souhaitez y acc\u00e9der, vous devez accepter la cat\u00e9gorie de cookies \u201cContenus tiers\u201d en cliquant sur le bouton ci-dessous. <\/p>\n<p> Lire la Vid\u00e9o              <\/p>\n<p class=\"asset asset-text\">La soir\u00e9e bascule lorsqu\u2019ils se rendent compte qu\u2019il n\u2019y a plus personne dans la r\u00e9sidence et qu\u2019il se passe des ph\u00e9nom\u00e8nes tr\u00e8s \u00e9tranges. Et c\u2019est un tr\u00e8s savoureux n\u2019importe quoi.<\/p>\n<p>                     <strong>Les caricatures politiques de Rumours<\/strong>    <\/p>\n<p class=\"asset asset-text\">L\u2019un des \u00e9l\u00e9ments les plus hilarants du film, ce sont les personnages eux-m\u00eames et les caricatures qu\u2019ils repr\u00e9sentent. D\u2019ailleurs, le pr\u00e9sident fran\u00e7ais jou\u00e9 par Denis M\u00e9nochet ne manque pas de le remarquer lors de l\u2019un de ses nombreux monologues pompeux.<\/p>\n<p class=\"asset asset-text\">Le Premier ministre canadien (Roy Dupuis) est un bell\u00e2tre sensible avec un man bun. Le Pr\u00e9disent du Conseil italien (Rolando Ravello) a de la charcuterie dans ses poches et pas grand-chose \u00e0 dire. Le pr\u00e9sident am\u00e9ricain (Charles Dance) est un vieillard qui se croit au-dessus de tout. \u00ab\u00a0Passe encore pour le pr\u00e9sident de la Ve\u00a0R\u00e9publique de se faire pousser dans une brouette, mais moi je suis le pr\u00e9sident de la premi\u00e8re puissance mondiale\u00a0\u00bb, lance-t-il notamment.<\/p>\n<p>         <img decoding=\"async\" loading=\"lazy\" src=\"https:\/\/www.europesays.com\/fr\/wp-content\/uploads\/2025\/05\/bedfe2f_1716105200518-rumours.jpg\"  width=\"728\" height=\"932\" alt=\"Cate Blanchett et Roy Dupuis dans \u00ab\u00a0Rumours\u00a0\u00bb\"\/>  <\/p>\n<p>Le film \u00ab\u00a0Rumours\u00a0\u00bb \u00e9tait pr\u00e9sent\u00e9 hors comp\u00e9tition \u00e0 Cannes<\/p>\n<p>Cate Blanchett et Roy Dupuis dans \u00ab\u00a0Rumours\u00a0\u00bb<\/p>\n<p class=\"asset asset-text\">La Chanceli\u00e8re allemande veut tenter de garder le contr\u00f4le. La Premi\u00e8re ministre britannique (Nikki Amuka-Bird) est la seule \u00e0 vouloir travailler. Et son homologue japonais (Takehiro Hira) ne parle pas pour ne rien dire. Sans oublier la pr\u00e9sidente de la Commission europ\u00e9enne (Alicia Vikander) qui n\u2019arrive \u00e0 se faire comprendre de personne.<\/p>\n<p class=\"asset asset-text\">Les \u00e9changes entre eux sont tant\u00f4t vifs et piquants, tant\u00f4t absurdes, toujours tr\u00e8s justes. Difficile de ne pas rire aux \u00e9clats quand tous se moquent ouvertement du Premier ministre canadien. \u00ab\u00a0Tu ne peux pas sauver le monde Maxime. Tu ne peux m\u00eame pas sauver tous les Canadiens. Essaye de prendre soin de toi d\u2019abord\u00a0\u00bb, lui souffle Hilda.<\/p>\n<p class=\"asset asset-text\">Des politiques qui, pour la plupart, connaissent tout de m\u00eame leurs dossiers, se lan\u00e7ant \u00e0 un moment dans une battle de \u00ab\u00a0trait\u00e9s\u00a0\u00bb en pleine for\u00eat. \u00ab\u00a0Mais pas Maastricht, non, Maastricht ce serait trop compliqu\u00e9.\u00a0\u00bb<\/p>\n<p>    <strong>Addition de parodies<\/strong>    <\/p>\n<p class=\"asset asset-text\">Juste \u00e7a, cela aurait d\u00e9j\u00e0 suffi \u00e0 cr\u00e9er une com\u00e9die d\u00e9licieuse. Mais Guy Maddin, Evan Johnson et\u00a0Galen Johnson sont all\u00e9s plus loin que la simple satire politique. Tr\u00e8s vite, le film devient une parodie de plein d\u2019autres choses. Et notamment de soap opera, de survival movie, de film d\u2019horreur, ou encore de thriller de science-fiction.<\/p>\n<p class=\"asset asset-text\">\u00c0 coups de fondus encha\u00een\u00e9s poussifs, de ralentis appuy\u00e9s, de musiques tant\u00f4t lancinantes, tant\u00f4t dramatiques, les r\u00e9alisateurs nous emm\u00e8nent dans une aventure totalement rocambolesque.<\/p>\n<p class=\"asset asset-text\">On vous l\u2019accorde, cela va sans doute en laisser certains dubitatifs, car il faut accepter de se laisser embarquer dans ce tourbillon compl\u00e8tement fou qui vire souvent au grand n\u2019importe quoi. Ce qui est certain en tout cas, c\u2019est que lors du prochain sommet du G7\u00a0\u00e0 Kananaskis dans la province de l\u2019Alberta au Canada le 15\u00a0juin prochain, on regardera les photos de groupe des dirigeants avec un \u0153il amus\u00e9.<\/p>\n<p class=\"asset asset-text\"><strong>\u00c0 voir \u00e9galement sur\u00a0Le HuffPost\u00a0:<\/strong><\/p>\n<p> La lecture de ce contenu est susceptible d\u2019entra\u00eener un d\u00e9p\u00f4t de cookies de la part de l\u2019op\u00e9rateur tiers qui l\u2019h\u00e9berge. Compte-tenu des choix que vous avez exprim\u00e9s en mati\u00e8re de d\u00e9p\u00f4t de cookies, nous avons bloqu\u00e9 l\u2019affichage de ce contenu. Si vous souhaitez y acc\u00e9der, vous devez accepter la cat\u00e9gorie de cookies \u201cContenus tiers\u201d en cliquant sur le bouton ci-dessous. <\/p>\n<p> Lire la Vid\u00e9o                    <\/p>\n","protected":false},"excerpt":{"rendered":"Bleeker Street Le film \u00ab\u00a0Rumours\u00a0\u00bb sort le 7\u00a0mai en salle CIN\u00c9MA &#8211; Dans la famille des ovnis du&hellip;\n","protected":false},"author":2,"featured_media":81767,"comment_status":"","ping_status":"","sticky":false,"template":"","format":"standard","meta":{"footnotes":""},"categories":[1354],"tags":[18938,650,251,58,59,2081,1346,1011,27,1360],"class_list":{"0":"post-81766","1":"post","2":"type-post","3":"status-publish","4":"format-standard","5":"has-post-thumbnail","7":"category-films","8":"tag-cate-blanchett","9":"tag-cinema","10":"tag-culture","11":"tag-divertissement","12":"tag-entertainment","13":"tag-film","14":"tag-films","15":"tag-fr","16":"tag-france","17":"tag-movies"},"share_on_mastodon":{"url":"https:\/\/pubeurope.com\/@fr\/114466385064153495","error":""},"_links":{"self":[{"href":"https:\/\/www.europesays.com\/fr\/wp-json\/wp\/v2\/posts\/81766","targetHints":{"allow":["GET"]}}],"collection":[{"href":"https:\/\/www.europesays.com\/fr\/wp-json\/wp\/v2\/posts"}],"about":[{"href":"https:\/\/www.europesays.com\/fr\/wp-json\/wp\/v2\/types\/post"}],"author":[{"embeddable":true,"href":"https:\/\/www.europesays.com\/fr\/wp-json\/wp\/v2\/users\/2"}],"replies":[{"embeddable":true,"href":"https:\/\/www.europesays.com\/fr\/wp-json\/wp\/v2\/comments?post=81766"}],"version-history":[{"count":0,"href":"https:\/\/www.europesays.com\/fr\/wp-json\/wp\/v2\/posts\/81766\/revisions"}],"wp:featuredmedia":[{"embeddable":true,"href":"https:\/\/www.europesays.com\/fr\/wp-json\/wp\/v2\/media\/81767"}],"wp:attachment":[{"href":"https:\/\/www.europesays.com\/fr\/wp-json\/wp\/v2\/media?parent=81766"}],"wp:term":[{"taxonomy":"category","embeddable":true,"href":"https:\/\/www.europesays.com\/fr\/wp-json\/wp\/v2\/categories?post=81766"},{"taxonomy":"post_tag","embeddable":true,"href":"https:\/\/www.europesays.com\/fr\/wp-json\/wp\/v2\/tags?post=81766"}],"curies":[{"name":"wp","href":"https:\/\/api.w.org\/{rel}","templated":true}]}}