{"id":81768,"date":"2025-05-07T11:46:07","date_gmt":"2025-05-07T11:46:07","guid":{"rendered":"https:\/\/www.europesays.com\/fr\/81768\/"},"modified":"2025-05-07T11:46:07","modified_gmt":"2025-05-07T11:46:07","slug":"un-risque-de-surdosage-est-a-craindre","status":"publish","type":"post","link":"https:\/\/www.europesays.com\/fr\/81768\/","title":{"rendered":"\u00ab\u00a0un risque de surdosage\u00a0\u00bb est \u00e0 craindre"},"content":{"rendered":"<p>            Par<br \/>\n        <strong><br \/>\n            <a href=\"https:\/\/actu.fr\/auteur\/redaction-actu\" title=\"Consulter tous les articles de R\u00e9daction Actu\" target=\"_blank\" rel=\"noopener\">R\u00e9daction Actu<\/a><br \/>\n        <\/strong><\/p>\n<p>        Publi\u00e9 le<\/p>\n<p>            7 mai 2025 \u00e0 9h05        <\/p>\n<p>Plus de 32 000 bo\u00eetes d\u2019un m\u00e9dicament g\u00e9n\u00e9rique contre <strong>l\u2019hypertension et l\u2019insuffisance cardiaque<\/strong>, le <strong>Lisinopril<\/strong>, ont \u00e9t\u00e9 rappel\u00e9es en France en raison d\u2019un \u00ab\u00a0d\u00e9faut d\u2019impression\u00a0\u00bb sur les plaquettes <strong>\u00ab\u00a0pouvant induire un risque de surdosage\u00a0\u00bb<\/strong>, a indiqu\u00e9 mardi 6 mai 2025 l\u2019Agence nationale de s\u00e9curit\u00e9 du m\u00e9dicament (<a href=\"https:\/\/ansm.sante.fr\/actualites\/rappel-de-lots-de-lisinopril-5-mg-viatris-en-raison-dun-defaut-qualite-de-lemballage\" target=\"_blank\" rel=\"noopener\">ANSM)<\/a>.<\/p>\n<p class=\" wall-content\">La qualit\u00e9 des comprim\u00e9s commercialis\u00e9s par le laboratoire am\u00e9ricain Viatris \u00ab\u00a0n\u2019est pas remise en cause\u00a0\u00bb mais \u00ab\u00a0l\u2019inscription pr\u00e9sente sur l\u2019aluminium de la plaquette peut pr\u00eater \u00e0 confusion car elle laisse penser qu\u2019il faut prendre plusieurs comprim\u00e9s certains jours\u00a0\u00bb, pr\u00e9cise l\u2019ANSM dans un communiqu\u00e9.<\/p>\n<p class=\" wall-content\">Au total, quatre lots de Lisinopril dos\u00e9s \u00e0 5 mg sont concern\u00e9s (lots 8172295, 8189879, 8172296, 8192737), soit 32 640 bo\u00eetes, selon un d\u00e9compte obtenu aupr\u00e8s de l\u2019ANSM.<\/p>\n<p>Quels effets en cas de surdosage ?\u00a0<\/p>\n<p class=\" wall-content\">En cas de surdosage, il est possible de ressentir de la fatigue, des troubles de l\u2019\u00e9quilibre, une hypotension et \u00ab\u00a0une alt\u00e9ration de la fonction r\u00e9nale peut survenir\u00a0\u00bb, pr\u00e9vient la gardienne du m\u00e9dicament.<\/p>\n<p class=\" wall-content\">Un cas de surdosage accompagn\u00e9 d\u2019un \u00e9tat confusionnel non grave a \u00e9t\u00e9 rapport\u00e9, selon l\u2019ANSM.<\/p>\n<p>Vid\u00e9os : en ce moment sur Actu\u00ab\u00a0Des alternatives sont disponibles\u00a0\u00bb<\/p>\n<p class=\" wall-content\">En attendant que de nouveaux lots avec des plaquettes conformes soient \u00ab\u00a0prochainement disponibles\u00a0\u00bb, aucune tension d\u2019approvisionnement en Lisinopril n\u2019est pr\u00e9vue suite \u00e0 ce rappel, selon l\u2019agence, car \u00ab\u00a0des alternatives sont disponibles\u00a0\u00bb.<\/p>\n<p class=\" wall-content\">D\u2019autres g\u00e9n\u00e9riqueurs, comme Biogaran, Teva, Zentiva, Sandoz ou Arrow proposent cette mol\u00e9cule, selon la base de donn\u00e9es Vidal sur les m\u00e9dicaments en France.<\/p>\n<p class=\" wall-content\"><strong>Avec AFP\u00a0<\/strong><\/p>\n<p class=\" wall-content\">Suivez toute l\u2019actualit\u00e9 de vos villes et m\u00e9dias favoris en vous inscrivant \u00e0 <a href=\"https:\/\/moncompte.actu.fr\" title=\"D\u00e9couvez Mon Actu\" rel=\"nofollow noopener\" data-trk=\"{&quot;cta&quot;:{&quot;action&quot;:&quot;https:\\\/\\\/moncompte.actu.fr&quot;,&quot;category&quot;:&quot;mon compte&quot;,&quot;from&quot;:&quot;article footer&quot;,&quot;name&quot;:&quot;Mon actu&quot;,&quot;type&quot;:&quot;cta&quot;}}\" target=\"_blank\">Mon Actu<\/a>.<\/p>\n<ul class=\"ac-article-tag wall-content\">\n<li><a href=\"https:\/\/actu.fr\/tag\/rappel-de-produits\" data-trk=\"{&quot;cta&quot;:{&quot;action&quot;:&quot;Rappel de produits&quot;,&quot;category&quot;:&quot;tag&quot;,&quot;from&quot;:&quot;article footer&quot;,&quot;name&quot;:&quot;Rappel de produits&quot;,&quot;type&quot;:&quot;cta&quot;}}\" target=\"_blank\" rel=\"noopener\">#Rappel de produits<\/a><\/li>\n<li><a href=\"https:\/\/actu.fr\/tag\/sante\" data-trk=\"{&quot;cta&quot;:{&quot;action&quot;:&quot;Sant\\u00e9&quot;,&quot;category&quot;:&quot;tag&quot;,&quot;from&quot;:&quot;article footer&quot;,&quot;name&quot;:&quot;Sant\\u00e9&quot;,&quot;type&quot;:&quot;cta&quot;}}\" target=\"_blank\" rel=\"noopener\">#Sant\u00e9<\/a><\/li>\n<\/ul>\n","protected":false},"excerpt":{"rendered":"Par R\u00e9daction Actu Publi\u00e9 le 7 mai 2025 \u00e0 9h05 Plus de 32 000 bo\u00eetes d\u2019un m\u00e9dicament g\u00e9n\u00e9rique&hellip;\n","protected":false},"author":2,"featured_media":81769,"comment_status":"","ping_status":"","sticky":false,"template":"","format":"standard","meta":{"footnotes":""},"categories":[10],"tags":[33,1011,27,72,1720,71],"class_list":{"0":"post-81768","1":"post","2":"type-post","3":"status-publish","4":"format-standard","5":"has-post-thumbnail","7":"category-sante","8":"tag-economie","9":"tag-fr","10":"tag-france","11":"tag-health","12":"tag-rappel-de-produits","13":"tag-sante"},"share_on_mastodon":{"url":"https:\/\/pubeurope.com\/@fr\/114466388961645689","error":""},"_links":{"self":[{"href":"https:\/\/www.europesays.com\/fr\/wp-json\/wp\/v2\/posts\/81768","targetHints":{"allow":["GET"]}}],"collection":[{"href":"https:\/\/www.europesays.com\/fr\/wp-json\/wp\/v2\/posts"}],"about":[{"href":"https:\/\/www.europesays.com\/fr\/wp-json\/wp\/v2\/types\/post"}],"author":[{"embeddable":true,"href":"https:\/\/www.europesays.com\/fr\/wp-json\/wp\/v2\/users\/2"}],"replies":[{"embeddable":true,"href":"https:\/\/www.europesays.com\/fr\/wp-json\/wp\/v2\/comments?post=81768"}],"version-history":[{"count":0,"href":"https:\/\/www.europesays.com\/fr\/wp-json\/wp\/v2\/posts\/81768\/revisions"}],"wp:featuredmedia":[{"embeddable":true,"href":"https:\/\/www.europesays.com\/fr\/wp-json\/wp\/v2\/media\/81769"}],"wp:attachment":[{"href":"https:\/\/www.europesays.com\/fr\/wp-json\/wp\/v2\/media?parent=81768"}],"wp:term":[{"taxonomy":"category","embeddable":true,"href":"https:\/\/www.europesays.com\/fr\/wp-json\/wp\/v2\/categories?post=81768"},{"taxonomy":"post_tag","embeddable":true,"href":"https:\/\/www.europesays.com\/fr\/wp-json\/wp\/v2\/tags?post=81768"}],"curies":[{"name":"wp","href":"https:\/\/api.w.org\/{rel}","templated":true}]}}