{"id":8179,"date":"2025-04-07T15:32:11","date_gmt":"2025-04-07T15:32:11","guid":{"rendered":"https:\/\/www.europesays.com\/fr\/8179\/"},"modified":"2025-04-07T15:32:11","modified_gmt":"2025-04-07T15:32:11","slug":"vinalies-france-la-champagne-brille-a-bordeaux","status":"publish","type":"post","link":"https:\/\/www.europesays.com\/fr\/8179\/","title":{"rendered":"Vinalies France : la Champagne brille \u00e0 Bordeaux"},"content":{"rendered":"<p><img fetchpriority=\"high\" decoding=\"async\" class=\" wp-image-40946 aligncenter\" src=\"https:\/\/www.europesays.com\/fr\/wp-content\/uploads\/2025\/04\/logo-1.png\" alt=\"\" width=\"290\" height=\"290\"   data-recalc-dims=\"1\"\/>R\u00e9unis \u00e0 Bordeaux les 28 et 29 mars, les \u0152nologues de France ont d\u00e9voil\u00e9 le palmar\u00e8s de la 42e \u00e9dition des Vinalies France. Durant deux jours, plus de 50 \u0153nologues ont d\u00e9gust\u00e9 et \u00e9valu\u00e9 1654 \u00e9chantillons issus de toutes les r\u00e9gions viticoles fran\u00e7aises.<\/p>\n<p class=\"\" data-start=\"392\" data-end=\"577\">Cette \u00e9dition 2024 a consacr\u00e9 472 vins r\u00e9partis ainsi : 180 blancs, 188 rouges et 102 ros\u00e9s. Au total, 62 m\u00e9dailles Grand Or, 216 d\u2019Or et 194 d\u2019Argent ont \u00e9t\u00e9 d\u00e9cern\u00e9es.<\/p>\n<p class=\"\" data-start=\"579\" data-end=\"786\">Parmi les r\u00e9gions les plus distingu\u00e9es, la Champagne tire particuli\u00e8rement son \u00e9pingle du jeu, avec 42 m\u00e9dailles :<br data-start=\"701\" data-end=\"704\"\/>\u2013 6 m\u00e9dailles Grand Or<br data-start=\"730\" data-end=\"733\"\/>\u2013 21 m\u00e9dailles d\u2019Or<br data-start=\"756\" data-end=\"759\"\/>\u2013 15 m\u00e9dailles d\u2019Argent<\/p>\n<p class=\"\" data-start=\"788\" data-end=\"966\">Et un coup de projecteur suppl\u00e9mentaire avec la Palme r\u00e9v\u00e9lation Champagne, attribu\u00e9e \u00e0 la cuv\u00e9e La Griffe de l\u2019Ource 2012, Blanc de blancs du Champagne Jean Laurent.<\/p>\n<p class=\"\" data-start=\"968\" data-end=\"1154\">Au total, cette \u00e9dition a rassembl\u00e9 396 producteurs de toutes les r\u00e9gions fran\u00e7aises, confirmant une fois de plus l\u2019expertise des d\u00e9gustateurs et la diversit\u00e9 des styles repr\u00e9sent\u00e9s.<\/p>\n<p class=\"\" data-start=\"1156\" data-end=\"1232\"><a href=\"https:\/\/www.vinalies-nationales.fr\/fr\/resultats\/palmares\" target=\"_blank\" rel=\"noopener\">Le palmar\u00e8s complet est \u00e0 retrouver en ligne ici\u00a0<\/a><\/p>\n<p><strong><a href=\"https:\/\/lachampagnedesophieclaeys.fr\/devenez-membre\/\" target=\"_blank\" rel=\"noopener\">Soutenez La Champagne de Sophie Claeys\u2009!<\/a><\/strong><\/p>\n","protected":false},"excerpt":{"rendered":"R\u00e9unis \u00e0 Bordeaux les 28 et 29 mars, les \u0152nologues de France ont d\u00e9voil\u00e9 le palmar\u00e8s de la&hellip;\n","protected":false},"author":2,"featured_media":8180,"comment_status":"","ping_status":"","sticky":false,"template":"","format":"standard","meta":{"footnotes":""},"categories":[4],"tags":[11,700,4316,1011,27,12,25,4317],"class_list":{"0":"post-8179","1":"post","2":"type-post","3":"status-publish","4":"format-standard","5":"has-post-thumbnail","7":"category-france","8":"tag-actualites","9":"tag-champagne","10":"tag-degustations","11":"tag-fr","12":"tag-france","13":"tag-news","14":"tag-republique-francaise","15":"tag-vinalies-france"},"share_on_mastodon":{"url":"https:\/\/pubeurope.com\/@fr\/114297408259950443","error":""},"_links":{"self":[{"href":"https:\/\/www.europesays.com\/fr\/wp-json\/wp\/v2\/posts\/8179","targetHints":{"allow":["GET"]}}],"collection":[{"href":"https:\/\/www.europesays.com\/fr\/wp-json\/wp\/v2\/posts"}],"about":[{"href":"https:\/\/www.europesays.com\/fr\/wp-json\/wp\/v2\/types\/post"}],"author":[{"embeddable":true,"href":"https:\/\/www.europesays.com\/fr\/wp-json\/wp\/v2\/users\/2"}],"replies":[{"embeddable":true,"href":"https:\/\/www.europesays.com\/fr\/wp-json\/wp\/v2\/comments?post=8179"}],"version-history":[{"count":0,"href":"https:\/\/www.europesays.com\/fr\/wp-json\/wp\/v2\/posts\/8179\/revisions"}],"wp:featuredmedia":[{"embeddable":true,"href":"https:\/\/www.europesays.com\/fr\/wp-json\/wp\/v2\/media\/8180"}],"wp:attachment":[{"href":"https:\/\/www.europesays.com\/fr\/wp-json\/wp\/v2\/media?parent=8179"}],"wp:term":[{"taxonomy":"category","embeddable":true,"href":"https:\/\/www.europesays.com\/fr\/wp-json\/wp\/v2\/categories?post=8179"},{"taxonomy":"post_tag","embeddable":true,"href":"https:\/\/www.europesays.com\/fr\/wp-json\/wp\/v2\/tags?post=8179"}],"curies":[{"name":"wp","href":"https:\/\/api.w.org\/{rel}","templated":true}]}}