{"id":81793,"date":"2025-05-07T11:59:09","date_gmt":"2025-05-07T11:59:09","guid":{"rendered":"https:\/\/www.europesays.com\/fr\/81793\/"},"modified":"2025-05-07T11:59:09","modified_gmt":"2025-05-07T11:59:09","slug":"ramos-absent-du-choc-contre-toulon","status":"publish","type":"post","link":"https:\/\/www.europesays.com\/fr\/81793\/","title":{"rendered":"Ramos absent du choc contre Toulon"},"content":{"rendered":"<p>Touch\u00e9 \u00e0 un mollet peu avant la demi-finale de Champions Cup, <strong>Thomas Ramos a rat\u00e9 le choc face \u00e0 l\u2019UBB le week-end dernier<\/strong>, manquant d\u2019ailleurs terriblement \u00e0 une ligne de trois-quarts orpheline de son feu follet et buteur.<\/p>\n<p>Cependant, le club haut-garonnais n\u2019a pas communiqu\u00e9 la dur\u00e9e d\u2019absence de son ma\u00eetre \u00e0 jouer et il se pourrait que <strong>Thomas Ramos manque encore quelques semaines de comp\u00e9tition<\/strong>.<\/p>\n<p>Ramos toujours aux soins avant Toulon\u00a0?<\/p>\n<p>D\u2019apr\u00e8s Midi Olympique, l\u2019arri\u00e8re international de 29 ans est toujours aux soins et <strong>le staff ne veut pas pr\u00e9cipiter son retour \u00e0 la comp\u00e9tition<\/strong> apr\u00e8s une petite l\u00e9sion r\u00e9v\u00e9l\u00e9e lors des examens.<\/p>\n<p>Ramos devrait donc, sauf improbable surprise, <strong>manquer la rencontre de haut de tableau contre Toulon<\/strong> ce samedi au V\u00e9lodrome (21h05). N\u00e9anmoins, Toulouse devrait r\u00e9cup\u00e9rer son joueur la semaine apr\u00e8s la finale europ\u00e9enne entre l\u2019UBB et Northampton et <strong>pourra donc compter sur son artilleur pour disputer les phases finales<\/strong> de Top 14. Et c\u2019est bien l\u00e0 l\u2019essentiel.<\/p>\n<p>Biberonn\u00e9 au rugby, tomb\u00e9 malade de ce sport lors de la Coupe du Monde 2003, alors que je savais \u00e0 peine marcher, je suis le seul sudiste ayant reni\u00e9 le Stade Toulousain pour l\u2019autre Stade\u2026 Fran\u00e7ais. Condamn\u00e9 \u00e0 souffrir avec mon club de c\u0153ur, j\u2019esp\u00e8re vous transmettre mon amour pour la balle ovale \u00e0 travers XV Ovalie !<\/p>\n","protected":false},"excerpt":{"rendered":"Touch\u00e9 \u00e0 un mollet peu avant la demi-finale de Champions Cup, Thomas Ramos a rat\u00e9 le choc face&hellip;\n","protected":false},"author":2,"featured_media":81794,"comment_status":"","ping_status":"","sticky":false,"template":"","format":"standard","meta":{"footnotes":""},"categories":[9619],"tags":[1111,11,1777,674,1011,27,12,882,8177,25,476,8541,478,2310],"class_list":{"0":"post-81793","1":"post","2":"type-post","3":"status-publish","4":"format-standard","5":"has-post-thumbnail","7":"category-toulon","8":"tag-actu","9":"tag-actualites","10":"tag-eu","11":"tag-europe","12":"tag-fr","13":"tag-france","14":"tag-news","15":"tag-provence-alpes-cote-dazur","16":"tag-rc-toulon","17":"tag-republique-francaise","18":"tag-stade-toulousain","19":"tag-thomas-ramos","20":"tag-top-14","21":"tag-toulon"},"share_on_mastodon":{"url":"https:\/\/pubeurope.com\/@fr\/114466440042145257","error":""},"_links":{"self":[{"href":"https:\/\/www.europesays.com\/fr\/wp-json\/wp\/v2\/posts\/81793","targetHints":{"allow":["GET"]}}],"collection":[{"href":"https:\/\/www.europesays.com\/fr\/wp-json\/wp\/v2\/posts"}],"about":[{"href":"https:\/\/www.europesays.com\/fr\/wp-json\/wp\/v2\/types\/post"}],"author":[{"embeddable":true,"href":"https:\/\/www.europesays.com\/fr\/wp-json\/wp\/v2\/users\/2"}],"replies":[{"embeddable":true,"href":"https:\/\/www.europesays.com\/fr\/wp-json\/wp\/v2\/comments?post=81793"}],"version-history":[{"count":0,"href":"https:\/\/www.europesays.com\/fr\/wp-json\/wp\/v2\/posts\/81793\/revisions"}],"wp:featuredmedia":[{"embeddable":true,"href":"https:\/\/www.europesays.com\/fr\/wp-json\/wp\/v2\/media\/81794"}],"wp:attachment":[{"href":"https:\/\/www.europesays.com\/fr\/wp-json\/wp\/v2\/media?parent=81793"}],"wp:term":[{"taxonomy":"category","embeddable":true,"href":"https:\/\/www.europesays.com\/fr\/wp-json\/wp\/v2\/categories?post=81793"},{"taxonomy":"post_tag","embeddable":true,"href":"https:\/\/www.europesays.com\/fr\/wp-json\/wp\/v2\/tags?post=81793"}],"curies":[{"name":"wp","href":"https:\/\/api.w.org\/{rel}","templated":true}]}}