{"id":81803,"date":"2025-05-07T12:04:08","date_gmt":"2025-05-07T12:04:08","guid":{"rendered":"https:\/\/www.europesays.com\/fr\/81803\/"},"modified":"2025-05-07T12:04:08","modified_gmt":"2025-05-07T12:04:08","slug":"le-sms-menacant-de-jean-luc-melenchon-a-marine-tondelier-revele","status":"publish","type":"post","link":"https:\/\/www.europesays.com\/fr\/81803\/","title":{"rendered":"le SMS mena\u00e7ant de Jean-Luc M\u00e9lenchon \u00e0 Marine Tondelier r\u00e9v\u00e9l\u00e9"},"content":{"rendered":"<p>            Par<br \/>\n        <strong><br \/>\n            <a href=\"https:\/\/actu.fr\/auteur\/redaction-grenoble\" title=\"Consulter tous les articles de R\u00e9daction Grenoble\" target=\"_blank\" rel=\"noopener\">R\u00e9daction Grenoble<\/a><br \/>\n        <\/strong><\/p>\n<p>        Publi\u00e9 le<\/p>\n<p>            7 mai 2025 \u00e0 13h11        <\/p>\n<p>\u00ab\u00a0On va te renvoyer la dose que tu m\u00e9rites.\u00a0\u00bb Cette phrase, adress\u00e9e \u00e0 <strong>Marine Tondelier<\/strong>, cheffe des \u00c9cologistes, fait partie d\u2019une s\u00e9rie de messages envoy\u00e9s par <strong>Jean-Luc M\u00e9lenchon<\/strong>, patron de La France Insoumise (LFI) et <a href=\"https:\/\/actu.fr\/politique\/des-comportements-de-secte-ce-que-revele-la-meute-livre-enquete-sur-jean-luc-melenchon-et-lfi_62602339.html\" target=\"_blank\" rel=\"noopener\">r\u00e9v\u00e9l\u00e9s dans le livre La Meute<\/a> des journalistes Charlotte Bela\u00efch (Lib\u00e9ration) et Olivier P\u00e9rou (Le Monde), publi\u00e9 mercredi 7 mai.<\/p>\n<p class=\" wall-content\">Plus pr\u00e9cis\u00e9ment, ce message aurait \u00e9t\u00e9 envoy\u00e9 lors de la campagne pour la l\u00e9gislative partielle de la premi\u00e8re circonscription de l\u2019Is\u00e8re, \u00e0 <a href=\"https:\/\/actu.fr\/auvergne-rhone-alpes\/grenoble_38185\" target=\"_blank\" rel=\"noopener\">Grenoble<\/a>.<\/p>\n<p>\u00c9changes houleux en coulisses<\/p>\n<p class=\" wall-content\">Dans ce livre, les journalistes r\u00e9v\u00e8lent les coulisses des n\u00e9gociations entre les diff\u00e9rents partis de gauche pour se mettre d\u2019accord sur un candidat. Le nom de <a href=\"https:\/\/actu.fr\/auvergne-rhone-alpes\/grenoble_38185\/grenoble-lucie-castets-ne-sera-pas-candidate-pour-devenir-deputee-en-isere_61759017.html\" target=\"_blank\" rel=\"noopener\">Lucie Castets<\/a> a circul\u00e9 un temps, mais c\u2019est finalement <a href=\"https:\/\/actu.fr\/auvergne-rhone-alpes\/grenoble_38185\/grenoble-le-candidat-lfi-de-la-1re-circonscription-de-l-isere-est-connu_61800387.html\" target=\"_blank\" rel=\"noopener\">Lyes Louffok<\/a> qui a port\u00e9 les couleurs du NFP.<\/p>\n<p class=\" wall-content\">Le d\u00e9put\u00e9 sortant de la circonscription, Hugo Pr\u00e9vost, \u00e9tant Insoumis, le parti a souhait\u00e9 garder son si\u00e8ge en pr\u00e9sentant un de ses membres. Une position critiqu\u00e9e par Marine Tondelier \u00e0 l\u2019automne dernier, qualifiant des \u00ab\u00a0<strong>m\u00e9thodes de bourrin<\/strong>\u00a0\u00bb de la part de LFI.<\/p>\n<p class=\" wall-content\">En r\u00e9action, Jean-Luc M\u00e9lenchon a donc envoy\u00e9 \u00e0 la patronne des \u00c9cologistes ce texto mena\u00e7ant : \u00ab\u00a0On va te renvoyer la dose que tu m\u00e9rites.\u00a0\u00bb<\/p>\n<p>Vid\u00e9os : en ce moment sur Actu\u00ab\u00a0Rien de nouveau sous le soleil\u00a0\u00bb<\/p>\n<p class=\" wall-content\">Mercredi 7 mai, sur le plateau de T\u00e9l\u00e9matin (France 2), Marine Tondelier a r\u00e9agi \u00e0 ces r\u00e9v\u00e9lations, en confirmant les propos de Jean-Luc M\u00e9lenchon.<\/p>\n<p class=\" wall-content\">\n<p class=\" wall-content\">\u00ab\u00a0Si vous voulez que je vous dise que j\u2019ai un probl\u00e8me parfois avec Jean-Luc M\u00e9lenchon, avec ses m\u00e9thodes, je ne trouve pas que c\u2019est comme \u00e7a que devrait fonctionner un parti politique\u00a0\u00bb, assure la secr\u00e9taire g\u00e9n\u00e9rale des \u00c9cologistes. Et d\u2019ajouter ne \u00ab\u00a0<strong>pas [avoir] eu beaucoup d\u2019\u00e9changes depuis<\/strong> ce texto\u00a0\u00bb avec le chef Insoumis.<\/p>\n<p class=\" wall-content\">Concernant plus g\u00e9n\u00e9ralement les r\u00e9v\u00e9lations du livre sur les m\u00e9thodes de Jean-Luc M\u00e9lenchon, elle affirme \u00ab\u00a0n\u2019apprendre rien de nouveau sous le soleil\u00a0\u00bb. Avant d\u2019insister sur le fait que \u00ab\u00a0Jean-Luc M\u00e9lenchon, ce n\u2019est pas toute la France Insoumise\u00a0\u00bb.<\/p>\n<p class=\" wall-content\">Suivez toute l\u2019actualit\u00e9 de vos villes et m\u00e9dias favoris en vous inscrivant \u00e0 <a href=\"https:\/\/moncompte.actu.fr\" title=\"D\u00e9couvez Mon Actu\" rel=\"nofollow noopener\" data-trk=\"{&quot;cta&quot;:{&quot;action&quot;:&quot;https:\\\/\\\/moncompte.actu.fr&quot;,&quot;category&quot;:&quot;mon compte&quot;,&quot;from&quot;:&quot;article footer&quot;,&quot;name&quot;:&quot;Mon actu&quot;,&quot;type&quot;:&quot;cta&quot;}}\" target=\"_blank\">Mon Actu<\/a>.<\/p>\n<ul class=\"ac-article-tag wall-content\">\n<li><a href=\"https:\/\/actu.fr\/tag\/europe-ecologie-les-verts-eelv\" data-trk=\"{&quot;cta&quot;:{&quot;action&quot;:&quot;Europe Ecologie Les Verts (EELV)&quot;,&quot;category&quot;:&quot;tag&quot;,&quot;from&quot;:&quot;article footer&quot;,&quot;name&quot;:&quot;Europe Ecologie Les Verts (EELV)&quot;,&quot;type&quot;:&quot;cta&quot;}}\" target=\"_blank\" rel=\"noopener\">#Europe Ecologie Les Verts (EELV)<\/a><\/li>\n<li><a href=\"https:\/\/actu.fr\/tag\/jean-luc-melenchon\" data-trk=\"{&quot;cta&quot;:{&quot;action&quot;:&quot;Jean-Luc M\\u00e9lenchon&quot;,&quot;category&quot;:&quot;tag&quot;,&quot;from&quot;:&quot;article footer&quot;,&quot;name&quot;:&quot;Jean-Luc M\\u00e9lenchon&quot;,&quot;type&quot;:&quot;cta&quot;}}\" target=\"_blank\" rel=\"noopener\">#Jean-Luc M\u00e9lenchon<\/a><\/li>\n<\/ul>\n","protected":false},"excerpt":{"rendered":"Par R\u00e9daction Grenoble Publi\u00e9 le 7 mai 2025 \u00e0 13h11 \u00ab\u00a0On va te renvoyer la dose que tu&hellip;\n","protected":false},"author":2,"featured_media":76257,"comment_status":"","ping_status":"","sticky":false,"template":"","format":"standard","meta":{"footnotes":""},"categories":[9566],"tags":[1111,11,2430,8513,1777,674,7430,1011,27,2731,3081,12,316,25],"class_list":{"0":"post-81803","1":"post","2":"type-post","3":"status-publish","4":"format-standard","5":"has-post-thumbnail","7":"category-grenoble","8":"tag-actu","9":"tag-actualites","10":"tag-auvergne-rhone-alpes","11":"tag-elections-legislatives","12":"tag-eu","13":"tag-europe","14":"tag-europe-ecologie-les-verts-eelv","15":"tag-fr","16":"tag-france","17":"tag-grenoble","18":"tag-jean-luc-melenchon","19":"tag-news","20":"tag-politique","21":"tag-republique-francaise"},"share_on_mastodon":{"url":"https:\/\/pubeurope.com\/@fr\/114466459959345193","error":""},"_links":{"self":[{"href":"https:\/\/www.europesays.com\/fr\/wp-json\/wp\/v2\/posts\/81803","targetHints":{"allow":["GET"]}}],"collection":[{"href":"https:\/\/www.europesays.com\/fr\/wp-json\/wp\/v2\/posts"}],"about":[{"href":"https:\/\/www.europesays.com\/fr\/wp-json\/wp\/v2\/types\/post"}],"author":[{"embeddable":true,"href":"https:\/\/www.europesays.com\/fr\/wp-json\/wp\/v2\/users\/2"}],"replies":[{"embeddable":true,"href":"https:\/\/www.europesays.com\/fr\/wp-json\/wp\/v2\/comments?post=81803"}],"version-history":[{"count":0,"href":"https:\/\/www.europesays.com\/fr\/wp-json\/wp\/v2\/posts\/81803\/revisions"}],"wp:featuredmedia":[{"embeddable":true,"href":"https:\/\/www.europesays.com\/fr\/wp-json\/wp\/v2\/media\/76257"}],"wp:attachment":[{"href":"https:\/\/www.europesays.com\/fr\/wp-json\/wp\/v2\/media?parent=81803"}],"wp:term":[{"taxonomy":"category","embeddable":true,"href":"https:\/\/www.europesays.com\/fr\/wp-json\/wp\/v2\/categories?post=81803"},{"taxonomy":"post_tag","embeddable":true,"href":"https:\/\/www.europesays.com\/fr\/wp-json\/wp\/v2\/tags?post=81803"}],"curies":[{"name":"wp","href":"https:\/\/api.w.org\/{rel}","templated":true}]}}