{"id":81813,"date":"2025-05-07T12:10:08","date_gmt":"2025-05-07T12:10:08","guid":{"rendered":"https:\/\/www.europesays.com\/fr\/81813\/"},"modified":"2025-05-07T12:10:08","modified_gmt":"2025-05-07T12:10:08","slug":"un-phenomene-de-forte-houle-attendu-en-bord-de-mer","status":"publish","type":"post","link":"https:\/\/www.europesays.com\/fr\/81813\/","title":{"rendered":"un ph\u00e9nom\u00e8ne de forte houle attendu en bord de mer"},"content":{"rendered":"<p>            Par<br \/>\n        <strong><br \/>\n            <a href=\"https:\/\/actu.fr\/auteur\/manon-reinhardt\" title=\"Consulter tous les articles de Manon Reinhardt\" rel=\"nofollow noopener\" target=\"_blank\">Manon Reinhardt<\/a><br \/>\n        <\/strong><\/p>\n<p>        Publi\u00e9 le<\/p>\n<p>            7 mai 2025 \u00e0 11h06        <\/p>\n<p>La pluie devrait (encore) s\u2019abattre \u00e0 <a href=\"https:\/\/actu.fr\/provence-alpes-cote-d-azur\/nice_06088\" rel=\"nofollow noopener\" target=\"_blank\">Nice<\/a> et sur l\u2019ensemble des <a href=\"https:\/\/actu.fr\/provence-alpes-cote-d-azur\/alpes-maritimes_06\" rel=\"nofollow noopener\" target=\"_blank\">Alpes-Maritimes<\/a>, ce mercredi 7\u00a0mai 2025, dans l\u2019apr\u00e8s-midi. Le d\u00e9partement a \u00e9t\u00e9 plac\u00e9 en alerte jaune aux orages \u00e0 partir de 12h.<\/p>\n<p class=\" wall-content\">Des<strong> vagues dangereuses<\/strong> pourraient \u00e9galement d\u00e9ferler en bord de mer. Il n\u2019est donc pas recommand\u00e9 de s\u2019y rendre lorsque la m\u00e9t\u00e9o se g\u00e2tera.<\/p>\n<p>Un \u00e9pisode attendu entre 16h et 20h<\/p>\n<p class=\" wall-content\">Les jours passent et se ressemblent\u2009: du beau temps en matin\u00e9e, de la pluie l\u2019apr\u00e8s-midi. Ce mercredi ne fera pas exception. \u00c0 partir de 12h, le d\u00e9partement des Alpes-Maritimes sera plac\u00e9 en alerte jaune aux orages.<\/p>\n<p class=\" wall-content\">D\u2019apr\u00e8s la pr\u00e9fecture, l\u2019\u00e9pisode est surtout attendu entre 16h et 20h. Il s\u2019accompagnera d\u2019un \u00ab\u2009ph\u00e9nom\u00e8ne de forte houle et de vagues dangereuses\u2009\u00bb, pr\u00e9viennent les services. Les vagues pourront atteindre <strong>1,50 m\u00e8tre<\/strong> en bord de mer. Cette houle de sud ouest concernera tout le d\u00e9partement.<\/p>\n<p>    <a href=\"https:\/\/www.facebook.com\/plugins\/post.php?href=https%3A%2F%2Fwww.facebook.com%2FPrefet06%2Fposts%2Fpfbid02MAYPt5VVKzCvzxmTRtCpviPvXajHudN687MFtPX6BmZEBPTnyzYMJj2cP15DM53Ul&amp;show_text=true&amp;width=350\" title=\"Ouvrie le lien\" rel=\"nofollow noopener\" target=\"_blank\">Cliquez ici pour visualiser le contenu<\/a><\/p>\n<p>Vid\u00e9os : en ce moment sur ActuBaignade \u00ab\u2009potentiellement dangereuse\u2009\u00bb<\/p>\n<p class=\" wall-content\">\u00ab\u2009La baignade est donc fortement d\u00e9conseill\u00e9e car potentiellement dangereuse.\u2009\u00bb Lundi, des pr\u00e9visions similaires avaient contraint la Ville de Nice \u00e0 fermer le sentier du littoral d\u00e8s 14h et \u00e0 interdire la baignade.<\/p>\n<p class=\" wall-content\">Suivez toute l\u2019actualit\u00e9 de vos villes et m\u00e9dias favoris en vous inscrivant \u00e0 <a href=\"https:\/\/moncompte.actu.fr\" title=\"D\u00e9couvez Mon Actu\" rel=\"nofollow noopener\" data-trk=\"{&quot;cta&quot;:{&quot;action&quot;:&quot;https:\\\/\\\/moncompte.actu.fr&quot;,&quot;category&quot;:&quot;mon compte&quot;,&quot;from&quot;:&quot;article footer&quot;,&quot;name&quot;:&quot;Mon actu&quot;,&quot;type&quot;:&quot;cta&quot;}}\" target=\"_blank\">Mon Actu<\/a>.<\/p>\n","protected":false},"excerpt":{"rendered":"Par Manon Reinhardt Publi\u00e9 le 7 mai 2025 \u00e0 11h06 La pluie devrait (encore) s\u2019abattre \u00e0 Nice et&hellip;\n","protected":false},"author":2,"featured_media":81814,"comment_status":"","ping_status":"","sticky":false,"template":"","format":"standard","meta":{"footnotes":""},"categories":[2819],"tags":[1111,11,1777,674,1011,27,2487,2357,12,2401,882,25],"class_list":{"0":"post-81813","1":"post","2":"type-post","3":"status-publish","4":"format-standard","5":"has-post-thumbnail","7":"category-nice","8":"tag-actu","9":"tag-actualites","10":"tag-eu","11":"tag-europe","12":"tag-fr","13":"tag-france","14":"tag-meteo","15":"tag-meteo-france","16":"tag-news","17":"tag-nice","18":"tag-provence-alpes-cote-dazur","19":"tag-republique-francaise"},"share_on_mastodon":{"url":"https:\/\/pubeurope.com\/@fr\/114466483470134085","error":""},"_links":{"self":[{"href":"https:\/\/www.europesays.com\/fr\/wp-json\/wp\/v2\/posts\/81813","targetHints":{"allow":["GET"]}}],"collection":[{"href":"https:\/\/www.europesays.com\/fr\/wp-json\/wp\/v2\/posts"}],"about":[{"href":"https:\/\/www.europesays.com\/fr\/wp-json\/wp\/v2\/types\/post"}],"author":[{"embeddable":true,"href":"https:\/\/www.europesays.com\/fr\/wp-json\/wp\/v2\/users\/2"}],"replies":[{"embeddable":true,"href":"https:\/\/www.europesays.com\/fr\/wp-json\/wp\/v2\/comments?post=81813"}],"version-history":[{"count":0,"href":"https:\/\/www.europesays.com\/fr\/wp-json\/wp\/v2\/posts\/81813\/revisions"}],"wp:featuredmedia":[{"embeddable":true,"href":"https:\/\/www.europesays.com\/fr\/wp-json\/wp\/v2\/media\/81814"}],"wp:attachment":[{"href":"https:\/\/www.europesays.com\/fr\/wp-json\/wp\/v2\/media?parent=81813"}],"wp:term":[{"taxonomy":"category","embeddable":true,"href":"https:\/\/www.europesays.com\/fr\/wp-json\/wp\/v2\/categories?post=81813"},{"taxonomy":"post_tag","embeddable":true,"href":"https:\/\/www.europesays.com\/fr\/wp-json\/wp\/v2\/tags?post=81813"}],"curies":[{"name":"wp","href":"https:\/\/api.w.org\/{rel}","templated":true}]}}