{"id":81838,"date":"2025-05-07T12:23:12","date_gmt":"2025-05-07T12:23:12","guid":{"rendered":"https:\/\/www.europesays.com\/fr\/81838\/"},"modified":"2025-05-07T12:23:12","modified_gmt":"2025-05-07T12:23:12","slug":"des-perturbations-entre-lyon-et-dijon-les-9-et-10-mai","status":"publish","type":"post","link":"https:\/\/www.europesays.com\/fr\/81838\/","title":{"rendered":"des perturbations entre Lyon et Dijon les 9 et 10 mai"},"content":{"rendered":"<p>Alors que trois syndicats &#8211; CGT-Cheminots, Sud-Rails et FO &#8211; ont appel\u00e9 les salari\u00e9s \u00e0 la gr\u00e8ve cette semaine marqu\u00e9e par le pont du 8-Mai, les perturbations restent minimes en Bourgogne-Franche-Comt\u00e9. Il devrait en \u00eatre de m\u00eame vendredi 9 et lors du week-end des 10 et 11 mai.<\/p>\n<p>N\u00e9anmoins, il faudra s&rsquo;attendre \u00e0 des perturbations les 9 et 10, entre Lyon et Dijon. La faute \u00e0 des travaux de modernisation des voies men\u00e9s par la SNCF.<\/p>\n<p>Ainsi, ces deux jours\u00a0<strong>les trains Mobigo directs Dijon-Lyon<\/strong> passeront par la Bresse, sans arr\u00eat interm\u00e9diaire entre les deux villes. Le trajet sera rallong\u00e9 d&rsquo;environ 20 minutes, qui seront prise en compte dans les prix des billets.<\/p>\n<p>Un service d&rsquo;autocars mis en place jusqu&rsquo;\u00e0 Lyon<\/p>\n<p><strong>Vendredi 9 mai<\/strong>, les train Mobigo assureront la desserte <strong>entre Dijon, Chalon-sur-Sa\u00f4ne et M\u00e2con et les gares interm\u00e9diaires<\/strong>. Mais, pour relier M\u00e2con \u00e0 Lyon (ou Lyon \u00e0 M\u00e2con), il faudra utiliser le service d&rsquo;autocars mis en place par la SNCF.<\/p>\n<p><strong>Samedi 10 mai<\/strong>, la situation se compliquera encore un peu plus, puisque les trains ne circuleront qu&rsquo;<strong>entre Dijon et Ch\u00e2lon-sur-Sa\u00f4ne<\/strong> (et leurs gares interm\u00e9diaires). Un service d&rsquo;autocars reliera Chalon-sur-Sa\u00f4ne et M\u00e2con et M\u00e2con et Lyon.<\/p>\n","protected":false},"excerpt":{"rendered":"Alors que trois syndicats &#8211; CGT-Cheminots, Sud-Rails et FO &#8211; ont appel\u00e9 les salari\u00e9s \u00e0 la gr\u00e8ve cette&hellip;\n","protected":false},"author":2,"featured_media":81839,"comment_status":"","ping_status":"","sticky":false,"template":"","format":"standard","meta":{"footnotes":""},"categories":[1889],"tags":[1111,11,2430,2931,33,1777,674,107,1011,27,2428,12,25,104,2803],"class_list":{"0":"post-81838","1":"post","2":"type-post","3":"status-publish","4":"format-standard","5":"has-post-thumbnail","7":"category-lyon","8":"tag-actu","9":"tag-actualites","10":"tag-auvergne-rhone-alpes","11":"tag-cote-dor","12":"tag-economie","13":"tag-eu","14":"tag-europe","15":"tag-fil-info","16":"tag-fr","17":"tag-france","18":"tag-lyon","19":"tag-news","20":"tag-republique-francaise","21":"tag-societe","22":"tag-transport"},"share_on_mastodon":{"url":"https:\/\/pubeurope.com\/@fr\/114466534421028888","error":""},"_links":{"self":[{"href":"https:\/\/www.europesays.com\/fr\/wp-json\/wp\/v2\/posts\/81838","targetHints":{"allow":["GET"]}}],"collection":[{"href":"https:\/\/www.europesays.com\/fr\/wp-json\/wp\/v2\/posts"}],"about":[{"href":"https:\/\/www.europesays.com\/fr\/wp-json\/wp\/v2\/types\/post"}],"author":[{"embeddable":true,"href":"https:\/\/www.europesays.com\/fr\/wp-json\/wp\/v2\/users\/2"}],"replies":[{"embeddable":true,"href":"https:\/\/www.europesays.com\/fr\/wp-json\/wp\/v2\/comments?post=81838"}],"version-history":[{"count":0,"href":"https:\/\/www.europesays.com\/fr\/wp-json\/wp\/v2\/posts\/81838\/revisions"}],"wp:featuredmedia":[{"embeddable":true,"href":"https:\/\/www.europesays.com\/fr\/wp-json\/wp\/v2\/media\/81839"}],"wp:attachment":[{"href":"https:\/\/www.europesays.com\/fr\/wp-json\/wp\/v2\/media?parent=81838"}],"wp:term":[{"taxonomy":"category","embeddable":true,"href":"https:\/\/www.europesays.com\/fr\/wp-json\/wp\/v2\/categories?post=81838"},{"taxonomy":"post_tag","embeddable":true,"href":"https:\/\/www.europesays.com\/fr\/wp-json\/wp\/v2\/tags?post=81838"}],"curies":[{"name":"wp","href":"https:\/\/api.w.org\/{rel}","templated":true}]}}