{"id":81846,"date":"2025-05-07T12:27:10","date_gmt":"2025-05-07T12:27:10","guid":{"rendered":"https:\/\/www.europesays.com\/fr\/81846\/"},"modified":"2025-05-07T12:27:10","modified_gmt":"2025-05-07T12:27:10","slug":"la-regle-nest-pas-claire-sur-ce-que-lon-peut-transporter-ou-pas-dans-le-metro","status":"publish","type":"post","link":"https:\/\/www.europesays.com\/fr\/81846\/","title":{"rendered":"La r\u00e8gle n\u2019est pas claire sur ce que l\u2019on peut transporter ou pas dans le m\u00e9tro"},"content":{"rendered":"<p><strong>\u00e7a passe ou \u00e7a passe pas ? &#8211; Apr\u00e8s la m\u00e9saventure d\u2019une jeune femme verbalis\u00e9e pour avoir transport\u00e9 sa plante verte dans le m\u00e9tro, \u00ab 20 Minutes \u00bb s\u2019est demand\u00e9 ce qu\u2019il \u00e9tait possible d\u2019emporter avec soi dans les transports en commun parisiens<\/strong><\/p>\n<p>Tout comme \u00ab nul n\u2019est cens\u00e9 ignorer la loi \u00bb, les voyageurs utilisant le r\u00e9seau de transport de la <a href=\"https:\/\/www.20minutes.fr\/dossier\/ratp?at_medium=RSS+feed&amp;at_campaign=ynews&amp;utm_source=yahoo&amp;utm_medium=rss&amp;utm_campaign=news_feed&amp;utm_content=in_article_link\" rel=\"nofollow noopener\" target=\"_blank\" data-ylk=\"slk:RATP;elm:context_link;itc:0;sec:content-canvas\" class=\"link \">RATP <\/a>acceptent implicitement d\u2019en respecter le r\u00e8glement. Encore faudrait-il qu\u2019il soit assez clair pour que l\u2019on se mette tous d\u2019accord sur les comportements \u00e0 adopter. A l\u2019image de cette jeune femme, <a href=\"https:\/\/www.20minutes.fr\/faits_divers\/4151996-20250506-paris-transporte-plante-verte-metro-prend-150-euros-amende-merci-controleurs?at_medium=RSS+feed&amp;at_campaign=ynews&amp;utm_source=yahoo&amp;utm_medium=rss&amp;utm_campaign=news_feed&amp;utm_content=in_article_link\" rel=\"nofollow noopener\" target=\"_blank\" data-ylk=\"slk:contrari\u00e9e de s\u2019\u00eatre pris une amende de 150 euros;elm:context_link;itc:0;sec:content-canvas\" class=\"link \">contrari\u00e9e de s\u2019\u00eatre pris une amende de 150 euros<\/a> pour avoir trimbal\u00e9 sa grosse plante verte dans les couloirs du m\u00e9tro <a href=\"https:\/\/www.20minutes.fr\/paris\/?at_medium=RSS+feed&amp;at_campaign=ynews&amp;utm_source=yahoo&amp;utm_medium=rss&amp;utm_campaign=news_feed&amp;utm_content=in_article_link\" rel=\"nofollow noopener\" target=\"_blank\" data-ylk=\"slk:parisien;elm:context_link;itc:0;sec:content-canvas\" class=\"link \">parisien<\/a>. Et si la RATP \u00e9voque la probl\u00e9matique du transport des \u00ab objets volumineux \u00bb sur son r\u00e9seau, on d\u00e9couvre que la notion de \u00ab volumineux \u00bb est sujette \u00e0 interpr\u00e9tation.<\/p>\n<p>C\u2019est au titre de <a href=\"https:\/\/www.legifrance.gouv.fr\/codes\/article_lc\/LEGIARTI000050706492?at_medium=RSS+feed&amp;at_campaign=ynews&amp;utm_source=yahoo&amp;utm_medium=rss&amp;utm_campaign=news_feed&amp;utm_content=in_article_link\" rel=\"nofollow noopener\" target=\"_blank\" data-ylk=\"slk:l\u2019article R2242-17C du Code des transports;elm:context_link;itc:0;sec:content-canvas\" class=\"link \">l\u2019article R2242-17C du Code des transports<\/a> que Salom\u00e9 s\u2019est pris une prune de 150 euros. Article pr\u00e9cisant que \u00ab l\u2019acc\u00e8s aux v\u00e9hicules affect\u00e9s au transport public de voyageurs est interdit \u00e0 toute personne portant ou transportant des mati\u00e8res ou objets qui, par leur nature, leur quantit\u00e9 ou l\u2019insuffisance de leur emballage, peuvent \u00eatre dangereux, g\u00eaner ou incommoder les voyageurs \u00bb. Puisque la nature des objets g\u00eanants ou incommodants est assez floue, on imagine que c\u2019est au r\u00e8glement de la RATP de la pr\u00e9ciser.<\/p>\n<p>Une source, trois versions<\/p>\n<p>Le probl\u00e8me, c\u2019est que le site Internet du transporteur propose diff\u00e9rentes d\u00e9finitions des objets encombrants. Sur la page \u00ab que puis-je emporter comme paquets ou bagages \u00bb, mise \u00e0 jour ce mercredi, la RATP liste les choses admises dans le m\u00e9tro, le RER et le funiculaire de Montmartre. \u00ab Les valises, sacs ou paquets divers \u00bb dont la d(&#8230;)<\/p>\n<p><a href=\"https:\/\/www.20minutes.fr\/paris\/4152246-20250507-paris-regle-claire-peut-transporter-metro?at_medium=RSS+feed&amp;at_campaign=ynews&amp;utm_source=yahoo&amp;utm_medium=rss&amp;utm_campaign=news_feed&amp;utm_content=read_more_link\" rel=\"nofollow noopener\" target=\"_blank\" data-ylk=\"slk:Lire la suite sur 20minutes;elm:context_link;itc:0;sec:content-canvas\" class=\"link \">Lire la suite sur 20minutes<\/a><\/p>\n<p>\u00c0 lire aussi :<br \/><a href=\"https:\/\/www.20minutes.fr\/faits_divers\/4151996-20250506-paris-transporte-plante-verte-metro-prend-150-euros-amende-merci-controleurs?at_medium=RSS+feed&amp;at_campaign=ynews&amp;utm_source=yahoo&amp;utm_medium=rss&amp;utm_campaign=news_feed&amp;utm_content=related_content_link\" rel=\"nofollow noopener\" target=\"_blank\" data-ylk=\"slk:Paris : Elle transporte une plante verte dans le m\u00e9tro et prend 150 euros d\u2019amende, (pas) merci les contr\u00f4leurs;elm:context_link;itc:0;sec:content-canvas\" class=\"link \">Paris : Elle transporte une plante verte dans le m\u00e9tro et prend 150 euros d\u2019amende, (pas) merci les contr\u00f4leurs<\/a><br \/><a href=\"https:\/\/www.20minutes.fr\/societe\/4150314-20250425-transports-agents-sncf-ratp-pourront-exclure-voyageurs?at_medium=RSS+feed&amp;at_campaign=ynews&amp;utm_source=yahoo&amp;utm_medium=rss&amp;utm_campaign=news_feed&amp;utm_content=related_content_link\" rel=\"nofollow noopener\" target=\"_blank\" data-ylk=\"slk:Transports : Les agents de s\u00e9curit\u00e9 priv\u00e9e de la SNCF ou de la RATP ne pourront pas exclure des voyageurs;elm:context_link;itc:0;sec:content-canvas\" class=\"link \">Transports : Les agents de s\u00e9curit\u00e9 priv\u00e9e de la SNCF ou de la RATP ne pourront pas exclure des voyageurs<\/a><\/p>\n","protected":false},"excerpt":{"rendered":"\u00e7a passe ou \u00e7a passe pas ? &#8211; Apr\u00e8s la m\u00e9saventure d\u2019une jeune femme verbalis\u00e9e pour avoir transport\u00e9&hellip;\n","protected":false},"author":2,"featured_media":81847,"comment_status":"","ping_status":"","sticky":false,"template":"","format":"standard","meta":{"footnotes":""},"categories":[1888],"tags":[1111,1928,11,1927,1777,674,1011,27,18946,17307,12,1926,626,1925,18945,625,25],"class_list":{"0":"post-81846","1":"post","2":"type-post","3":"status-publish","4":"format-standard","5":"has-post-thumbnail","7":"category-paris","8":"tag-actu","9":"tag-actu-paris","10":"tag-actualites","11":"tag-actualites-paris","12":"tag-eu","13":"tag-europe","14":"tag-fr","15":"tag-france","16":"tag-funiculaire-de-montmartre","17":"tag-jeune-femme","18":"tag-news","19":"tag-news-paris","20":"tag-paris","21":"tag-paris-news","22":"tag-plante-verte","23":"tag-ratp","24":"tag-republique-francaise"},"share_on_mastodon":{"url":"https:\/\/pubeurope.com\/@fr\/114466550193812788","error":""},"_links":{"self":[{"href":"https:\/\/www.europesays.com\/fr\/wp-json\/wp\/v2\/posts\/81846","targetHints":{"allow":["GET"]}}],"collection":[{"href":"https:\/\/www.europesays.com\/fr\/wp-json\/wp\/v2\/posts"}],"about":[{"href":"https:\/\/www.europesays.com\/fr\/wp-json\/wp\/v2\/types\/post"}],"author":[{"embeddable":true,"href":"https:\/\/www.europesays.com\/fr\/wp-json\/wp\/v2\/users\/2"}],"replies":[{"embeddable":true,"href":"https:\/\/www.europesays.com\/fr\/wp-json\/wp\/v2\/comments?post=81846"}],"version-history":[{"count":0,"href":"https:\/\/www.europesays.com\/fr\/wp-json\/wp\/v2\/posts\/81846\/revisions"}],"wp:featuredmedia":[{"embeddable":true,"href":"https:\/\/www.europesays.com\/fr\/wp-json\/wp\/v2\/media\/81847"}],"wp:attachment":[{"href":"https:\/\/www.europesays.com\/fr\/wp-json\/wp\/v2\/media?parent=81846"}],"wp:term":[{"taxonomy":"category","embeddable":true,"href":"https:\/\/www.europesays.com\/fr\/wp-json\/wp\/v2\/categories?post=81846"},{"taxonomy":"post_tag","embeddable":true,"href":"https:\/\/www.europesays.com\/fr\/wp-json\/wp\/v2\/tags?post=81846"}],"curies":[{"name":"wp","href":"https:\/\/api.w.org\/{rel}","templated":true}]}}