{"id":81860,"date":"2025-05-07T12:34:10","date_gmt":"2025-05-07T12:34:10","guid":{"rendered":"https:\/\/www.europesays.com\/fr\/81860\/"},"modified":"2025-05-07T12:34:10","modified_gmt":"2025-05-07T12:34:10","slug":"allemagne-la-nouvelle-ministre-de-leconomie-veut-une-politique-energetique-plus-fiable-et-prend-ses-distances-avec-les-renouvelables-07-05-2025-a-1350","status":"publish","type":"post","link":"https:\/\/www.europesays.com\/fr\/81860\/","title":{"rendered":"Allemagne : la nouvelle ministre de l&rsquo;Economie veut une politique \u00e9nerg\u00e9tique plus \u00ab\u00a0fiable\u00a0\u00bb et prend ses distances avec les renouvelables &#8211; 07\/05\/2025 \u00e0 13:50"},"content":{"rendered":"<p> Si elle a salu\u00e9 les \u00ab\u00a0grands progr\u00e8s dans la protection du climat\u00a0\u00bb li\u00e9 \u00e0 l&rsquo;action de son pr\u00e9c\u00e9cesseur \u00e9cologiste en mati\u00e8re d&rsquo;essor des \u00e9nergies renouvelables, la nouvelle ministre Katherina Reiche a point\u00e9 les limites d&rsquo;un mod\u00e8le qui ne permet pas de fournir des prix de l&rsquo;\u00e9lectricit\u00e9 abordables \u00e0 toute heure de l&rsquo;ann\u00e9e.<\/p>\n<p>        <img fetchpriority=\"high\" decoding=\"async\" src=\"https:\/\/www.europesays.com\/fr\/wp-content\/uploads\/2025\/05\/e5f65235556acc43c55d434a29d79316-760x507.jpg\" alt=\"Katherina Reiche, \u00e0 Berlin, le 7 mai 2025 ( AFP \/ JOHN MACDOUGALL )\" loading=\"eager\" width=\"760\" height=\"507\" style=\"max-width: 100%!important; height: auto;\"\/><\/p>\n<p class=\"c-image-news__legend\">Katherina Reiche, \u00e0 Berlin, le 7 mai 2025 ( AFP \/ JOHN MACDOUGALL )<\/p>\n<p>\n Objectif : \u00ab\u00a0Ma\u00eetriser les co\u00fbts\u00a0\u00bb. A l&rsquo;occasion de sa prise de fonctions mercredi 7 mai, la nouvelle ministre allemande de l&rsquo;Economie a estim\u00e9 que son pays doit miser sur une strat\u00e9gie \u00e9nerg\u00e9tique plus diversifi\u00e9e et \u00ab\u00a0fiable\u00a0\u00bb, jugeant que les renouvelables sur lesquelles le pr\u00e9c\u00e9dent gouvernement avait beaucoup mis\u00e9, ne suffiraient pas.\n<\/p>\n<p>\n Lors de la passation de pouvoir avec son pr\u00e9d\u00e9cesseur \u00e9cologiste Robert Habeck, Katherina Reiche, une conservatrice comme le nouveau chancelier Friedrich Merz, est revenue sur le bilan \u00e9nerg\u00e9tique du pr\u00e9c\u00e9dent gouvernement, qui a donn\u00e9 un coup de fouet in\u00e9dit \u00e0 la production d&rsquo;\u00e9nergies renouvelables.\n<\/p>\n<p>\n Celles-ci sont \u00ab\u00a0sans aucun doute une histoire \u00e0 succ\u00e8s\u00a0\u00bb et \u00ab\u00a0nous ont permis de faire de grands progr\u00e8s dans la protection du climat\u00a0\u00bb, a d\u00e9clar\u00e9 l&rsquo;ancienne patrone d&rsquo;une filiale du fournisseur d&rsquo;\u00e9nergie E.ON.<br \/>\n <strong><br \/>\n  \u00ab\u00a0Mais elles ne suffiront pas \u00e0 fournir de l&rsquo;\u00e9lectricit\u00e9 de mani\u00e8re fiable et \u00e0 des prix abordables \u00e0 toute heure de l&rsquo;ann\u00e9e\u00a0\u00bb,<br \/>\n <\/strong><br \/>\n selon la nouvelle ministre qui appelle \u00e0 \u00ab\u00a0ma\u00eetriser les co\u00fbts\u00a0\u00bb. La s\u00e9curit\u00e9 de l&rsquo;approvisionnement \u00e9nerg\u00e9tique, un des casse-t\u00eates du mandat de Robert Habeck, sera donc une \u00ab\u00a0priorit\u00e9 absolue\u00a0\u00bb de Mme Reiche.\n<\/p>\n<p> Le blackout ib\u00e9rique fait ressurgir les questions<\/p>\n<p>\n Apr\u00e8s le d\u00e9but de la guerre en Ukraine en 2022, Berlin a du se sevrer en toute urgence du gaz russe bon march\u00e9, ce qui a augment\u00e9 fortement le prix de l&rsquo;\u00e9nergie et p\u00e9nalis\u00e9 l&rsquo; industrie du pays. Le parti d\u00e9mocrate-chr\u00e9tien de Mme Reiche (CDU) pourfend le virage vers l&rsquo;\u00e9olien et le solaire initi\u00e9 par l&rsquo;\u00e9cologiste depuis 2021, critiquant la plus grande volatilit\u00e9 des prix de l&rsquo;\u00e9nergie qui en a d\u00e9coul\u00e9.\n<\/p>\n<p>\n Cet hiver, lors d&rsquo;un jour sans vent ni soleil, le prix de l&rsquo;\u00e9lectricit\u00e9 en Allemagne a atteint un niveau historique, contraignant certaines entreprises \u00e0 stopper leur production.<br \/>\n <strong><br \/>\n  \u00ab\u00a0Le blackout dans la p\u00e9ninsule ib\u00e9rique\u00a0\u00bb fin avril, que certains experts ont li\u00e9 aux \u00e9nergies renouvelables, \u00ab\u00a0nous a montr\u00e9 \u00e0 quel point notre syst\u00e8me \u00e9lectrique peut \u00eatre vuln\u00e9rable\u00a0\u00bb,<br \/>\n <\/strong><br \/>\n a ajout\u00e9 Katherina Reiche.\n<\/p>\n<p>\n La conservatrice mise sur la construction de centrales \u00e0 gaz, d&rsquo;une capacit\u00e9 de 20 gigawatts d&rsquo;ici 2030 selon le contrat de coalition conclu avec les sociaux-d\u00e9mocrates.\n<\/p>\n<p>\n Selon Katherina Reiche, l&rsquo;\u00e9conomie allemande, en crise, a une \u00ab\u00a0colonne vert\u00e9brale tr\u00e8s solide\u00a0\u00bb pour sortir de deux ann\u00e9es cons\u00e9cutives de r\u00e9cession et affronter le manque de main d&rsquo;oeuvre. \u00ab\u00a0L&rsquo;Europe nous regarde\u00a0\u00bb, a-t-elle d\u00e9clar\u00e9. Sous sa tutelle, le minist\u00e8re de l&rsquo;\u00e9conomie perd son \u00e9tiquette \u00ab\u00a0climat\u00a0\u00bb, instaur\u00e9e par Robert Habeck et remplac\u00e9e par \u00ab\u00a0\u00e9nergie\u00a0\u00bb.<\/p>\n","protected":false},"excerpt":{"rendered":"Si elle a salu\u00e9 les \u00ab\u00a0grands progr\u00e8s dans la protection du climat\u00a0\u00bb li\u00e9 \u00e0 l&rsquo;action de son pr\u00e9c\u00e9cesseur&hellip;\n","protected":false},"author":2,"featured_media":81861,"comment_status":"","ping_status":"","sticky":false,"template":"","format":"standard","meta":{"footnotes":""},"categories":[1587],"tags":[400,11,672,398,408,1804,405,1805,1803,1777,674,1801,403,402,399,404,12,1802,401,406,407],"class_list":{"0":"post-81860","1":"post","2":"type-post","3":"status-publish","4":"format-standard","5":"has-post-thumbnail","7":"category-allemagne","8":"tag-action-cac-40","9":"tag-actualites","10":"tag-allemagne","11":"tag-bourse-de-paris","12":"tag-boursorama","13":"tag-bundesrepublik-deutschland","14":"tag-cotations","15":"tag-de","16":"tag-deutschland","17":"tag-eu","18":"tag-europe","19":"tag-germany","20":"tag-indices-devises","21":"tag-investir","22":"tag-investissement","23":"tag-marche-boursier","24":"tag-news","25":"tag-republique-federale-dallemagne","26":"tag-sicav","27":"tag-trackers","28":"tag-warrants"},"share_on_mastodon":{"url":"https:\/\/pubeurope.com\/@fr\/114466577786872997","error":""},"_links":{"self":[{"href":"https:\/\/www.europesays.com\/fr\/wp-json\/wp\/v2\/posts\/81860","targetHints":{"allow":["GET"]}}],"collection":[{"href":"https:\/\/www.europesays.com\/fr\/wp-json\/wp\/v2\/posts"}],"about":[{"href":"https:\/\/www.europesays.com\/fr\/wp-json\/wp\/v2\/types\/post"}],"author":[{"embeddable":true,"href":"https:\/\/www.europesays.com\/fr\/wp-json\/wp\/v2\/users\/2"}],"replies":[{"embeddable":true,"href":"https:\/\/www.europesays.com\/fr\/wp-json\/wp\/v2\/comments?post=81860"}],"version-history":[{"count":0,"href":"https:\/\/www.europesays.com\/fr\/wp-json\/wp\/v2\/posts\/81860\/revisions"}],"wp:featuredmedia":[{"embeddable":true,"href":"https:\/\/www.europesays.com\/fr\/wp-json\/wp\/v2\/media\/81861"}],"wp:attachment":[{"href":"https:\/\/www.europesays.com\/fr\/wp-json\/wp\/v2\/media?parent=81860"}],"wp:term":[{"taxonomy":"category","embeddable":true,"href":"https:\/\/www.europesays.com\/fr\/wp-json\/wp\/v2\/categories?post=81860"},{"taxonomy":"post_tag","embeddable":true,"href":"https:\/\/www.europesays.com\/fr\/wp-json\/wp\/v2\/tags?post=81860"}],"curies":[{"name":"wp","href":"https:\/\/api.w.org\/{rel}","templated":true}]}}