{"id":819069,"date":"2026-03-23T14:41:13","date_gmt":"2026-03-23T14:41:13","guid":{"rendered":"https:\/\/www.europesays.com\/fr\/819069\/"},"modified":"2026-03-23T14:41:13","modified_gmt":"2026-03-23T14:41:13","slug":"les-soirees-apollinaire-font-souffler-un-vent-de-poesie-aux-deux-magots","status":"publish","type":"post","link":"https:\/\/www.europesays.com\/fr\/819069\/","title":{"rendered":"Les Soir\u00e9es Apollinaire font souffler un vent de po\u00e9sie aux Deux Magots"},"content":{"rendered":"<p class=\"p1\">Des artistes qui montent sur les tables pour d\u00e9clamer des po\u00e8mes et haranguer le public, cela n\u2019est pas sans rappeler Le Cercle des po\u00e8tes disparus. Et ce n\u2019est pas vraiment un hasard puisque le c\u00e9l\u00e8bre film de Peter Weir a inspir\u00e9 Les Soir\u00e9es Apollinaire, un nouveau rendez-vous trimestriel aux <strong>Deux Magots<\/strong>. Imagin\u00e9 avec le Poetry Club et Grosso Modo, l\u2019\u00e9v\u00e9nement met \u00e0 l\u2019honneur plusieurs po\u00e8tes qui font d\u00e9couvrir leurs cr\u00e9ations au public du c\u00e9l\u00e8bre caf\u00e9 germanopratin. Point de sc\u00e8ne ici, mais les tables de l\u2019iconique \u00e9tablissement en guise d\u2019estrade. Le tout dans une ambiance musicale et joyeuse.<\/p>\n","protected":false},"excerpt":{"rendered":"Des artistes qui montent sur les tables pour d\u00e9clamer des po\u00e8mes et haranguer le public, cela n\u2019est pas&hellip;\n","protected":false},"author":2,"featured_media":819070,"comment_status":"","ping_status":"","sticky":false,"template":"","format":"standard","meta":{"footnotes":"","_share_on_mastodon":"0"},"categories":[1888],"tags":[11,19808,1777,674,1011,27,12,626,25],"class_list":["post-819069","post","type-post","status-publish","format-standard","has-post-thumbnail","category-paris","tag-actualites","tag-bistrot","tag-eu","tag-europe","tag-fr","tag-france","tag-news","tag-paris","tag-republique-francaise"],"share_on_mastodon":{"url":"https:\/\/pubeurope.com\/@fr\/116279016648483050","error":""},"_links":{"self":[{"href":"https:\/\/www.europesays.com\/fr\/wp-json\/wp\/v2\/posts\/819069","targetHints":{"allow":["GET"]}}],"collection":[{"href":"https:\/\/www.europesays.com\/fr\/wp-json\/wp\/v2\/posts"}],"about":[{"href":"https:\/\/www.europesays.com\/fr\/wp-json\/wp\/v2\/types\/post"}],"author":[{"embeddable":true,"href":"https:\/\/www.europesays.com\/fr\/wp-json\/wp\/v2\/users\/2"}],"replies":[{"embeddable":true,"href":"https:\/\/www.europesays.com\/fr\/wp-json\/wp\/v2\/comments?post=819069"}],"version-history":[{"count":0,"href":"https:\/\/www.europesays.com\/fr\/wp-json\/wp\/v2\/posts\/819069\/revisions"}],"wp:featuredmedia":[{"embeddable":true,"href":"https:\/\/www.europesays.com\/fr\/wp-json\/wp\/v2\/media\/819070"}],"wp:attachment":[{"href":"https:\/\/www.europesays.com\/fr\/wp-json\/wp\/v2\/media?parent=819069"}],"wp:term":[{"taxonomy":"category","embeddable":true,"href":"https:\/\/www.europesays.com\/fr\/wp-json\/wp\/v2\/categories?post=819069"},{"taxonomy":"post_tag","embeddable":true,"href":"https:\/\/www.europesays.com\/fr\/wp-json\/wp\/v2\/tags?post=819069"}],"curies":[{"name":"wp","href":"https:\/\/api.w.org\/{rel}","templated":true}]}}