{"id":81917,"date":"2025-05-07T13:06:13","date_gmt":"2025-05-07T13:06:13","guid":{"rendered":"https:\/\/www.europesays.com\/fr\/81917\/"},"modified":"2025-05-07T13:06:13","modified_gmt":"2025-05-07T13:06:13","slug":"le-detail-du-programme-et-le-point-sur-vos-conditions-de-circulation","status":"publish","type":"post","link":"https:\/\/www.europesays.com\/fr\/81917\/","title":{"rendered":"le d\u00e9tail du programme et le point sur vos conditions de circulation"},"content":{"rendered":"<p>Apr\u00e8s l\u2019Allemagne en 2019, l\u2019Italie en 2021 et l\u2019Espagne en 2023, la France pr\u00e9pare un nouveau trait\u00e9 bilat\u00e9ral avec l\u2019un de ses principaux partenaires europ\u00e9ens, la Pologne. C\u2019est une <a href=\"https:\/\/www.estrepublicain.fr\/defense-guerre-conflit\/2025\/04\/29\/france-pologne-emmanuel-macron-donne-rendez-vous-pous-la-signature-d-un-traite-historique\" target=\"_blank\" rel=\"nofollow noopener\"> premi\u00e8re historique<\/a> qui se tiendra donc ce vendredi 9\u00a0mai \u00e0 Nancy. Jamais la France n\u2019avait sign\u00e9 de <a href=\"https:\/\/www.estrepublicain.fr\/politique\/2025\/04\/29\/france-pologne-un-traite-historique-signe-le-9-mai-a-nancy\" target=\"_blank\" rel=\"nofollow noopener\"> trait\u00e9 d\u2019amiti\u00e9 et de coop\u00e9ration renforc\u00e9e<\/a> avec un pays de l\u2019Union Europ\u00e9enne avec lequel il ne partage aucune fronti\u00e8re. \u00c0 l\u2019occasion de la journ\u00e9e de l\u2019Europe, le pr\u00e9sident de la R\u00e9publique, <a href=\"https:\/\/www.estrepublicain.fr\/p\/emmanuel-macron\" target=\"_blank\" rel=\"nofollow noopener\">Emmanuel Macron<\/a> retrouvera ce vendredi 9\u00a0mai le Premier ministre de la Pologne, Donald Tusk \u00e0 Nancy, ville profond\u00e9ment marqu\u00e9e la relation franco-polonaise.<\/p>\n<p>Ce trait\u00e9 permettra d\u2019\u00e9lever le partenariat franco-polonais \u00e0 un haut niveau d\u2019ambition dans les domaines strat\u00e9giques pour les deux pays et pour l\u2019Europe, en particulier la d\u00e9fense et l\u2018\u00e9nergie.<\/p>\n<p>  Le programme de la journ\u00e9e<\/p>\n<p>Selon la cellule de communication de l\u2019\u00c9lys\u00e9e, la signature du trait\u00e9 d\u2019amiti\u00e9 devrait suivre un programme qui d\u00e9marrera \u00e0 12\u00a0h\u00a035 par l\u2019arriv\u00e9e <a href=\"https:\/\/www.estrepublicain.fr\/p\/place-stanislas\" target=\"_blank\" rel=\"nofollow noopener\">place Stanislas<\/a> du pr\u00e9sident de la R\u00e9publique. Dix minutes plus tard, <a href=\"https:\/\/www.estrepublicain.fr\/p\/emmanuel-macron\" target=\"_blank\" rel=\"nofollow noopener\">Emmanuel Macron<\/a> accueillera le Premier ministre polonais Donald Tusk pour encha\u00eener \u00e0 13\u00a0h sur un d\u00e9jeuner de travail.<\/p>\n<p>Apr\u00e8s l\u2019entretien bilat\u00e9ral pr\u00e9vu \u00e0 14\u00a0h\u00a040, la signature du trait\u00e9 d\u2019amiti\u00e9 franco-polonais s\u2019effectuera \u00e0 15\u00a0h\u00a030 pour encha\u00eener un quart d\u2019heure plus tard par une conf\u00e9rence de presse.<\/p>\n<p>  Rues et places interdites \u00e0 la circulation<\/p>\n<p>La pr\u00e9fecture a communiqu\u00e9 sur le dispositif de s\u00e9curit\u00e9 mise en place. Celui-ci implique notamment l\u2019interdiction temporaire de circulation, de 8\u00a0h \u00e0 18\u00a0h, concernant les endroits suivants\u00a0: rue Sainte-Catherine, place Stanislas, terrasse de la P\u00e9pini\u00e8re, place Nelson-Mandela, place de la Carri\u00e8re, rue Gustave-Simon, rue d\u2019Amerval, rue Saint-Dizier, rue Saint-Georges, rue Bailly, place d\u2019Alliance, rue Guibal.<\/p>\n<p>Des mesures de filtrage et de s\u00e9curisation seront \u00e9galement appliqu\u00e9es dans ces secteurs concern\u00e9s.\u00a0Les usagers sont invit\u00e9s \u00e0 anticiper leurs d\u00e9placements et \u00e0 privil\u00e9gier les itin\u00e9raires de contournement ou les transports en commun.<\/p>\n<p>En outre, les services de la pr\u00e9fecture et des sous-pr\u00e9fectures seront exceptionnellement ferm\u00e9s au public.<\/p>\n<p>  Rassemblement place Charles-III<\/p>\n<p>\u00c0 l\u2019initiative de la\u00a0tribune intitul\u00e9e \u00ab\u00a0La Pologne bafoue les droits humains\u00a0\u00bb R\u00e9seau \u00c9ducation Sans Fronti\u00e8res de Meurthe-et-Moselle a d\u2019ores et d\u00e9j\u00e0 indiqu\u00e9 la tenue d\u2019un rassemblement Place Charles-III \u00e0 18\u00a0h, ce m\u00eame vendredi 9\u00a0mai, en vue de d\u00e9noncer les d\u00e9rives mortif\u00e8res des politiques nationales et europ\u00e9ennes vis-\u00e0-vis de l\u2019accueil des migrants.<\/p>\n","protected":false},"excerpt":{"rendered":"Apr\u00e8s l\u2019Allemagne en 2019, l\u2019Italie en 2021 et l\u2019Espagne en 2023, la France pr\u00e9pare un nouveau trait\u00e9 bilat\u00e9ral&hellip;\n","protected":false},"author":2,"featured_media":81918,"comment_status":"","ping_status":"","sticky":false,"template":"","format":"standard","meta":{"footnotes":""},"categories":[9635],"tags":[1111,11,3206,1707,1704,1706,1705,1777,674,1011,27,775,1702,1703,12,316,25],"class_list":{"0":"post-81917","1":"post","2":"type-post","3":"status-publish","4":"format-standard","5":"has-post-thumbnail","7":"category-nancy","8":"tag-actu","9":"tag-actualites","10":"tag-defense-guerre-conflit","11":"tag-edition-luneville","12":"tag-edition-nancy-et-agglomeration","13":"tag-edition-pont-a-mousson","14":"tag-edition-toul","15":"tag-eu","16":"tag-europe","17":"tag-fr","18":"tag-france","19":"tag-grand-est","20":"tag-nancy","21":"tag-nancy-ville-54b","22":"tag-news","23":"tag-politique","24":"tag-republique-francaise"},"share_on_mastodon":{"url":"https:\/\/pubeurope.com\/@fr\/114466703471307683","error":""},"_links":{"self":[{"href":"https:\/\/www.europesays.com\/fr\/wp-json\/wp\/v2\/posts\/81917","targetHints":{"allow":["GET"]}}],"collection":[{"href":"https:\/\/www.europesays.com\/fr\/wp-json\/wp\/v2\/posts"}],"about":[{"href":"https:\/\/www.europesays.com\/fr\/wp-json\/wp\/v2\/types\/post"}],"author":[{"embeddable":true,"href":"https:\/\/www.europesays.com\/fr\/wp-json\/wp\/v2\/users\/2"}],"replies":[{"embeddable":true,"href":"https:\/\/www.europesays.com\/fr\/wp-json\/wp\/v2\/comments?post=81917"}],"version-history":[{"count":0,"href":"https:\/\/www.europesays.com\/fr\/wp-json\/wp\/v2\/posts\/81917\/revisions"}],"wp:featuredmedia":[{"embeddable":true,"href":"https:\/\/www.europesays.com\/fr\/wp-json\/wp\/v2\/media\/81918"}],"wp:attachment":[{"href":"https:\/\/www.europesays.com\/fr\/wp-json\/wp\/v2\/media?parent=81917"}],"wp:term":[{"taxonomy":"category","embeddable":true,"href":"https:\/\/www.europesays.com\/fr\/wp-json\/wp\/v2\/categories?post=81917"},{"taxonomy":"post_tag","embeddable":true,"href":"https:\/\/www.europesays.com\/fr\/wp-json\/wp\/v2\/tags?post=81917"}],"curies":[{"name":"wp","href":"https:\/\/api.w.org\/{rel}","templated":true}]}}