{"id":81945,"date":"2025-05-07T13:20:09","date_gmt":"2025-05-07T13:20:09","guid":{"rendered":"https:\/\/www.europesays.com\/fr\/81945\/"},"modified":"2025-05-07T13:20:09","modified_gmt":"2025-05-07T13:20:09","slug":"pres-de-nice-la-neige-tombe-en-plein-de-mois-mai-sur-ce-secteur-des-alpes-maritimes","status":"publish","type":"post","link":"https:\/\/www.europesays.com\/fr\/81945\/","title":{"rendered":"Pr\u00e8s de Nice. La neige tombe en plein de mois mai sur ce secteur des Alpes-Maritimes"},"content":{"rendered":"<p>            Par<br \/>\n        <strong><br \/>\n            <a href=\"https:\/\/actu.fr\/auteur\/ugo-maillard\" title=\"Consulter tous les articles de Ugo Maillard\" rel=\"nofollow noopener\" target=\"_blank\">Ugo Maillard<\/a><br \/>\n        <\/strong><\/p>\n<p>        Publi\u00e9 le<\/p>\n<p>            7 mai 2025 \u00e0 14h54        <\/p>\n<p>Une image qui ne manque pas de faire r\u00e9agir. M\u00eame si les chutes de neige ne sont pas extraordinaires au mois de mai, elles restent un ph\u00e9nom\u00e8ne rare.<\/p>\n<p class=\" wall-content\">Sur la station d\u2019Isola 2000, au nord de <a href=\"https:\/\/actu.fr\/nice\/\" rel=\"nofollow noopener\" target=\"_blank\">Nice<\/a>, on rel\u00e8ve <strong>quelques flocons<\/strong> \u00e0 moins de 1800 m\u00e8tres d\u2019altitude comme au niveau de Berchia, ce mercredi 7\u00a0mai 2025.<\/p>\n<p>    <a href=\"https:\/\/www.google.com\/maps\/embed?pb=!1m18!1m12!1m3!1d22887.96082099462!2d7.143979956191728!3d44.186567672954475!2m3!1f0!2f0!3f0!3m2!1i1024!2i768!4f13.1!3m3!1m2!1s0x12cd009231f701b5%3A0x66b6e5e5bbf251c2!2sIsola%202000!5e0!3m2!1sfr!2sfr!4v1746621365896!5m2!1sfr!2sfr\" title=\"Ouvrie le lien\" rel=\"nofollow noopener\" target=\"_blank\">Cliquez ici pour visualiser le contenu<\/a><\/p>\n<p class=\" wall-content\">La station de ski des <a href=\"https:\/\/actu.fr\/provence-alpes-cote-d-azur\/alpes-maritimes_06\" rel=\"nofollow noopener\" target=\"_blank\">Alpes-Maritimes<\/a> n\u2019est pas la seule \u00e0 constater des chutes de neige puisque c\u2019est \u00e9galement le cas sur les massifs proches de <a href=\"https:\/\/actu.fr\/auvergne-rhone-alpes\/chamrousse_38567\/meteo-la-neige-tombe-en-plein-mois-de-mai-dans-ces-secteurs-en-isere-les-images_62605164.html\" rel=\"nofollow noopener\" target=\"_blank\">Grenoble<\/a>.<\/p>\n<p>Quelques flocons qui ne tiennent pas au sol<\/p>\n<p class=\" wall-content\">Comme on peut l\u2019observer sur la webcam du front de neige d\u2019Isola 2000, les quelques flocons ne tiennent pas au sol, en raison de la faible quantit\u00e9 et d\u2019une temp\u00e9rature d\u2019environ 4\u00b0C sur la station.<\/p>\n<p>Vid\u00e9os : en ce moment sur Actu<\/p>\n<p class=\" wall-content\">\n<p class=\" wall-content\">Les l\u00e9g\u00e8res chutes de neige devraient se poursuivre jusqu\u2019\u00e0 la fin de ce mercredi.<\/p>\n<p class=\" wall-content\">\u00c0 noter que des orages sont attendus sur la station en fin de journ\u00e9e comme cela sera le cas sur le reste du d\u00e9partement.<\/p>\n<p>Le domaine skiable ferm\u00e9<\/p>\n<p class=\" wall-content\">Malgr\u00e9 ces quelques flocons, le <strong>domaine skiable reste bien entendu ferm\u00e9<\/strong> \u00e0 Isola 2000, \u00e0 l\u2019instar des autres stations de ski des Alpes-Maritimes.<\/p>\n<p class=\" wall-content\">Il faudra patienter jusqu\u2019au 21\u00a0juin pour profiter de la remise en service des remont\u00e9es m\u00e9caniques de la station. Jusqu\u2019au 14\u00a0septembre 2025, il sera possible de profiter des tr\u00e8s nombreuses activit\u00e9s estivales d\u2019Isola.<\/p>\n<p class=\" wall-content\">Suivez toute l\u2019actualit\u00e9 de vos villes et m\u00e9dias favoris en vous inscrivant \u00e0 <a href=\"https:\/\/moncompte.actu.fr\" title=\"D\u00e9couvez Mon Actu\" rel=\"nofollow noopener\" data-trk=\"{&quot;cta&quot;:{&quot;action&quot;:&quot;https:\\\/\\\/moncompte.actu.fr&quot;,&quot;category&quot;:&quot;mon compte&quot;,&quot;from&quot;:&quot;article footer&quot;,&quot;name&quot;:&quot;Mon actu&quot;,&quot;type&quot;:&quot;cta&quot;}}\" target=\"_blank\">Mon Actu<\/a>.<\/p>\n","protected":false},"excerpt":{"rendered":"Par Ugo Maillard Publi\u00e9 le 7 mai 2025 \u00e0 14h54 Une image qui ne manque pas de faire&hellip;\n","protected":false},"author":2,"featured_media":81946,"comment_status":"","ping_status":"","sticky":false,"template":"","format":"standard","meta":{"footnotes":""},"categories":[2819],"tags":[1111,11,1777,674,1011,27,2487,10584,12,2401,882,25],"class_list":{"0":"post-81945","1":"post","2":"type-post","3":"status-publish","4":"format-standard","5":"has-post-thumbnail","7":"category-nice","8":"tag-actu","9":"tag-actualites","10":"tag-eu","11":"tag-europe","12":"tag-fr","13":"tag-france","14":"tag-meteo","15":"tag-neige","16":"tag-news","17":"tag-nice","18":"tag-provence-alpes-cote-dazur","19":"tag-republique-francaise"},"share_on_mastodon":{"url":"https:\/\/pubeurope.com\/@fr\/114466758857352753","error":""},"_links":{"self":[{"href":"https:\/\/www.europesays.com\/fr\/wp-json\/wp\/v2\/posts\/81945","targetHints":{"allow":["GET"]}}],"collection":[{"href":"https:\/\/www.europesays.com\/fr\/wp-json\/wp\/v2\/posts"}],"about":[{"href":"https:\/\/www.europesays.com\/fr\/wp-json\/wp\/v2\/types\/post"}],"author":[{"embeddable":true,"href":"https:\/\/www.europesays.com\/fr\/wp-json\/wp\/v2\/users\/2"}],"replies":[{"embeddable":true,"href":"https:\/\/www.europesays.com\/fr\/wp-json\/wp\/v2\/comments?post=81945"}],"version-history":[{"count":0,"href":"https:\/\/www.europesays.com\/fr\/wp-json\/wp\/v2\/posts\/81945\/revisions"}],"wp:featuredmedia":[{"embeddable":true,"href":"https:\/\/www.europesays.com\/fr\/wp-json\/wp\/v2\/media\/81946"}],"wp:attachment":[{"href":"https:\/\/www.europesays.com\/fr\/wp-json\/wp\/v2\/media?parent=81945"}],"wp:term":[{"taxonomy":"category","embeddable":true,"href":"https:\/\/www.europesays.com\/fr\/wp-json\/wp\/v2\/categories?post=81945"},{"taxonomy":"post_tag","embeddable":true,"href":"https:\/\/www.europesays.com\/fr\/wp-json\/wp\/v2\/tags?post=81945"}],"curies":[{"name":"wp","href":"https:\/\/api.w.org\/{rel}","templated":true}]}}