{"id":81947,"date":"2025-05-07T13:21:12","date_gmt":"2025-05-07T13:21:12","guid":{"rendered":"https:\/\/www.europesays.com\/fr\/81947\/"},"modified":"2025-05-07T13:21:12","modified_gmt":"2025-05-07T13:21:12","slug":"loire-atlantique-linstauration-du-conge-menstruel-menacee-dans-plusieurs-villes","status":"publish","type":"post","link":"https:\/\/www.europesays.com\/fr\/81947\/","title":{"rendered":"Loire-Atlantique : l&rsquo;instauration du \u00ab\u00a0cong\u00e9 menstruel\u00a0\u00bb menac\u00e9e dans plusieurs villes"},"content":{"rendered":"<p class=\"block date\" id=\"dateEtAuteur\">Publi\u00e9 : 14h11 &#8211; Modifi\u00e9 : 14h17 H\u00e9l\u00e8ne  HAMON <\/p>\n<p><img decoding=\"async\" class=\"\" style=\"width:100%\" src=\"https:\/\/www.europesays.com\/fr\/wp-content\/uploads\/2025\/05\/regles1746619118142.jpg\" alt=\"R\u00e8gle douloureuse\"\/>Depuis plus d&rsquo;un an, plusieurs collectivit\u00e9s de Loire-Atlantique ont mis en place des cong\u00e9s menstruels. Une initiative contest\u00e9e aujourd&rsquo;hui par la pr\u00e9fecture qui d\u00e9plore l&rsquo;absence de cadre l\u00e9gal. A Saint-S\u00e9bastien-sur-Loire, on s&rsquo;en remet d\u00e9sormais aux parlementaires. Interview avec le tout nouveau maire, Thomas Boucher. <\/p>\n<p>L&rsquo;iniatiative partait d&rsquo;une bonne intention, elle est aujourd&rsquo;hui plus que jamais menac\u00e9e. Depuis un an, plusieurs collectivit\u00e9s de Loire-Atlantique ont instaur\u00e9 des cong\u00e9s menstruels \u00e0 destination de leurs agentes, des cong\u00e9s exceptionnels en cas de r\u00e8gles douloureuses. Des arr\u00eat\u00e9s en ce sens ont \u00e9t\u00e9 pris \u00e0 Nantes, Orvault, Pless\u00e9, Saint-Nazaire mais aussi \u00e0 Saint-S\u00e9bastien-sur-Loire. Probl\u00e8me, il n&rsquo;existe aucun cadre l\u00e9gal autorisant les collectivit\u00e9s territoriales \u00e0 mettre en place cette mesure.<\/p>\n<p>La pr\u00e9fecture de Loire-Atlantique s\u2019en est m\u00eal\u00e9e et le dispositif va devoir s\u2019arr\u00eater. Ce mardi 6 mai, le conseil municipal de Saint-S\u00e9bastien-sur-Loire devait abroger cette d\u00e9lib\u00e9ration, au grand dam du maire, Thomas Boucher, \u00e9lu lors cette r\u00e9union, en lieu et place de Laurent Turquois qui a donn\u00e9 sa d\u00e9mission fin avril.<strong>\u00a0<\/strong>\u00ab\u00a0On a l&rsquo;obligation d&rsquo;abroger cette loi. Orvault, qui a \u00e9t\u00e9 la premi\u00e8re ville \u00e0 mettre en place ce cong\u00e9, Saint-Herbain, et toutes les villes qui ont vot\u00e9 cette d\u00e9lib\u00e9ration ont aujourd&rsquo;hui re\u00e7u un courrier de la pr\u00e9fecture leur demandant d&rsquo;abroger cette d\u00e9lib\u00e9ration.<\/p>\n<blockquote><p>\n\u00ab\u00a0On l&rsquo;avait fait pour faire avancer les choses\u00a0\u00bb\n<\/p><\/blockquote>\n<p> L&rsquo;ann\u00e9e derni\u00e8re, d\u00e9j\u00e0, les diff\u00e9rents parlementaires ne se mettaient pas d&rsquo;accord, donc les initiatives avaient \u00e9t\u00e9 prises localement. On l&rsquo;avait fait pour faire avancer les choses. On a \u00e9t\u00e9 un peu surpris : normalement le contr\u00f4le de la l\u00e9galit\u00e9 des d\u00e9lib\u00e9rations se fait dans les deux mois qui suivent&#8230; <strong>Pour autant, notre objectif n&rsquo;est pas d&rsquo;entrer en guerre contre la pr\u00e9fecture qui fait respecter la loi, mais bien de continuer \u00e0 bouger les parlementaires pour qu&rsquo;un jour on arrive d\u00e9finitivement \u00e0 une loi qui permettra de mettre les choses en place de mani\u00e8re l\u00e9gale sur les territoires\u00a0\u00bb.<\/strong><\/p>\n<p>Thomas Boucher, maire de Saint-S\u00e9bastien-sur-LoireThomas Boucher, maire de Saint-S\u00e9bastien-sur-Loire <\/p>\n<p>Certaines villes font de la r\u00e9sistance, comme Orvault et Saint-Nazaire qui comptent maintenir le dispositif. Quoi qu&rsquo;il en soit, les collectivit\u00e9s touch\u00e9es devraient se r\u00e9unir<strong> <\/strong>dans les prochaines semaines afin d&rsquo;interpeller les parlementaires, selon Thomas Boucher.\u00a0<\/p>\n<blockquote><p>\nLes parlementaires interpell\u00e9s \u00ab\u00a0pour bouger les choses\u00a0\u00bb\n<\/p><\/blockquote>\n<p>\u00ab\u00a0On fait<strong> <\/strong>des courriers \u00e0 nos d\u00e9put\u00e9s, aux parlementaires en g\u00e9n\u00e9ral, et on doit se r\u00e9unir aussi avec les diff\u00e9rentes villes de la m\u00e9tropole pour voir ce que nous pouvons faire comme action commune, et essayer de faire bouger les choses parce que c&rsquo;est quelque chose qui s&rsquo;est bien mis en place pendant un an \u00e0 Saint-S\u00e9bastien. <strong>On trouve \u00e7a dommage de ne pas pouvoir continuer de mani\u00e8re officielle et dans un cadre l\u00e9gal\u00a0\u00bb.<\/strong><\/p>\n<p>  Thomas Boucher, maire de Saint-S\u00e9bastien-sur-Loire  Thomas Boucher, maire de Saint-S\u00e9bastien-sur-Loire <\/p>\n<p>Pour le nouvel \u00e9dile, ce cong\u00e9 repr\u00e9sentait une avanc\u00e9e significative. Son utilisation restait \u00ab\u00a0assez occasionnelle\u00a0\u00bb, selon ses propres mots. \u00ab\u00a0On estime \u00e0 peu pr\u00e8s \u00e0 10% en France les femmes qui souffrent de r\u00e8gles chaque mois. Sur la ville c&rsquo;\u00e9tait \u00e0 peu pr\u00e8s 10%, soit une vingtaine de femmes \u00ab\u00a0potentiellement cibles\u00a0\u00bb. <\/p>\n<blockquote><p>\n\u00ab\u00a0On r\u00e9pond \u00e0 une probl\u00e9matique sans qu&rsquo;il y ait du tout d&rsquo;abus !\u00a0\u00bb\n<\/p><\/blockquote>\n<p>Au final sur un an on a eu uniquement cinq femmes, et sur les cinq, deux ont la prescription du m\u00e9decin obligatoire mais elles n&rsquo;ont jamais utilis\u00e9 finalement de cong\u00e9s. <strong>On se retrouve \u00e0 trois agentes qui ont utilis\u00e9 le dispositif en un an donc \u00e7a montre bien que la premi\u00e8re motivation des femmes est juste de pouvoir avoir quelque chose qui les aide,<\/strong> mais pas du tout de rester chez elles ou d&rsquo;\u00eatre en cong\u00e9 deux, trois jours par mois comme on a pu l&rsquo;entendre. On r\u00e9pond \u00e0 une probl\u00e9matique sans qu&rsquo;il y ait du tout d&rsquo;abus.\u00a0\u00bb<\/p>\n<p>Thomas Boucher, maire de Saint-S\u00e9bastien-sur-LoireThomas Boucher, maire de Saint-S\u00e9bastien-sur-Loire <\/p>\n<p>A <a href=\"https:\/\/hitwest.ouest-france.fr\/orvault-le-conge-menstruel-est-apprecie-mais-il-reste-un-tabou-a-lever\" rel=\"noopener\" target=\"_blank\">Orvault<\/a>, la municipalit\u00e9 envisagerait de poursuivre son exp\u00e9rimentation, et la plupart des collectivit\u00e9s entendent aller \u00e0 la rencontre des parlementaires pour faire avancer cette d\u00e9marche sociale.<\/p>\n","protected":false},"excerpt":{"rendered":"Publi\u00e9 : 14h11 &#8211; Modifi\u00e9 : 14h17 H\u00e9l\u00e8ne HAMON Depuis plus d&rsquo;un an, plusieurs collectivit\u00e9s de Loire-Atlantique ont&hellip;\n","protected":false},"author":2,"featured_media":81948,"comment_status":"","ping_status":"","sticky":false,"template":"","format":"standard","meta":{"footnotes":""},"categories":[2818],"tags":[1111,11,18951,1777,674,1011,27,3047,766,12,4151,2636,8916,7700,25,3524,18950],"class_list":{"0":"post-81947","1":"post","2":"type-post","3":"status-publish","4":"format-standard","5":"has-post-thumbnail","7":"category-nantes","8":"tag-actu","9":"tag-actualites","10":"tag-conges-menstruels","11":"tag-eu","12":"tag-europe","13":"tag-fr","14":"tag-france","15":"tag-loire-atlantique","16":"tag-nantes","17":"tag-news","18":"tag-orvault","19":"tag-pays-de-la-loire","20":"tag-prefecture","21":"tag-regle","22":"tag-republique-francaise","23":"tag-saint-sebastien-sur-loire","24":"tag-thomas-boucher"},"share_on_mastodon":{"url":"https:\/\/pubeurope.com\/@fr\/114466762628328060","error":""},"_links":{"self":[{"href":"https:\/\/www.europesays.com\/fr\/wp-json\/wp\/v2\/posts\/81947","targetHints":{"allow":["GET"]}}],"collection":[{"href":"https:\/\/www.europesays.com\/fr\/wp-json\/wp\/v2\/posts"}],"about":[{"href":"https:\/\/www.europesays.com\/fr\/wp-json\/wp\/v2\/types\/post"}],"author":[{"embeddable":true,"href":"https:\/\/www.europesays.com\/fr\/wp-json\/wp\/v2\/users\/2"}],"replies":[{"embeddable":true,"href":"https:\/\/www.europesays.com\/fr\/wp-json\/wp\/v2\/comments?post=81947"}],"version-history":[{"count":0,"href":"https:\/\/www.europesays.com\/fr\/wp-json\/wp\/v2\/posts\/81947\/revisions"}],"wp:featuredmedia":[{"embeddable":true,"href":"https:\/\/www.europesays.com\/fr\/wp-json\/wp\/v2\/media\/81948"}],"wp:attachment":[{"href":"https:\/\/www.europesays.com\/fr\/wp-json\/wp\/v2\/media?parent=81947"}],"wp:term":[{"taxonomy":"category","embeddable":true,"href":"https:\/\/www.europesays.com\/fr\/wp-json\/wp\/v2\/categories?post=81947"},{"taxonomy":"post_tag","embeddable":true,"href":"https:\/\/www.europesays.com\/fr\/wp-json\/wp\/v2\/tags?post=81947"}],"curies":[{"name":"wp","href":"https:\/\/api.w.org\/{rel}","templated":true}]}}