{"id":81949,"date":"2025-05-07T13:22:16","date_gmt":"2025-05-07T13:22:16","guid":{"rendered":"https:\/\/www.europesays.com\/fr\/81949\/"},"modified":"2025-05-07T13:22:16","modified_gmt":"2025-05-07T13:22:16","slug":"parc-des-naudieres-un-univers-de-loisirs-aux-portes-de-nantes","status":"publish","type":"post","link":"https:\/\/www.europesays.com\/fr\/81949\/","title":{"rendered":"Parc des Naudi\u00e8res : un univers de loisirs aux portes de Nantes"},"content":{"rendered":"<p>Install\u00e9 \u00e0 Sautron pr\u00e8s de Nantes, le Parc des Naudi\u00e8res est une v\u00e9ritable destination familiale. Combinant attractions m\u00e9caniques, spectacles vivants et espaces naturels, le parc propose une exp\u00e9rience compl\u00e8te pour tous les \u00e2ges. Antony Jaulin, directeur du parc, nous d\u00e9voile les coulisses de cet univers de loisirs adapt\u00e9 \u00e0 tous les \u00e2ges.<\/p>\n<p>Parc des Naudi\u00e8res pr\u00e8s de Nantes : une aventure ludique pour visiteurs de tous \u00e2ges<br \/>\nPouvez-vous nous pr\u00e9senter le Parc des Naudi\u00e8res et son \u00e9volution r\u00e9cente ?<\/p>\n<p>Antony Jaulin : Le Parc des Naudi\u00e8res existe depuis 1971 et fait partie du patrimoine nantais depuis plus de 50 ans. Suite \u00e0 son rachat en 2020, nous avons entrepris une r\u00e9novation int\u00e9grale pour offrir une nouvelle dimension \u00e0 cet espace. Chaque ann\u00e9e, nous enrichissons notre offre avec de nouvelles animations. L&rsquo;an dernier, nous avons inaugur\u00e9 nos chaises volantes, une attraction m\u00e9canique qui a rencontr\u00e9 un grand succ\u00e8s. Pour 2025, nous avons choisi de mettre l&rsquo;accent sur les spectacles vivants avec plusieurs nouveaut\u00e9s.<\/p>\n<p><img decoding=\"async\" src=\"https:\/\/www.europesays.com\/fr\/wp-content\/uploads\/2025\/05\/U1746611410429681b2cd268bb1.jpg\"\/><\/p>\n<p>Pouvez-vous nous parler des attractions ?<\/p>\n<p>Les familles peuvent profiter de nombreuses attractions comme notre roller coaster, la piste de luge, le tir \u00e0 l&rsquo;\u00e9lastique ou encore le toboggan g\u00e9ant o\u00f9 l&rsquo;on glisse sur des sacs en toile de jute, une exp\u00e9rience tr\u00e8s appr\u00e9ci\u00e9e ! Nous poss\u00e9dons \u00e9galement un labyrinthe avec \u00e9nigmes qui stimule aussi bien la r\u00e9flexion que l&rsquo;amusement. Pour les journ\u00e9es chaudes, notre zone aquatique comprend une plage de sable blanc avec transats, un aquaslide et un plan d&rsquo;eau o\u00f9 l&rsquo;on peut faire du p\u00e9dalo. C&rsquo;est vraiment un parc o\u00f9 chacun trouve son bonheur, quel que soit son \u00e2ge ou ses centres d&rsquo;int\u00e9r\u00eat.<\/p>\n<p><img decoding=\"async\" src=\"https:\/\/www.europesays.com\/fr\/wp-content\/uploads\/2025\/05\/U1746611418844681b2cdace06a.jpg\"\/><\/p>\n<p>Quelles sont les nouveaut\u00e9s pour la saison 2025 ?<\/p>\n<p>Cette ann\u00e9e, nous avons particuli\u00e8rement investi dans les spectacles vivants avec plusieurs nouveaut\u00e9s. Nous avons choisi d\u2019accueillir Rolimax, un artiste funambule qui \u00e9voluera en hauteur sur un c\u00e2ble d&rsquo;acier, la compagnie Dekonou qui proposera des percussions africaines les dimanches d&rsquo;\u00e9t\u00e9, et notre clown Show Moalic avec un nouveau spectacle les samedis. Pour les enfants, nous proposons \u00e9galement un atelier maquillage avec une maquilleuse professionnelle en juillet et ao\u00fbt.<\/p>\n<p><img decoding=\"async\" src=\"https:\/\/www.europesays.com\/fr\/wp-content\/uploads\/2025\/05\/U1746611294904681b2c5edc977.jpg\"\/><\/p>\n<p>Le parc des Naudi\u00e8res engag\u00e9 dans une d\u00e9marche \u00e9cologique et locale<br \/>\nLe Parc des Naudi\u00e8res semble \u00e9galement avoir une dimension \u00e9cologique. Pouvez-vous nous en parler ?<\/p>\n<p>L&rsquo;\u00e9cologie est effectivement au c\u0153ur de notre projet. Nous avons mis en place un syst\u00e8me d&rsquo;\u00e9co-p\u00e2turage avec une mini-ferme dont les animaux entretiennent naturellement certaines zones du parc. En vous promenant, vous d\u00e9couvrirez r\u00e9guli\u00e8rement de petits enclos avec des animaux qui p\u00e2turent. C\u2019est une solution \u00e0 la fois ludique et naturelle pour d\u00e9sherber et d\u00e9broussailler le parc.<\/p>\n<p>Nous sommes \u00e9galement engag\u00e9s dans une d\u00e9marche de recyclage, notamment \u00e0 travers notre partenariat avec l&rsquo;association Tree6clope. Nous collectons les m\u00e9gots de cigarettes qui sont ensuite recycl\u00e9s en mati\u00e8re plastique afin de r\u00e9duire au maximum la pollution de ces d\u00e9chets.<\/p>\n<p><img decoding=\"async\" src=\"https:\/\/www.europesays.com\/fr\/wp-content\/uploads\/2025\/05\/U1746611428389681b2ce45f06b.jpg\"\/><\/p>\n<p>Votre engagement s&rsquo;\u00e9tend-il \u00e9galement \u00e0 votre offre de restauration ?<\/p>\n<p>Absolument ! C\u00f4t\u00e9 restauration, nous privil\u00e9gions les circuits courts avec des partenaires locaux : le pain de nos burgers provient d&rsquo;un artisan boulanger du coin, le fromage d&rsquo;un fromager de la r\u00e9gion, et nous travaillons avec un brasseur et un torr\u00e9facteur des environs. Cette approche nous permet non seulement de proposer des produits frais et de qualit\u00e9, mais aussi de soutenir l&rsquo;\u00e9conomie locale.<\/p>\n<p>Est-il possible \u00e9galement de pique-niquer sur place ?<\/p>\n<p>Tout \u00e0 fait. Pour ceux qui pr\u00e9f\u00e8rent apporter leur repas, un grand espace pique-nique arbor\u00e9 avec tables et chaises est \u00e0 disposition, id\u00e9al pour d\u00e9jeuner \u00e0 l\u2019ombre.<\/p>\n<p><img decoding=\"async\" src=\"https:\/\/www.europesays.com\/fr\/wp-content\/uploads\/2025\/05\/U1746611479543681b2d17849f2.jpg\"\/><\/p>\n<p>Le parc des Naudi\u00e8res privatis\u00e9 pour les entreprises, groupes et familles<br \/>\nProposez-vous des animations particuli\u00e8res pour les entreprises et les groupes ?<\/p>\n<p>En effet, les entreprises et associations peuvent r\u00e9server le parc en dehors des heures d&rsquo;ouverture pour des afterworks ou des \u00e9v\u00e9nements de team building. Pour ces occasions, nous proposons de nombreuses activit\u00e9s et animations qui rencontrent un franc succ\u00e8s.<\/p>\n<p>Et pour les familles, avez-vous des offres sp\u00e9ciales ?<\/p>\n<p>Les familles peuvent \u00e9galement privatiser le parc pour des \u00e9v\u00e9nements sp\u00e9ciaux \u00e0 partir de 40 personnes. Des formules traiteur conviviales, comme la paella ou les fajitas en version g\u00e9ante sont propos\u00e9es pour partager un moment festif sur notre grande terrasse couverte. Les enfants peuvent \u00e9galement f\u00eater leur anniversaire au parc avec la pr\u00e9sence de notre c\u00e9l\u00e8bre mascotte Holly la chouette. C&rsquo;est une fa\u00e7on de cr\u00e9er des souvenirs inoubliables dans un cadre ludique et festif.<\/p>\n<p>Vous allez participer \u00e0 un salon \u00e0 Angers prochainement. De quoi s&rsquo;agit-il ?<\/p>\n<p>Effectivement, nous serons pr\u00e9sents le 15 mai \u00e0 Terra Botanica \u00e0 Angers pour un salon destin\u00e9 aux Comit\u00e9s Sociaux et \u00c9conomiques. Ce sera l&rsquo;occasion de proposer des tarifs r\u00e9duits aux entreprises des d\u00e9partements limitrophes de la r\u00e9gion nantaise. C&rsquo;est une d\u00e9marche importante pour nous car elle permet de faire conna\u00eetre le Parc des Naudi\u00e8res \u00e0 un public plus large et d&rsquo;attirer de nouveaux visiteurs qui n&rsquo;ont pas encore eu l&rsquo;occasion de d\u00e9couvrir notre univers.<\/p>\n<p><img decoding=\"async\" src=\"https:\/\/www.europesays.com\/fr\/wp-content\/uploads\/2025\/05\/U1746611522847681b2d42ceb96.jpg\"\/><\/p>\n<p>Un dernier mot pour nos lecteurs ?<\/p>\n<p>Que vous soyez en famille, entre amis ou avec vos coll\u00e8gues, vous trouverez une atmosph\u00e8re chaleureuse et une multitude d&rsquo;activit\u00e9s. Avec notre nouveau programme de spectacles, cette saison s&rsquo;annonce particuli\u00e8rement festive ! Au plaisir de vous accueillir prochainement !<\/p>\n<p>Informations pratiques :<\/p>\n<p>\u00a0<\/p>\n","protected":false},"excerpt":{"rendered":"Install\u00e9 \u00e0 Sautron pr\u00e8s de Nantes, le Parc des Naudi\u00e8res est une v\u00e9ritable destination familiale. Combinant attractions m\u00e9caniques,&hellip;\n","protected":false},"author":2,"featured_media":81950,"comment_status":"","ping_status":"","sticky":false,"template":"","format":"standard","meta":{"footnotes":""},"categories":[2818],"tags":[1111,11,1777,674,1011,27,1393,766,18952,12,153,2636,3761,25,387],"class_list":{"0":"post-81949","1":"post","2":"type-post","3":"status-publish","4":"format-standard","5":"has-post-thumbnail","7":"category-nantes","8":"tag-actu","9":"tag-actualites","10":"tag-eu","11":"tag-europe","12":"tag-fr","13":"tag-france","14":"tag-loisirs","15":"tag-nantes","16":"tag-naudieres","17":"tag-news","18":"tag-parc","19":"tag-pays-de-la-loire","20":"tag-portes","21":"tag-republique-francaise","22":"tag-univers"},"share_on_mastodon":{"url":"https:\/\/pubeurope.com\/@fr\/114466766611962046","error":""},"_links":{"self":[{"href":"https:\/\/www.europesays.com\/fr\/wp-json\/wp\/v2\/posts\/81949","targetHints":{"allow":["GET"]}}],"collection":[{"href":"https:\/\/www.europesays.com\/fr\/wp-json\/wp\/v2\/posts"}],"about":[{"href":"https:\/\/www.europesays.com\/fr\/wp-json\/wp\/v2\/types\/post"}],"author":[{"embeddable":true,"href":"https:\/\/www.europesays.com\/fr\/wp-json\/wp\/v2\/users\/2"}],"replies":[{"embeddable":true,"href":"https:\/\/www.europesays.com\/fr\/wp-json\/wp\/v2\/comments?post=81949"}],"version-history":[{"count":0,"href":"https:\/\/www.europesays.com\/fr\/wp-json\/wp\/v2\/posts\/81949\/revisions"}],"wp:featuredmedia":[{"embeddable":true,"href":"https:\/\/www.europesays.com\/fr\/wp-json\/wp\/v2\/media\/81950"}],"wp:attachment":[{"href":"https:\/\/www.europesays.com\/fr\/wp-json\/wp\/v2\/media?parent=81949"}],"wp:term":[{"taxonomy":"category","embeddable":true,"href":"https:\/\/www.europesays.com\/fr\/wp-json\/wp\/v2\/categories?post=81949"},{"taxonomy":"post_tag","embeddable":true,"href":"https:\/\/www.europesays.com\/fr\/wp-json\/wp\/v2\/tags?post=81949"}],"curies":[{"name":"wp","href":"https:\/\/api.w.org\/{rel}","templated":true}]}}