{"id":81957,"date":"2025-05-07T13:26:08","date_gmt":"2025-05-07T13:26:08","guid":{"rendered":"https:\/\/www.europesays.com\/fr\/81957\/"},"modified":"2025-05-07T13:26:08","modified_gmt":"2025-05-07T13:26:08","slug":"le-festival-du-brunch-debute-a-toulouse","status":"publish","type":"post","link":"https:\/\/www.europesays.com\/fr\/81957\/","title":{"rendered":"le Festival du Brunch d\u00e9bute \u00e0 Toulouse"},"content":{"rendered":"<p>            Par<br \/>\n        <strong><br \/>\n            <a href=\"https:\/\/actu.fr\/auteur\/mareva-laville-actu-fr\" title=\"Consulter tous les articles de Mar\u00e9va Laville\" rel=\"nofollow noopener\" target=\"_blank\">Mar\u00e9va Laville<\/a><br \/>\n        <\/strong><\/p>\n<p>        Publi\u00e9 le<\/p>\n<p>            7 mai 2025 \u00e0 15h02        <\/p>\n<p>C\u2019est un <a href=\"https:\/\/actu.fr\/occitanie\/toulouse_31555\/toulouse-en-plein-centre-ville-cette-nouvelle-adresse-proposera-des-brunchs-7-jours-sur-7_62589530.html\" rel=\"nofollow noopener\" target=\"_blank\">repas qui a amplement trouv\u00e9 son public<\/a> \u00e0 <a href=\"http:\/\/www.actu.fr\/toulouse\" rel=\"nofollow noopener\" target=\"_blank\">Toulouse<\/a>. \u00c0 tel point que chaque dimanche rime avec dans la Ville rose et que l\u2019<strong>h\u00f4tel Mercure de Compans-Caffarelli<\/strong> en a fait un festival. Le brunch\u2009! Et pas qu\u2019en une date. Cette ann\u00e9e,<a href=\"https:\/\/actu.fr\/occitanie\/toulouse_31555\/toulouse-un-festival-insolite-avec-brunchs-a-volonte-sur-plusieurs-jours_60957286.html\" rel=\"nofollow noopener\" target=\"_blank\"> pour sa seconde \u00e9dition<\/a>, le Mercure Toulouse Centre Compans organise le <strong>Festival du Brunch<\/strong> en deux temps\u2009:<strong> du 8 au 10\u00a0mai puis du 7 au 9\u00a0juin.<\/strong> Pour deux fois plus de plaisir, et deux fois plus de gourmandise\u2009!<\/p>\n<p>    <a href=\"https:\/\/www.google.com\/maps\/embed?pb=!1m18!1m12!1m3!1d3152.101958109056!2d1.4347081999999987!3d43.610708100000004!2m3!1f0!2f0!3f0!3m2!1i1024!2i768!4f13.1!3m3!1m2!1s0x12aebb5d3f1d3707%3A0xb1a30697890c15eb!2sBARRICOT!5e1!3m2!1sfr!2sfr!4v1746459680263!5m2!1sfr!2sfr\" title=\"Ouvrie le lien\" rel=\"nofollow noopener\" target=\"_blank\">Cliquez ici pour visualiser le contenu<\/a><\/p>\n<p>Un pont de mai avec brunchs th\u00e9matiques \u00e0 volont\u00e9<\/p>\n<p class=\" wall-content\">Direction le <strong>restaurant Barricot<\/strong> de l\u2019h\u00f4tel pour ceux qui en ont d\u00e9j\u00e0 l\u2019eau \u00e0 la bouche. L\u00e0-bas, d\u00e8s ce <strong>jeudi f\u00e9ri\u00e9 du 8\u00a0mai,<\/strong> les chefs et serveurs mettront les petits plats dans les grands. Trois jours de <strong>buffets brunchs<\/strong> s\u2019encha\u00eeneront, avec pour chaque journ\u00e9e sa th\u00e9matique et son ambiance.<\/p>\n<p class=\" wall-content\">L\u2019ouverture, jeudi 8\u00a0mai, aura m\u00eame le droit \u00e0 <strong>un DJ set en live le soir<\/strong>\u2009! Dans les assiettes, pour <a href=\"https:\/\/actu.fr\/societe\/pourquoi-le-8-mai-est-il-un-jour-ferie-en-france_60997374.html#:~:text=L&#039;acte%20de%20capitulation%20fixe,commandements%20militaires%20allemands%20et%20alli%C3%A9s.\" rel=\"nofollow noopener\" target=\"_blank\">ce jour de comm\u00e9moration de la fin de la Seconde Guerre mondiale,<\/a> c\u2019est la <strong>gastronomie fran\u00e7aise<\/strong> qui sera davantage mise \u00e0 l\u2019honneur avec un brunch le midi et un drunch le soir (\u00e9quivalent du brunch pour l\u2019apr\u00e8s-midi et\/ou soir, ndlr) intitul\u00e9 \u00ab\u2009French Touch\u2009\u00bb (\u00abtouche fran\u00e7aise\u2009\u00bb). Au menu\u2009? De la c\u00f4te de b\u0153uf, du b\u0153uf bourguignon, du merlu entier, et bien d\u2019autres mets encore.<\/p>\n<p class=\" wall-content\">Le lendemain, vendredi 9\u00a0mai, le buffet prendra une <strong>saveur plus exotique.<\/strong> Direction l\u2019Asie avec un brunch \u00ab\u2009Ph\u00f4 moi r\u00eaver\u2009\u00bb. \u00c0 d\u00e9guster le midi uniquement\u2009? Du ph\u00f4 vietnamien, \u00e9videmment, mais aussi des baos ou encore des makis.<\/p>\n<p class=\" wall-content\">Enfin, pour le dernier jour du \u00ab\u2009premier acte\u2009\u00bb de ce festival, samedi 10\u00a0mai, le brunch du midi prendra une<strong> allure\u2026 am\u00e9ricaine<\/strong>\u2009! \u00ab\u2009<a href=\"https:\/\/actu.fr\/occitanie\/toulouse_31555\/ces-legendes-du-basket-mondial-debarquent-a-toulouse-pour-un-show-exceptionnel_62304650.html\" rel=\"nofollow noopener\" target=\"_blank\">L\u2019Harlem Globe<\/a> Brunchers\u2009\u00bb promet tout un tas de burgers, hot-dogs et donuts pour tenir les plus gourmands en haleine jusqu\u2019au second temps, en juin.<\/p>\n<p>Vid\u00e9os : en ce moment sur ActuTrois autres jours de brunch (et pas que\u2009!), version festival californien<\/p>\n<p class=\" wall-content\">Ces trois prochains jours, qui s\u2019\u00e9taleront<strong> du 7 au 9\u00a0juin<\/strong>, profitant l\u00e0 encore d\u2019un jour f\u00e9ri\u00e9, joueront sur un ma\u00eetre-mot\u2009: immersion. L\u2019exp\u00e9rience se voudra totale en sollicitant les 5 sens des clients. D\u00e9coration, animation, musique, boisson et plats joueront ensemble pour offrir des brunchs hors du commun regroup\u00e9s sous le nom de \u00ab\u2009Companschella<strong>\u2009\u00bb<\/strong> (jeu de mot entre le festival californien Coachella et le quartier de Compans).<\/p>\n<p class=\" wall-content\">Car tel un v\u00e9ritable festival, la musique sera de la partie gr\u00e2ce au<strong> DJ<\/strong> Even qui mixera dans une <strong>ambiance \u00ab\u2009d\u00e9sert californien\u2009\u00bb et Coachella.<\/strong> Stands de paillette, make-up, tatouages \u00e9ph\u00e9m\u00e8res, corner de street food et autres animations donneront le ton. Et les conditions id\u00e9ales pour savourer un<strong> brunch californien<\/strong> les trois midis ou le drunch du 7\u00a0juin soir, comme si on y \u00e9tait.<\/p>\n<p>Festival du Brunch 2025<br \/>Du 8 au 10\u00a0mai et du 7 au 9\u00a0juin<br \/>Restaurant Barricot de l\u2019h\u00f4tel Mercure de Compans \u00e0 Toulouse<br \/>Tarifs\u2009: 39\u20ac pour le brunch et 35\u00a0\u20ac pour le drunch, du 8 au 10\u00a0mai, 20\u20ac pour les enfants de 6 \u00e0 12\u00a0ans, gratuit pour les moins de 6\u00a0ans sous limite d\u2019un enfant par adulte\u2009; 45\u20ac le brunch immersif des 7 au 9\u00a0juin et 39\u20ac le drunch immersif du 7\u00a0juin.<br \/>R\u00e9servation conseill\u00e9e : 05 61 11 09 38 \/ www.barricot.fr<\/p>\n<p class=\" wall-content\">Suivez toute l\u2019actualit\u00e9 de vos villes et m\u00e9dias favoris en vous inscrivant \u00e0 <a href=\"https:\/\/moncompte.actu.fr\" title=\"D\u00e9couvez Mon Actu\" rel=\"nofollow noopener\" data-trk=\"{&quot;cta&quot;:{&quot;action&quot;:&quot;https:\\\/\\\/moncompte.actu.fr&quot;,&quot;category&quot;:&quot;mon compte&quot;,&quot;from&quot;:&quot;article footer&quot;,&quot;name&quot;:&quot;Mon actu&quot;,&quot;type&quot;:&quot;cta&quot;}}\" target=\"_blank\">Mon Actu<\/a>.<\/p>\n","protected":false},"excerpt":{"rendered":"Par Mar\u00e9va Laville Publi\u00e9 le 7 mai 2025 \u00e0 15h02 C\u2019est un repas qui a amplement trouv\u00e9 son&hellip;\n","protected":false},"author":2,"featured_media":81958,"comment_status":"","ping_status":"","sticky":false,"template":"","format":"standard","meta":{"footnotes":""},"categories":[2816],"tags":[1111,11,1777,674,1011,27,1661,1305,12,2680,25,2312],"class_list":{"0":"post-81957","1":"post","2":"type-post","3":"status-publish","4":"format-standard","5":"has-post-thumbnail","7":"category-toulouse","8":"tag-actu","9":"tag-actualites","10":"tag-eu","11":"tag-europe","12":"tag-fr","13":"tag-france","14":"tag-gastronomie","15":"tag-lifestyle","16":"tag-news","17":"tag-occitanie","18":"tag-republique-francaise","19":"tag-toulouse"},"share_on_mastodon":{"url":"https:\/\/pubeurope.com\/@fr\/114466782583433976","error":""},"_links":{"self":[{"href":"https:\/\/www.europesays.com\/fr\/wp-json\/wp\/v2\/posts\/81957","targetHints":{"allow":["GET"]}}],"collection":[{"href":"https:\/\/www.europesays.com\/fr\/wp-json\/wp\/v2\/posts"}],"about":[{"href":"https:\/\/www.europesays.com\/fr\/wp-json\/wp\/v2\/types\/post"}],"author":[{"embeddable":true,"href":"https:\/\/www.europesays.com\/fr\/wp-json\/wp\/v2\/users\/2"}],"replies":[{"embeddable":true,"href":"https:\/\/www.europesays.com\/fr\/wp-json\/wp\/v2\/comments?post=81957"}],"version-history":[{"count":0,"href":"https:\/\/www.europesays.com\/fr\/wp-json\/wp\/v2\/posts\/81957\/revisions"}],"wp:featuredmedia":[{"embeddable":true,"href":"https:\/\/www.europesays.com\/fr\/wp-json\/wp\/v2\/media\/81958"}],"wp:attachment":[{"href":"https:\/\/www.europesays.com\/fr\/wp-json\/wp\/v2\/media?parent=81957"}],"wp:term":[{"taxonomy":"category","embeddable":true,"href":"https:\/\/www.europesays.com\/fr\/wp-json\/wp\/v2\/categories?post=81957"},{"taxonomy":"post_tag","embeddable":true,"href":"https:\/\/www.europesays.com\/fr\/wp-json\/wp\/v2\/tags?post=81957"}],"curies":[{"name":"wp","href":"https:\/\/api.w.org\/{rel}","templated":true}]}}