{"id":81959,"date":"2025-05-07T13:27:30","date_gmt":"2025-05-07T13:27:30","guid":{"rendered":"https:\/\/www.europesays.com\/fr\/81959\/"},"modified":"2025-05-07T13:27:30","modified_gmt":"2025-05-07T13:27:30","slug":"greve-sncf-a-quelles-perturbations-faut-il-sattendre-ce-mercredi-7-mai-en-france","status":"publish","type":"post","link":"https:\/\/www.europesays.com\/fr\/81959\/","title":{"rendered":"Gr\u00e8ve SNCF\u00a0: \u00e0 quelles perturbations faut-il s\u2019attendre ce mercredi 7\u00a0mai en France\u00a0?"},"content":{"rendered":"<p>Ce mercredi 7\u00a0mai, le mouvement social impuls\u00e9 par la CGT-Cheminots et de SUD-Rail continuera de perturber le trafic sur les RER et trains de banlieue en \u00cele-de-France ainsi que sur certaines lignes TER dans plusieurs r\u00e9gions. Les lignes \u00e0 grande vitesse restent, elles, \u00e9pargn\u00e9es en cette veille de pont du 8-Mai.<\/p>\n<p>Ce mercredi 7\u00a0mai 2025, les perturbations li\u00e9es \u00e0 la gr\u00e8ve des agents SNCF toucheront principalement l\u2019\u00cele-de-France et les trains express r\u00e9gionaux (TER). Ce mouvement social, qui doit se prolonger <a target=\"_self\" href=\"https:\/\/rennes.maville.com\/actu\/actudet_-greve-sncf-une-mobilisation-forte-mais-des-perturbations-qui-ne-se-font-pas-encore-sentir-_53546-6793828_actu.Htm\" rel=\"nofollow noopener\">tout au long du pont du 8-mai<\/a>, a \u00e9t\u00e9 lanc\u00e9 par la CGT-Cheminots et SUD-Rail pour r\u00e9clamer des mesures salariales et une meilleure anticipation des plannings, selon SNCF Voyageurs.<\/p>\n<p>Les Transiliens particuli\u00e8rement impact\u00e9s par la gr\u00e8ve<\/p>\n<p>En \u00cele-de-France, le trafic sera \u00e0 nouveau affect\u00e9 par le mouvement de gr\u00e8ve lanc\u00e9 lundi 5\u00a0mai, indique la compagnie ferroviaire mardi soir.<\/p>\n<p>Si le trafic sera <strong>\u00ab\u00a0normal\u00a0\u00bb<\/strong> sur le RER A, les lignes L, V et les tramways 12 et 13, les lignes les plus perturb\u00e9es seront le RER C avec un train sur deux, et les lignes H, N et R des\u00a0trains de banlieue de la r\u00e9gion parisienne (Transilien). Sur le RER B, il y aura un train sur deux sur la partie nord de la ligne, et deux sur trois sur la partie sud, exploit\u00e9e par la RATP.\u00a0Pour le RER E, il faudra pr\u00e9voir un train sur trois.<\/p>\n<p>Sur le RER D, il y aura notamment 1\u00a0train sur 3\u00a0entre Creil et Corbeil-Essonnes\u00a0; 1\u00a0train sur 2\u00a0entre Goussainville et Melun et 1\u00a0train sur 5\u00a0entre Corbeil-Essonnes et Malesherbes (uniquement entre 6\u00a0h et 9\u00a0h puis entre 17\u00a0h et 20\u00a0h). Aucun train ne circulera entre Juvisy et Melun via Ris Orangis. Enfin, quatre autres lignes de Transilien seront perturb\u00e9es, avec deux trains sur trois en circulation\u00a0: J, K, U et P.<\/p>\n<p>La SNCF \u00e0 encourager les Franciliens \u00e0 reporter leurs d\u00e9placements, ou \u00e0 travailler \u00e0 distance. <strong>\u00ab\u00a0Un retour \u00e0 la normale du trafic est pr\u00e9vu pour le jeudi 8\u00a0mai 2025\u00a0\u00bb<\/strong>, indique l\u2019entreprise.<\/p>\n<p>L\u2019ensemble de ces perturbations sont d\u00e9taill\u00e9es sur le<a target=\"_self\" href=\"https:\/\/www.transilien.com\/fr\/page-deplacements\/information-voyageurs-greve-du-mercredi-7-mai-2025\" rel=\"nofollow noopener\"> site \u00cele-de-France Mobilit\u00e9s.<\/a><\/p>\n<p><strong>Lire aussi<\/strong>\u00a0: <a target=\"_self\" href=\"https:\/\/rennes.maville.com\/actu\/actudet_-greve-des-trains-pres-de-90-des-trains-vont-rouler-ce-week-end-dit-le-president-de-la-sncf-_54135-6794951_actu.Htm\" rel=\"nofollow noopener\">Gr\u00e8ve des trains\u00a0: \u00ab\u00a0Pr\u00e8s de 90\u00a0% des trains vont rouler ce week-end\u00a0\u00bb, dit le pr\u00e9sident de la SNCF<\/a><\/p>\n<p>En Normandie<\/p>\n<p>Le trafic sera<strong> \u00ab\u00a0perturb\u00e9\u00a0\u00bb<\/strong> sur de nombreuses lignes Normandes ce mercredi 7\u00a0mai. Les lignes Paris &#8211; Le Havre, Paris &#8211; Rouen, Paris &#8211; Cherbourg, Paris &#8211; Serquigny, Rouen &#8211; Dieppe, Br\u00e9aute &#8211; F\u00e9camp, Paris &#8211; Trouville Deauville, Rouen &#8211; Lille sont notamment concern\u00e9es.\u00a0Des perturbations seront \u00e9galement pr\u00e9sentes dans le p\u00e9rim\u00e8tre autour de Caen, Caen-Rouen, Caen-Lisieux, Caen &#8211; Paris, Caen-Rennes et Caen &#8211; Tours.<\/p>\n<p>La circulation Paris-Grandville sera, elle, <strong>\u00ab\u00a0tr\u00e8s perturb\u00e9e\u00a0\u00bb.<\/strong> \u00c0 noter que\u00a0le trafic sera <strong>\u00ab\u00a0normal\u00a0\u00bb<\/strong> sur l\u2019ensemble des lignes jeudi 8\u00a0mai. La liste des perturbations est publi\u00e9e sur le site <a target=\"_self\" href=\"https:\/\/www.ter.sncf.com\/normandie\/se-deplacer\/info-trafic\/greve\" rel=\"nofollow noopener\">SNCF NoMad.<\/a><\/p>\n<p>En Centre-Val-de-Loire<\/p>\n<p>En Centre-Val-de-Loire, la circulation des trains est perturb\u00e9e sur l\u2019ensemble du r\u00e9seau R\u00e9mi, selon le <a target=\"_self\" href=\"https:\/\/www.remi-centrevaldeloire.fr\/alerte\/train-remi-7-mai-2025-mouvement-social-perturbations\/\" rel=\"nofollow noopener\">site r\u00e9gional de la SNCF<\/a>.\u00a0Des trains ont \u00e9t\u00e9 supprim\u00e9s d\u00e8s dimanche 4\u00a0mai en raison du mouvement social national, sur les axes Tours-Vierzon-Bourges-Nevers, Tours-Vendome-Ch\u00e2teaudun-Chartres (Paris), Tours-Loches et Orl\u00e9ans-Vierzon-Bourges-Nevers, est-il indiqu\u00e9.<\/p>\n<p>En Pays de la Loire<\/p>\n<p>Certains trains seront supprim\u00e9s en raison du mouvement social, mercredi 7\u00a0mai, selon le TER Pays-de-la-Loire dans une publication Twitter. Le r\u00e9seau de transports r\u00e9gional Al\u00e9op invite les usagers \u00e0 v\u00e9rifier la circulation de leur train sur <a target=\"_self\" href=\"https:\/\/www.ter.sncf.com\/pays-de-la-loire\/se-deplacer\/fiches-horaires\" rel=\"nofollow noopener\">leur site<\/a>.<\/p>\n<p>\u00a0<\/p>\n<p>\n                Nous avons bloqu\u00e9 l\u2019affichage de ce contenu pour respecter vos choix en mati\u00e8re de cookies.<br \/>En cliquant sur \u00abConsulter\u00bb, vous acceptez le d\u00e9p\u00f4t de cookies par des services de r\u00e9seaux sociaux tels que Twitter.<br \/>\n                Consulter\n            <\/p>\n<blockquote class=\"twitter-tweet\" wp_automatic_readability=\"8.2762237762238\"><p>&#13;<\/p>\n<p dir=\"ltr\" lang=\"fr\">?? Un mouvement social national entra\u00eene la suppression de certains trains sur plusieurs lignes du r\u00e9seau <a href=\"https:\/\/twitter.com\/hashtag\/Al%C3%A9opEnTER?src=hash&amp;ref_src=twsrc%5Etfw\" rel=\"nofollow noopener\" target=\"_blank\">#Al\u00e9opEnTER<\/a> demain, mercredi 7 mai.<\/p>\n<p>???? Nous vous invitons \u00e0 consulter le plan de transport adapt\u00e9 d\u00e8s maintenant ?? ?<\/p>\n<p>&#13;<br \/>\n\u2014 TER Pays de la Loire (@TERPays2LaLoire) <a href=\"https:\/\/twitter.com\/TERPays2LaLoire\/status\/1919766838012940295?ref_src=twsrc%5Etfw\" rel=\"nofollow noopener\" target=\"_blank\">May 6, 2025<\/a><\/p><\/blockquote>\n<p>\u00a0<\/p>\n<p>Les lignes Nantes &#8211; Saint-Nazaire &#8211; Le Croisic, Nantes, La Roche-sur-Yon \u2013 Les Sables-d\u2019Olonne, Le Mans &#8211; Alen\u00e7on &#8211; Caen et Le Mans &#8211; Nogent-le-Rotrou &#8211; Paris\u00a0\u00bb seront \u00e9galement perturb\u00e9es.\u00a0?<\/p>\n<p>Dans les Hauts-de-France<\/p>\n<p>Dans les <a target=\"_self\" href=\"https:\/\/www.ter.sncf.com\/hauts-de-france\/se-deplacer\/horaires\" rel=\"nofollow noopener\">Hauts-de-France<\/a>, le mouvement social perturbera <strong>\u00ab\u00a0tr\u00e8s faiblement\u00a0\u00bb<\/strong> la circulation des trains TER mercredi 7\u00a0mai, alors que la r\u00e9gion a connu une journ\u00e9e plus compliqu\u00e9e lundi, avec un seul train sur trois en circulation.<\/p>\n<p>En Nouvelle-Aquitaine<\/p>\n<p>La circulation des trains sera <strong>\u00ab\u00a0tr\u00e8s perturb\u00e9e\u00a0\u00bb<\/strong> mercredi 7\u00a0mai sur <a target=\"_self\" href=\"https:\/\/www.ter.sncf.com\/nouvelle-aquitaine\/se-deplacer\/fiches-horaires\" rel=\"nofollow noopener\">les trains TER Nouvelle-Aquitaine<\/a>. Les voyageurs sont invit\u00e9s \u00e0 v\u00e9rifier les horaires la veille de leur d\u00e9part.<\/p>\n<p>En Occitanie<\/p>\n<p>Le trafic sera aussi <strong>\u00ab\u00a0perturb\u00e9\u00a0\u00bb <\/strong>dans cette r\u00e9gion du sud de la France, mais <strong>\u00ab\u00a0les trains qui circulent sont globalement au vert sur l\u2019ensemble de l\u2019Occitanie\u00a0\u00bb<\/strong>, assure la SNCF sur son site r\u00e9gional, qui appelle \u00e0 v\u00e9rifier la circulation de son train sur le site <a target=\"_self\" href=\"https:\/\/lio-trafic-occitanie.fr\/prevision-a-j-plus-1\/votre-trajet\" rel=\"nofollow noopener\">liO trafic.<\/a><\/p>\n<p>En Auvergne-Rh\u00f4ne-Alpes<\/p>\n<p>Les TER Auvergne-Rh\u00f4ne-Alpes seront perturb\u00e9s ce mercredi 7\u00a0mai, selon le<a target=\"_self\" href=\"https:\/\/www.ter.sncf.com\/auvergne-rhone-alpes\/se-deplacer\/info-trafic\/greve\" rel=\"nofollow noopener\"> site SNCF de la r\u00e9gion<\/a>, qui ne donne pas plus de d\u00e9tails. Les horaires des trains en circulation sont disponibles en ligne.<\/p>\n<p>Dans le Grand Est<\/p>\n<p>La circulation des trains est <strong>\u00ab\u00a0normale en Alsace mais perturb\u00e9e en Champagne-Ardenne et Lorraine\u00a0\u00bb<\/strong>, selon<a target=\"_self\" href=\"https:\/\/www.ter.sncf.com\/grand-est\/se-deplacer\/info-trafic\/greve\" rel=\"nofollow noopener\"> le site des TER Fluo Grand Est.<\/a><\/p>\n<p>En Bourgogne-Franche-Comt\u00e9<\/p>\n<p>En Bourgogne-France-Comt\u00e9, le trafic sera <strong>\u00ab\u00a0normal\u00a0\u00bb<\/strong> du mardi\u00a06 au vendredi 9\u00a0mai inclus, selon le site r\u00e9gional <a target=\"_self\" href=\"https:\/\/www.ter.sncf.com\/bourgogne-franche-comte\/se-deplacer\/info-trafic\/greve\" rel=\"nofollow noopener\">Mobigo<\/a>.<\/p>\n<p>En Bretagne et Provence-Alpes-C\u00f4te d\u2019Azur<\/p>\n<p>Les sites r\u00e9gionaux de la SNCF n\u2019ont pas communiqu\u00e9 d\u2019informations concernant d\u2019\u00e9ventuelles perturbations ce mercredi 7\u00a0mai dans ces deux r\u00e9gions.<\/p>\n<p>\u00a0<\/p>\n<p>\t\t<script async src=\"https:\/\/platform.twitter.com\/widgets.js\" charset=\"utf-8\"><\/script><\/p>\n","protected":false},"excerpt":{"rendered":"Ce mercredi 7\u00a0mai, le mouvement social impuls\u00e9 par la CGT-Cheminots et de SUD-Rail continuera de perturber le trafic&hellip;\n","protected":false},"author":2,"featured_media":81960,"comment_status":"","ping_status":"","sticky":false,"template":"","format":"standard","meta":{"footnotes":""},"categories":[2815],"tags":[3691,1111,11,11351,1777,674,18953,1011,27,6151,811,1307,2565,6774,12,7854,25,2215],"class_list":{"0":"post-81959","1":"post","2":"type-post","3":"status-publish","4":"format-standard","5":"has-post-thumbnail","7":"category-lille","8":"tag-3691","9":"tag-actu","10":"tag-actualites","11":"tag-attendre","12":"tag-eu","13":"tag-europe","14":"tag-faut-il","15":"tag-fr","16":"tag-france","17":"tag-greve","18":"tag-hauts-de-france","19":"tag-lille","20":"tag-mai","21":"tag-mercredi","22":"tag-news","23":"tag-perturbations","24":"tag-republique-francaise","25":"tag-sncf"},"share_on_mastodon":{"url":"https:\/\/pubeurope.com\/@fr\/114466786093528507","error":""},"_links":{"self":[{"href":"https:\/\/www.europesays.com\/fr\/wp-json\/wp\/v2\/posts\/81959","targetHints":{"allow":["GET"]}}],"collection":[{"href":"https:\/\/www.europesays.com\/fr\/wp-json\/wp\/v2\/posts"}],"about":[{"href":"https:\/\/www.europesays.com\/fr\/wp-json\/wp\/v2\/types\/post"}],"author":[{"embeddable":true,"href":"https:\/\/www.europesays.com\/fr\/wp-json\/wp\/v2\/users\/2"}],"replies":[{"embeddable":true,"href":"https:\/\/www.europesays.com\/fr\/wp-json\/wp\/v2\/comments?post=81959"}],"version-history":[{"count":0,"href":"https:\/\/www.europesays.com\/fr\/wp-json\/wp\/v2\/posts\/81959\/revisions"}],"wp:featuredmedia":[{"embeddable":true,"href":"https:\/\/www.europesays.com\/fr\/wp-json\/wp\/v2\/media\/81960"}],"wp:attachment":[{"href":"https:\/\/www.europesays.com\/fr\/wp-json\/wp\/v2\/media?parent=81959"}],"wp:term":[{"taxonomy":"category","embeddable":true,"href":"https:\/\/www.europesays.com\/fr\/wp-json\/wp\/v2\/categories?post=81959"},{"taxonomy":"post_tag","embeddable":true,"href":"https:\/\/www.europesays.com\/fr\/wp-json\/wp\/v2\/tags?post=81959"}],"curies":[{"name":"wp","href":"https:\/\/api.w.org\/{rel}","templated":true}]}}