{"id":81967,"date":"2025-05-07T13:31:09","date_gmt":"2025-05-07T13:31:09","guid":{"rendered":"https:\/\/www.europesays.com\/fr\/81967\/"},"modified":"2025-05-07T13:31:09","modified_gmt":"2025-05-07T13:31:09","slug":"lyon-les-racketteurs-des-tcl-stoppes-par-la-police-ils-ciblaient-surtout-un-quartier","status":"publish","type":"post","link":"https:\/\/www.europesays.com\/fr\/81967\/","title":{"rendered":"Lyon. Les racketteurs des TCL stopp\u00e9s par la police, ils ciblaient surtout un quartier"},"content":{"rendered":"<p>            Par<br \/>\n        <strong><br \/>\n            <a href=\"https:\/\/actu.fr\/auteur\/julien-damboise\" title=\"Consulter tous les articles de Julien Damboise\" target=\"_blank\" rel=\"noopener\">Julien Damboise<\/a><br \/>\n        <\/strong><\/p>\n<p>        Publi\u00e9 le<\/p>\n<p>            7 mai 2025 \u00e0 15h04        <\/p>\n<p><strong>INFO ACTU LYON<\/strong>. La police de <a href=\"https:\/\/actu.fr\/auvergne-rhone-alpes\/lyon_69123\" target=\"_blank\" rel=\"noopener\">Lyon<\/a> a men\u00e9 une importante op\u00e9ration pour stopper les agissements d\u2019une <strong>\u00e9quipe de malfaiteurs<\/strong> qui a multipli\u00e9 les <a href=\"https:\/\/actu.fr\/auvergne-rhone-alpes\/lyon_69123\/lyon-le-salarie-faisait-vivre-un-enfer-a-son-collegue-de-travail-depuis-des-mois_61575792.html\" target=\"_blank\" rel=\"noopener\">extorsions <\/a>dans plusieurs quartiers de la capitale des Gaules, aux abords des arr\u00eats TCL. Plusieurs interpellations ont \u00e9t\u00e9 r\u00e9alis\u00e9es, toutes concernent des <strong>mineurs<\/strong>.<\/p>\n<p>Des attaques en s\u00e9rie<\/p>\n<p class=\" wall-content\">Il y a quelques semaines, des faits de <strong>racket<\/strong> ont \u00e9t\u00e9 remont\u00e9s \u00e0 la police nationale de Lyon. Des extorsions <strong>en s\u00e9rie<\/strong>, avec au moins sept passages \u00e0 l\u2019acte, dont cinq dans le quartier de <a href=\"https:\/\/actu.fr\/tag\/confluence\" target=\"_blank\" rel=\"noopener\">Confluence<\/a> et un \u00e0 Oullins-Pierre-B\u00e9nite. Tous aux abords d\u2019arr\u00eats de tramway ou de bus du r\u00e9seau <a href=\"https:\/\/actu.fr\/tag\/transports-en-commun-lyonnais-tcl\" target=\"_blank\" rel=\"noopener\">TCL<\/a>.<\/p>\n<p class=\" wall-content\">Des attaques commises en r\u00e9union, avec \u00e0 plusieurs reprises l\u2019usage d\u2019un <strong>couteau<\/strong> pour menacer les victimes et se faire remettre des blousons, de l\u2019argent, ou encore des t\u00e9l\u00e9phones.<\/p>\n<p class=\" wall-content\">Rapidement, le service local de <strong>police judiciaire<\/strong> de Lyon ouest a lanc\u00e9 une enqu\u00eate pour stopper l\u2019inqui\u00e9tant ph\u00e9nom\u00e8ne.<\/p>\n<p>Une grosse op\u00e9ration<\/p>\n<p class=\" wall-content\">Et le 17 avril dernier, au petit matin, les forces de l\u2019ordre sont <strong>pass\u00e9es \u00e0 l\u2019action<\/strong>. Toujours selon nos informations, six individus ont \u00e9t\u00e9 arr\u00eat\u00e9s dont deux \u00e0 Confluence, deux autres \u00e0 Saint-Fons et un autre \u00e0 <a href=\"https:\/\/actu.fr\/auvergne-rhone-alpes\/venissieux_69259\" target=\"_blank\" rel=\"noopener\">V\u00e9nissieux<\/a>.<\/p>\n<p>Vid\u00e9os : en ce moment sur Actu<\/p>\n<p class=\" wall-content\">Tous sont des mineurs, \u00e2g\u00e9s <strong>de 12 \u00e0 17 ans<\/strong>. Certains \u00e9taient \u00ab\u00a0bien connus\u00a0\u00bb des services de police, rapporte une source proche du dossier.<\/p>\n<p class=\" wall-content\">Au final, ce sont quatre mineurs qui ont \u00e9t\u00e9 d\u00e9f\u00e9r\u00e9s le 18 avril 2025 par le parquet de Lyon apr\u00e8s un total de <strong>sept faits d\u2019extorsion<\/strong> et un vol aggrav\u00e9. L\u2019un des mis en cause est notamment soup\u00e7onn\u00e9 d\u2019avoir particip\u00e9 \u00e0 six attaques.<\/p>\n<p class=\" wall-content\">Les quatre mineurs ont \u00e9t\u00e9 plac\u00e9s sous <strong>contr\u00f4le judiciaire<\/strong> dans l\u2019attente de leur jugement devant le tribunal pour enfants.<\/p>\n<p class=\" wall-content\">Suivez toute l\u2019actualit\u00e9 de vos villes et m\u00e9dias favoris en vous inscrivant \u00e0 <a href=\"https:\/\/moncompte.actu.fr\" title=\"D\u00e9couvez Mon Actu\" rel=\"nofollow noopener\" data-trk=\"{&quot;cta&quot;:{&quot;action&quot;:&quot;https:\\\/\\\/moncompte.actu.fr&quot;,&quot;category&quot;:&quot;mon compte&quot;,&quot;from&quot;:&quot;article footer&quot;,&quot;name&quot;:&quot;Mon actu&quot;,&quot;type&quot;:&quot;cta&quot;}}\" target=\"_blank\">Mon Actu<\/a>.<\/p>\n","protected":false},"excerpt":{"rendered":"Par Julien Damboise Publi\u00e9 le 7 mai 2025 \u00e0 15h04 INFO ACTU LYON. La police de Lyon a&hellip;\n","protected":false},"author":2,"featured_media":81968,"comment_status":"","ping_status":"","sticky":false,"template":"","format":"standard","meta":{"footnotes":""},"categories":[1889],"tags":[1111,11,2430,1777,674,118,1011,27,2825,2428,12,1072,25,5787],"class_list":{"0":"post-81967","1":"post","2":"type-post","3":"status-publish","4":"format-standard","5":"has-post-thumbnail","7":"category-lyon","8":"tag-actu","9":"tag-actualites","10":"tag-auvergne-rhone-alpes","11":"tag-eu","12":"tag-europe","13":"tag-faits-divers","14":"tag-fr","15":"tag-france","16":"tag-insecurite","17":"tag-lyon","18":"tag-news","19":"tag-police","20":"tag-republique-francaise","21":"tag-transports-en-commun-lyonnais-tcl"},"share_on_mastodon":{"url":"https:\/\/pubeurope.com\/@fr\/114466801832551080","error":""},"_links":{"self":[{"href":"https:\/\/www.europesays.com\/fr\/wp-json\/wp\/v2\/posts\/81967","targetHints":{"allow":["GET"]}}],"collection":[{"href":"https:\/\/www.europesays.com\/fr\/wp-json\/wp\/v2\/posts"}],"about":[{"href":"https:\/\/www.europesays.com\/fr\/wp-json\/wp\/v2\/types\/post"}],"author":[{"embeddable":true,"href":"https:\/\/www.europesays.com\/fr\/wp-json\/wp\/v2\/users\/2"}],"replies":[{"embeddable":true,"href":"https:\/\/www.europesays.com\/fr\/wp-json\/wp\/v2\/comments?post=81967"}],"version-history":[{"count":0,"href":"https:\/\/www.europesays.com\/fr\/wp-json\/wp\/v2\/posts\/81967\/revisions"}],"wp:featuredmedia":[{"embeddable":true,"href":"https:\/\/www.europesays.com\/fr\/wp-json\/wp\/v2\/media\/81968"}],"wp:attachment":[{"href":"https:\/\/www.europesays.com\/fr\/wp-json\/wp\/v2\/media?parent=81967"}],"wp:term":[{"taxonomy":"category","embeddable":true,"href":"https:\/\/www.europesays.com\/fr\/wp-json\/wp\/v2\/categories?post=81967"},{"taxonomy":"post_tag","embeddable":true,"href":"https:\/\/www.europesays.com\/fr\/wp-json\/wp\/v2\/tags?post=81967"}],"curies":[{"name":"wp","href":"https:\/\/api.w.org\/{rel}","templated":true}]}}