{"id":81975,"date":"2025-05-07T13:35:12","date_gmt":"2025-05-07T13:35:12","guid":{"rendered":"https:\/\/www.europesays.com\/fr\/81975\/"},"modified":"2025-05-07T13:35:12","modified_gmt":"2025-05-07T13:35:12","slug":"un-jeune-homme-de-22-ans-poignarde-a-mort-en-essayant-dempecher-le-vol-dun-velo","status":"publish","type":"post","link":"https:\/\/www.europesays.com\/fr\/81975\/","title":{"rendered":"un jeune homme de 22 ans poignard\u00e9 \u00e0 mort en essayant d&#8217;emp\u00eacher le vol d&rsquo;un v\u00e9lo"},"content":{"rendered":"<p>            Par<br \/>\n        <strong><br \/>\n            <a href=\"https:\/\/actu.fr\/auteur\/redaction-paris\" title=\"Consulter tous les articles de R\u00e9daction Paris\" rel=\"nofollow noopener\" target=\"_blank\">R\u00e9daction Paris<\/a><br \/>\n        <\/strong><\/p>\n<p>        Publi\u00e9 le<\/p>\n<p>            7 mai 2025 \u00e0 15h01        <\/p>\n<p>C\u2019est une sc\u00e8ne d\u2019une rare violence qui s\u2019est d\u00e9roul\u00e9e dans la nuit de mardi\u00a06 \u00e0 mercredi 7\u00a0mai 2025, au niveau de la porte de Pantin dans le 19e arrondissement de Paris. Un jeune homme de 22\u00a0ans est d\u00e9c\u00e9d\u00e9 dans la rue apr\u00e8s avoir \u00e9t\u00e9 <strong>gri\u00e8vement bless\u00e9 au cou<\/strong> par un individu arm\u00e9 d\u2019un couteau, a appris <a href=\"https:\/\/actu.fr\/paris\/dernieres-actus\" rel=\"nofollow noopener\" target=\"_blank\">actu\u00a0<\/a>aupr\u00e8s du <a href=\"https:\/\/actu.fr\/tag\/tribunal-de-paris\" rel=\"nofollow noopener\" target=\"_blank\">parquet<\/a>, confirmant une information du\u00a0<a href=\"https:\/\/www.leparisien.fr\/faits-divers\/paris-un-jeune-de-22-ans-tue-dun-coup-de-couteau-a-la-gorge-pour-une-histoire-de-velo-07-05-2025-ND2KQ453KBBTXC2RSCLEDTUO6A.php\" rel=\"nofollow noopener\" target=\"_blank\">Parisien<\/a>.<\/p>\n<p>Le suspect interpell\u00e9<\/p>\n<p class=\" wall-content\">Il \u00e9tait un peu avant minuit quand les forces de l\u2019ordre en patrouille porte de Pantin, ont \u00e9t\u00e9 alert\u00e9es par un automobiliste que des passants poursuivaient un homme qui en aurait poignard\u00e9 un autre. Quelques minutes plus tard, la victime s\u2019est pr\u00e9sent\u00e9e devant eux <strong>\u00ab\u2009se tenant le cou, avant de s\u2019effondrer\u2009\u00bb<\/strong>, pr\u00e9cise le magist\u00e8re public.<\/p>\n<p class=\" wall-content\">\u00c0 leur arriv\u00e9e sur place, les <a href=\"https:\/\/actu.fr\/tag\/pompiers\" rel=\"nofollow noopener\" target=\"_blank\">pompiers<\/a> n\u2019ont <strong>pas pu le r\u00e9animer<\/strong> et le d\u00e9c\u00e8s de la victime qui \u00ab\u2009pr\u00e9sentait une plaie unique et importante\u2009\u00bb a \u00e9t\u00e9 constat\u00e9.<\/p>\n<p class=\" wall-content\">D\u2019apr\u00e8s les premiers t\u00e9moignages recueillis, le jeune homme, qui aurait eu 23\u00a0ans en juillet, aurait tent\u00e9 de s\u2019interposer en constatant une <strong>tentative de vol de v\u00e9lo<\/strong>.\u00a0Un homme, \u00e2g\u00e9 de 28\u00a0ans, a \u00e9t\u00e9 interpell\u00e9 \u00e0 0h30 avec sur lui des armes blanches.<\/p>\n<p class=\" wall-content\">Une <strong>enqu\u00eate<\/strong> pour <a href=\"https:\/\/actu.fr\/tag\/meurtre\" rel=\"nofollow noopener\" target=\"_blank\">meurtre<\/a> a \u00e9t\u00e9 ouverte et confi\u00e9e au 2e district de police judiciaire.<\/p>\n<p>Vid\u00e9os : en ce moment sur Actu<\/p>\n<p class=\" wall-content\">Suivez toute l\u2019actualit\u00e9 de vos villes et m\u00e9dias favoris en vous inscrivant \u00e0 <a href=\"https:\/\/moncompte.actu.fr\" title=\"D\u00e9couvez Mon Actu\" rel=\"nofollow noopener\" data-trk=\"{&quot;cta&quot;:{&quot;action&quot;:&quot;https:\\\/\\\/moncompte.actu.fr&quot;,&quot;category&quot;:&quot;mon compte&quot;,&quot;from&quot;:&quot;article footer&quot;,&quot;name&quot;:&quot;Mon actu&quot;,&quot;type&quot;:&quot;cta&quot;}}\" target=\"_blank\">Mon Actu<\/a>.<\/p>\n","protected":false},"excerpt":{"rendered":"Par R\u00e9daction Paris Publi\u00e9 le 7 mai 2025 \u00e0 15h01 C\u2019est une sc\u00e8ne d\u2019une rare violence qui s\u2019est&hellip;\n","protected":false},"author":2,"featured_media":81976,"comment_status":"","ping_status":"","sticky":false,"template":"","format":"standard","meta":{"footnotes":""},"categories":[1888],"tags":[1111,1928,11,1927,1777,674,118,1011,27,777,12,1926,626,1925,1072,25],"class_list":{"0":"post-81975","1":"post","2":"type-post","3":"status-publish","4":"format-standard","5":"has-post-thumbnail","7":"category-paris","8":"tag-actu","9":"tag-actu-paris","10":"tag-actualites","11":"tag-actualites-paris","12":"tag-eu","13":"tag-europe","14":"tag-faits-divers","15":"tag-fr","16":"tag-france","17":"tag-meurtre","18":"tag-news","19":"tag-news-paris","20":"tag-paris","21":"tag-paris-news","22":"tag-police","23":"tag-republique-francaise"},"share_on_mastodon":{"url":"https:\/\/pubeurope.com\/@fr\/114466817611581137","error":""},"_links":{"self":[{"href":"https:\/\/www.europesays.com\/fr\/wp-json\/wp\/v2\/posts\/81975","targetHints":{"allow":["GET"]}}],"collection":[{"href":"https:\/\/www.europesays.com\/fr\/wp-json\/wp\/v2\/posts"}],"about":[{"href":"https:\/\/www.europesays.com\/fr\/wp-json\/wp\/v2\/types\/post"}],"author":[{"embeddable":true,"href":"https:\/\/www.europesays.com\/fr\/wp-json\/wp\/v2\/users\/2"}],"replies":[{"embeddable":true,"href":"https:\/\/www.europesays.com\/fr\/wp-json\/wp\/v2\/comments?post=81975"}],"version-history":[{"count":0,"href":"https:\/\/www.europesays.com\/fr\/wp-json\/wp\/v2\/posts\/81975\/revisions"}],"wp:featuredmedia":[{"embeddable":true,"href":"https:\/\/www.europesays.com\/fr\/wp-json\/wp\/v2\/media\/81976"}],"wp:attachment":[{"href":"https:\/\/www.europesays.com\/fr\/wp-json\/wp\/v2\/media?parent=81975"}],"wp:term":[{"taxonomy":"category","embeddable":true,"href":"https:\/\/www.europesays.com\/fr\/wp-json\/wp\/v2\/categories?post=81975"},{"taxonomy":"post_tag","embeddable":true,"href":"https:\/\/www.europesays.com\/fr\/wp-json\/wp\/v2\/tags?post=81975"}],"curies":[{"name":"wp","href":"https:\/\/api.w.org\/{rel}","templated":true}]}}