{"id":81987,"date":"2025-05-07T13:41:08","date_gmt":"2025-05-07T13:41:08","guid":{"rendered":"https:\/\/www.europesays.com\/fr\/81987\/"},"modified":"2025-05-07T13:41:08","modified_gmt":"2025-05-07T13:41:08","slug":"la-chine-et-les-usa-entameront-des-negociations-en-suisse","status":"publish","type":"post","link":"https:\/\/www.europesays.com\/fr\/81987\/","title":{"rendered":"La Chine et les USA entameront des n\u00e9gociations en Suisse"},"content":{"rendered":"<p>\t\t\tLa Chine engagera des discussions avec les \u00c9tats-Unis sur les questions tarifaires suite aux \u00ab\u00a0signaux \u00e9mis par Washington concernant un possible ajustement de sa politique douani\u00e8re\u00a0\u00bb, a annonc\u00e9 mercredi le minist\u00e8re chinois du Commerce.<\/p>\n<p style=\"text-align: justify;\">Le vice-Premier ministre chinois He Lifeng, charg\u00e9 des questions \u00e9conomiques et commerciales sino-am\u00e9ricaines, rencontrera le secr\u00e9taire am\u00e9ricain au Tr\u00e9sor Scott Bessent lors de sa visite en Suisse, pr\u00e9vue du 9 au 12 mai, a pr\u00e9cis\u00e9 un porte-parole du minist\u00e8re lors d\u2019un point de presse.<\/p>\n<p style=\"text-align: justify;\">Cette d\u00e9cision fait suite \u00e0 un \u00ab\u00a0examen minutieux\u00a0\u00bb par Beijing des informations transmises par Washington, tenant compte \u00ab\u00a0des attentes mondiales, des int\u00e9r\u00eats de la Chine, ainsi que des appels des entreprises et des consommateurs am\u00e9ricains\u00a0\u00bb, a-t-il ajout\u00e9.<\/p>\n<p style=\"text-align: justify;\"><strong>Lire aussi :\u00a0<a style=\"color: #008000;\" href=\"https:\/\/maroc-diplomatique.net\/tensions-tarifaires-apple-veut-reduire-sa-presence-en-chine-met-le-cap-sur-linde\/\" target=\"_blank\" rel=\"noopener\">Tensions tarifaires: Apple veut r\u00e9duire sa pr\u00e9sence en Chine, met le cap sur l\u2019Inde<\/a><\/strong><\/p>\n<p style=\"text-align: justify;\">Et d\u2019affirmer que la Chine r\u00e9it\u00e8re \u00ab\u00a0sa d\u00e9termination \u00e0 sauvegarder ses int\u00e9r\u00eats de d\u00e9veloppement\u00a0\u00bb tout en soulignant son engagement \u00e0 \u00ab\u00a0maintenir l\u2019ordre \u00e9conomique et commercial international\u00a0\u00bb.<\/p>\n<p style=\"text-align: justify;\">\u00ab\u00a0La Chine est pr\u00eate \u00e0 se battre jusqu\u2019au bout si n\u00e9cessaire, mais reste ouverte au dialogue\u00a0\u00bb, a d\u00e9clar\u00e9 le porte-parole, soulignant que \u00ab\u00a0tout dialogue et toute n\u00e9gociation doivent \u00eatre fond\u00e9s sur le respect mutuel, la consultation d\u2019\u00e9gal \u00e0 \u00e9gal et les b\u00e9n\u00e9fices mutuels\u00a0\u00bb.<\/p>\n<p style=\"text-align: justify;\">Apr\u00e8s plusieurs cycles d\u2019augmentations tarifaires r\u00e9ciproques entre les deux premi\u00e8res puissances mondiales depuis janvier, la plupart des exportations chinoises vers les \u00c9tats-Unis font d\u00e9sormais face \u00e0 des surtaxes de 145%, tandis que les marchandises am\u00e9ricaines entrant en Chine sont soumises \u00e0 des droits suppl\u00e9mentaires de 125%.<\/p>\n<p style=\"text-align: justify;\">Avec MAP<\/p>\n","protected":false},"excerpt":{"rendered":"La Chine engagera des discussions avec les \u00c9tats-Unis sur les questions tarifaires suite aux \u00ab\u00a0signaux \u00e9mis par Washington&hellip;\n","protected":false},"author":2,"featured_media":81988,"comment_status":"","ping_status":"","sticky":false,"template":"","format":"standard","meta":{"footnotes":""},"categories":[1589],"tags":[11,309,18975,73,1866,1146,12,3067,1864,1865,1863,308],"class_list":{"0":"post-81987","1":"post","2":"type-post","3":"status-publish","4":"format-standard","5":"has-post-thumbnail","7":"category-etats-unis","8":"tag-actualites","9":"tag-chine","10":"tag-commerciale","11":"tag-etats-unis","12":"tag-etats-unis-damerique","13":"tag-guerre","14":"tag-news","15":"tag-suisse","16":"tag-united-states","17":"tag-united-states-of-america","18":"tag-us","19":"tag-usa"},"share_on_mastodon":{"url":"https:\/\/pubeurope.com\/@fr\/114466841300838959","error":""},"_links":{"self":[{"href":"https:\/\/www.europesays.com\/fr\/wp-json\/wp\/v2\/posts\/81987","targetHints":{"allow":["GET"]}}],"collection":[{"href":"https:\/\/www.europesays.com\/fr\/wp-json\/wp\/v2\/posts"}],"about":[{"href":"https:\/\/www.europesays.com\/fr\/wp-json\/wp\/v2\/types\/post"}],"author":[{"embeddable":true,"href":"https:\/\/www.europesays.com\/fr\/wp-json\/wp\/v2\/users\/2"}],"replies":[{"embeddable":true,"href":"https:\/\/www.europesays.com\/fr\/wp-json\/wp\/v2\/comments?post=81987"}],"version-history":[{"count":0,"href":"https:\/\/www.europesays.com\/fr\/wp-json\/wp\/v2\/posts\/81987\/revisions"}],"wp:featuredmedia":[{"embeddable":true,"href":"https:\/\/www.europesays.com\/fr\/wp-json\/wp\/v2\/media\/81988"}],"wp:attachment":[{"href":"https:\/\/www.europesays.com\/fr\/wp-json\/wp\/v2\/media?parent=81987"}],"wp:term":[{"taxonomy":"category","embeddable":true,"href":"https:\/\/www.europesays.com\/fr\/wp-json\/wp\/v2\/categories?post=81987"},{"taxonomy":"post_tag","embeddable":true,"href":"https:\/\/www.europesays.com\/fr\/wp-json\/wp\/v2\/tags?post=81987"}],"curies":[{"name":"wp","href":"https:\/\/api.w.org\/{rel}","templated":true}]}}