{"id":81989,"date":"2025-05-07T13:42:14","date_gmt":"2025-05-07T13:42:14","guid":{"rendered":"https:\/\/www.europesays.com\/fr\/81989\/"},"modified":"2025-05-07T13:42:14","modified_gmt":"2025-05-07T13:42:14","slug":"symbole-des-difficultes-de-leolien-offshore","status":"publish","type":"post","link":"https:\/\/www.europesays.com\/fr\/81989\/","title":{"rendered":"symbole des difficult\u00e9s de l&rsquo;\u00e9olien offshore"},"content":{"rendered":"<p>C&rsquo;est un coup dur pour le Royaume-Uni et ses ambitions en mati\u00e8re d&rsquo;\u00e9nergies renouvelables. Alors que le producteur d&rsquo;\u00e9lectricit\u00e9 su\u00e9dois Vattenfall avait annonc\u00e9 l&rsquo;abandon de son projet d&rsquo;\u00e9olien offshore Norfolk Boreas \u00e0 l&rsquo;\u00e9t\u00e9 2023, c&rsquo;est au tour d&rsquo;Orsted. Le g\u00e9ant du secteur, Orsted, a annonc\u00e9, ce mercredi, renoncer \u00ab\u202fdans sa forme actuelle\u202f\u00bb au projet Hornsea 4 qui devait compl\u00e9ter le parc \u00e9olien offshore qu&rsquo;il exploite au large des c\u00f4tes britanniques.<\/p>\n<p>Une d\u00e9cision prise \u00e0 contrec\u0153ur pour le groupe danois qui pr\u00e9voyait atteindre une puissance de 2 400 m\u00e9gawatts (MW) avec ce projet, ce qui aurait permis d&rsquo;alimenter 4,8 millions de foyers. Ce n&rsquo;est cependant pas le seul revers que subit le g\u00e9ant des renouvelables ces derni\u00e8res ann\u00e9es.<\/p>\n<p>Orsted, dont l&rsquo;\u00c9tat danois d\u00e9tient 50,1\u202f% du capital, est le plus gros installateur au monde de parcs \u00e9oliens offshore. Au Royaume-Uni, l&rsquo;un des plus avanc\u00e9s en termes d&rsquo;\u00e9olien offshore, il exploite d\u00e9j\u00e0 ceux baptis\u00e9s Hornsea 1, 2 et d\u00e9veloppe le parc Hornsea 3, dont la capacit\u00e9 combin\u00e9e\u00a0d\u00e9passe 5 gigawatts (GW), ce qui devrait en faire le plus grand site offshore en service dans le pays. Sur le papier, l&rsquo;entreprise semble avoir le vent dans le dos puisqu&rsquo;elle a doubl\u00e9 son b\u00e9n\u00e9fice net, \u00e0 655 millions d&rsquo;euros, au premier trimestre 2025. Mais en r\u00e9alit\u00e9, le g\u00e9ant a \u00e9t\u00e9 touch\u00e9 de plein fouet par les remous entourant le d\u00e9veloppement de l&rsquo;\u00e9olien en mer dans le monde.<\/p>\n<p>Donald Trump, la nouvelle b\u00eate noire de l&rsquo;\u00e9olien offshore<\/p>\n<p>Le groupe explique d&rsquo;ailleurs que l&rsquo;abandon de Hornsea 4 est d\u00fb \u00e0 \u00ab\u202fla hausse continue des co\u00fbts de la cha\u00eene d&rsquo;approvisionnement, l&rsquo;augmentation des taux d&rsquo;int\u00e9r\u00eat et une hausse des risques li\u00e9s \u00e0 la construction et \u00e0 l&rsquo;exploitation (&#8230;) (qui) ont accru le risque d&rsquo;ex\u00e9cution et d\u00e9t\u00e9rior\u00e9 la cr\u00e9ation de valeur du projet.\u202f\u00bb Des facteurs conjoncturels qui ont nui \u00e0 nombre d&rsquo;autres projets du groupe. Preuve s&rsquo;il en est, la valeur boursi\u00e8re d&rsquo;Orsted a chut\u00e9 d&rsquo;environ 80\u202f% depuis son sommet de 2021.<\/p>\n<p>Et, alors que la m\u00e9t\u00e9o semblait s&rsquo;am\u00e9liorer <a href=\"https:\/\/www.latribune.fr\/climat\/energie-environnement\/eolien-en-mer-les-industriels-europeens-sortent-la-tete-de-l-eau-mais-les-constructeurs-chinois-sont-en-embuscade-992271.html\" target=\"_blank\" rel=\"nofollow noopener\">apr\u00e8s plusieurs ann\u00e9es difficiles<\/a>, le groupe va maintenant devoir faire face \u00e0 une nouvelle menace\u202f: Donald Trump. Le nouveau pr\u00e9sident am\u00e9ricain a d\u00e9clar\u00e9 la guerre aux \u00e9oliennes qui \u00ab tuent les baleines \u00bb et \u00ab viennent toutes de Chine \u00bb selon lui. Ainsi, le jour m\u00eame de son arriv\u00e9e au pouvoir, le 20 janvier, son administration a act\u00e9 le \u00ab retrait temporaire \u00bb de la d\u00e9livrance de permis f\u00e9d\u00e9ral pour les projets en d\u00e9veloppement sur le territoire. Et en avril, le r\u00e9publicain a \u00e9t\u00e9 un cran plus loin en ordonnant l&rsquo;arr\u00eat de la construction d&rsquo;un projet de parc \u00e9olien au large des c\u00f4tes de l&rsquo;\u00c9tat de New York.<\/p>\n","protected":false},"excerpt":{"rendered":"C&rsquo;est un coup dur pour le Royaume-Uni et ses ambitions en mati\u00e8re d&rsquo;\u00e9nergies renouvelables. Alors que le producteur&hellip;\n","protected":false},"author":2,"featured_media":81990,"comment_status":"","ping_status":"","sticky":false,"template":"","format":"standard","meta":{"footnotes":""},"categories":[1588],"tags":[17,14323,11,1129,18976,154,7852,1777,674,12,1095,473,1853,6304,1851,1850,1852],"class_list":{"0":"post-81989","1":"post","2":"type-post","3":"status-publish","4":"format-standard","5":"has-post-thumbnail","7":"category-royaume-uni","8":"tag-17","9":"tag-abandon","10":"tag-actualites","11":"tag-climat","12":"tag-dorsted","13":"tag-des","14":"tag-difficultes","15":"tag-eu","16":"tag-europe","17":"tag-news","18":"tag-projet","19":"tag-royaume-uni","20":"tag-royaume-uni-de-grande-bretagne-et-dirlande-du-nord","21":"tag-symbole","22":"tag-uk","23":"tag-united-kingdom","24":"tag-united-kingdom-of-great-britain-and-northern-ireland"},"share_on_mastodon":{"url":"https:\/\/pubeurope.com\/@fr\/114466845286486086","error":""},"_links":{"self":[{"href":"https:\/\/www.europesays.com\/fr\/wp-json\/wp\/v2\/posts\/81989","targetHints":{"allow":["GET"]}}],"collection":[{"href":"https:\/\/www.europesays.com\/fr\/wp-json\/wp\/v2\/posts"}],"about":[{"href":"https:\/\/www.europesays.com\/fr\/wp-json\/wp\/v2\/types\/post"}],"author":[{"embeddable":true,"href":"https:\/\/www.europesays.com\/fr\/wp-json\/wp\/v2\/users\/2"}],"replies":[{"embeddable":true,"href":"https:\/\/www.europesays.com\/fr\/wp-json\/wp\/v2\/comments?post=81989"}],"version-history":[{"count":0,"href":"https:\/\/www.europesays.com\/fr\/wp-json\/wp\/v2\/posts\/81989\/revisions"}],"wp:featuredmedia":[{"embeddable":true,"href":"https:\/\/www.europesays.com\/fr\/wp-json\/wp\/v2\/media\/81990"}],"wp:attachment":[{"href":"https:\/\/www.europesays.com\/fr\/wp-json\/wp\/v2\/media?parent=81989"}],"wp:term":[{"taxonomy":"category","embeddable":true,"href":"https:\/\/www.europesays.com\/fr\/wp-json\/wp\/v2\/categories?post=81989"},{"taxonomy":"post_tag","embeddable":true,"href":"https:\/\/www.europesays.com\/fr\/wp-json\/wp\/v2\/tags?post=81989"}],"curies":[{"name":"wp","href":"https:\/\/api.w.org\/{rel}","templated":true}]}}