{"id":81993,"date":"2025-05-07T13:44:11","date_gmt":"2025-05-07T13:44:11","guid":{"rendered":"https:\/\/www.europesays.com\/fr\/81993\/"},"modified":"2025-05-07T13:44:11","modified_gmt":"2025-05-07T13:44:11","slug":"drome-le-modem-va-feter-leurope-en-presence-de-deux-ministres-les-9-et-10-mai-a-alixan","status":"publish","type":"post","link":"https:\/\/www.europesays.com\/fr\/81993\/","title":{"rendered":"Dr\u00f4me. Le Modem va f\u00eater l\u2019Europe en pr\u00e9sence de deux ministres, les 9 et 10 mai \u00e0 Alixan"},"content":{"rendered":"<p>Ce week-end, Alixan accueille deux ministres en deux jours.\u00a0\u00c0 l\u2019occasion du 75e anniversaire de l\u2019Europe, le Modem organise une convention inter-r\u00e9gionale qui se tiendra du 9 mai \u00e0 9h30 au 10 mai \u00e0 17 heures \u00e0 l\u2019Ined \u00e0 Alixan.<\/p>\n<p>Deux journ\u00e9es d\u2019\u00e9changes et de d\u00e9bats au cours desquelles seront pr\u00e9sents <a href=\"https:\/\/www.ledauphine.com\/p\/patrick-mignola\" target=\"_blank\" rel=\"noopener\">Patrick Mignola<\/a>, ministre d\u00e9l\u00e9gu\u00e9 des relations avec le Parlement, vice-pr\u00e9sident du Modem, et <a href=\"https:\/\/www.ledauphine.com\/p\/jean-noel-barrot\" target=\"_blank\" rel=\"noopener\">Jean-No\u00ebl Barrot<\/a>, ministre de l\u2019Europe et des affaires \u00e9trang\u00e8res, lui aussi vice-pr\u00e9sident du Modem.<\/p>\n<p>\u00ab\u00a0Il y a eu un v\u00e9ritable \u00e9lan du terrain, il faut dire que l\u2019Europe est aujourd\u2019hui au centre du d\u00e9bat. Nous sommes \u00e0 une p\u00e9riode charni\u00e8re qui n\u00e9cessite d\u2019aller au-del\u00e0 de l\u2019aspect \u00e9conomique de l\u2019Union europ\u00e9enne\u00a0\u00bb, explique Olivier Gafa, pr\u00e9sident du Modem dans la Dr\u00f4me qui esp\u00e8re voir son pr\u00e9sident, fondateur du parti politique, le Premier ministre, <a href=\"https:\/\/www.ledauphine.com\/p\/francois-bayrou\" target=\"_blank\" rel=\"noopener\">Fran\u00e7ois Bayrou<\/a>, accorder un peu de son temps pour une intervention en visio.<\/p>\n<p>On compte environ 80 militants actifs du Modem dans la Dr\u00f4me et en Ard\u00e8che.<\/p>\n<p class=\"note\">Note\u00a0: pour assister \u00e0 la convention, il faut s\u2019inscrire sur <a href=\"https:\/\/www.mouvementdemocrate.fr\/\" target=\"_blank\" rel=\"noopener\">le site du Modem<\/a>.<\/p>\n","protected":false},"excerpt":{"rendered":"Ce week-end, Alixan accueille deux ministres en deux jours.\u00a0\u00c0 l\u2019occasion du 75e anniversaire de l\u2019Europe, le Modem organise&hellip;\n","protected":false},"author":2,"featured_media":81994,"comment_status":"","ping_status":"","sticky":false,"template":"","format":"standard","meta":{"footnotes":""},"categories":[1586],"tags":[11,18977,2730,6436,2737,2735,1777,674,1011,27,2759,12,316,25],"class_list":{"0":"post-81993","1":"post","2":"type-post","3":"status-publish","4":"format-standard","5":"has-post-thumbnail","7":"category-europe","8":"tag-actualites","9":"tag-alixan","10":"tag-drome","11":"tag-edition-montelimar-drome-provencale","12":"tag-edition-romans-nord-drome","13":"tag-edition-valence-rhone-crussol-vallee-de-la-drome","14":"tag-eu","15":"tag-europe","16":"tag-fr","17":"tag-france","18":"tag-modem","19":"tag-news","20":"tag-politique","21":"tag-republique-francaise"},"share_on_mastodon":{"url":"https:\/\/pubeurope.com\/@fr\/114466853130936337","error":""},"_links":{"self":[{"href":"https:\/\/www.europesays.com\/fr\/wp-json\/wp\/v2\/posts\/81993","targetHints":{"allow":["GET"]}}],"collection":[{"href":"https:\/\/www.europesays.com\/fr\/wp-json\/wp\/v2\/posts"}],"about":[{"href":"https:\/\/www.europesays.com\/fr\/wp-json\/wp\/v2\/types\/post"}],"author":[{"embeddable":true,"href":"https:\/\/www.europesays.com\/fr\/wp-json\/wp\/v2\/users\/2"}],"replies":[{"embeddable":true,"href":"https:\/\/www.europesays.com\/fr\/wp-json\/wp\/v2\/comments?post=81993"}],"version-history":[{"count":0,"href":"https:\/\/www.europesays.com\/fr\/wp-json\/wp\/v2\/posts\/81993\/revisions"}],"wp:featuredmedia":[{"embeddable":true,"href":"https:\/\/www.europesays.com\/fr\/wp-json\/wp\/v2\/media\/81994"}],"wp:attachment":[{"href":"https:\/\/www.europesays.com\/fr\/wp-json\/wp\/v2\/media?parent=81993"}],"wp:term":[{"taxonomy":"category","embeddable":true,"href":"https:\/\/www.europesays.com\/fr\/wp-json\/wp\/v2\/categories?post=81993"},{"taxonomy":"post_tag","embeddable":true,"href":"https:\/\/www.europesays.com\/fr\/wp-json\/wp\/v2\/tags?post=81993"}],"curies":[{"name":"wp","href":"https:\/\/api.w.org\/{rel}","templated":true}]}}