{"id":81999,"date":"2025-05-07T13:47:11","date_gmt":"2025-05-07T13:47:11","guid":{"rendered":"https:\/\/www.europesays.com\/fr\/81999\/"},"modified":"2025-05-07T13:47:11","modified_gmt":"2025-05-07T13:47:11","slug":"linde-a-lance-un-raid-aerien-contre-des-sites-terroristes-au-pakistan-premiere-perte-dun-rafale-au-combat","status":"publish","type":"post","link":"https:\/\/www.europesays.com\/fr\/81999\/","title":{"rendered":"L&rsquo;Inde a lanc\u00e9 un raid a\u00e9rien contre des sites terroristes au Pakistan; Premi\u00e8re perte d&rsquo;un Rafale au combat ?"},"content":{"rendered":"<p><img fetchpriority=\"high\" decoding=\"async\" src=\"https:\/\/www.europesays.com\/fr\/wp-content\/uploads\/2025\/05\/rafale-inde-20190823.jpg\" alt=\"\" width=\"600\" height=\"400\" class=\"alignnone size-full wp-image-52759\"  \/><\/p>\n<p>Depuis 1947, l\u2019Inde et le Pakistan se disputent la r\u00e9gion du Cachemire, coup\u00e9e en deux par une \u00ab\u00a0Ligne de Contr\u00f4le\u00a0\u00bb [LoC], celle-ci marquant la fronti\u00e8re entre les deux pays. R\u00e9guli\u00e8rement, les forces de s\u00e9curit\u00e9 indiennes sont prises \u00e0 partie par des groupes terroristes, soup\u00e7onn\u00e9s d\u2019\u00eatre instrumentalis\u00e9s par l\u2019Inter-Service Intelligence [ISI], le puissant service de renseignement pakistanais. <\/p>\n<p>En f\u00e9vrier 2019, b\u00e9n\u00e9ficiant d\u2019une certaine mansu\u00e9tude de la part d\u2019Islamabad, l\u2019organisation jihadiste Jaish-e-Mohammad [JeM] revendiqua une attaque ayant fait une quarantaine de tu\u00e9s parmi les  paramilitaires indiens \u00e0 Pulwama, dans l\u2019\u00c9tat de Jammu-et-Cachemire. <\/p>\n<p>Tenant le Pakistan pour responsable, l\u2019Inde lan\u00e7a un raid a\u00e9rien avec 12 Mirage 2000H arm\u00e9s de bombes guid\u00e9es de 1 000 kg contre les positions tenues par le groupe terroriste dans la r\u00e9gion de Balakot, situ\u00e9e non loin de la LoC. \u00ab\u00a0Dans cette op\u00e9ration, un tr\u00e8s grand nombre de terroristes, de formateurs, de hauts commandants et de jihadistes entra\u00een\u00e9s aux attentats suicide de Jaish-e-Mohammed ont \u00e9t\u00e9 \u00e9limin\u00e9s\u00a0\u00bb, fit savoir l\u2019\u00e9tat-major indien. <\/p>\n<p>Les jours suivants, plusieurs confrontations oppos\u00e8rent les forces a\u00e9riennes des deux pays. Ainsi, l\u2019Inde affirma avoir abattu un F-16 pakistanais. Ce qu\u2019Islamabad r\u00e9futa, malgr\u00e9 la diffusion d\u2019images montrant les restes d\u2019un missile air-air  AIM-120 AMRAAM. Cependant, l\u2019Indian Air Force dut admettre la perte de l\u2019un de ses MiG-21 ainsi que celle d\u2019un h\u00e9licopt\u00e8re Mil Mi-17 V5, victime d\u2019un tir ami. <\/p>\n<p>Puis, les tensions entre ces deux pays dot\u00e9s de l\u2019arme nucl\u00e9aire s\u2019estomp\u00e8rent\u2026. jusqu\u2019au 22 avril dernier. Ce jour-l\u00e0, un groupe de cinq hommes arm\u00e9s ont tu\u00e9 vingt-huit touristes, parce qu\u2019ils n\u2019\u00e9taient pas musulmans, pr\u00e8s de la localit\u00e9 de Pahalgam, au Jammu-et-Cachemire. Cet attentat a ensuite \u00e9t\u00e9 revendiqu\u00e9 par le \u00ab\u00a0Front de r\u00e9sistance\u00a0\u00bb, affili\u00e9 \u00e0 l\u2019organisation jihadiste Lashkar-e-Taiba, soup\u00e7onn\u00e9e, elle aussi, d\u2019\u00eatre de m\u00e8che avec l\u2019ISI. <\/p>\n<p>D\u2019o\u00f9 une nouvelle crise diplomatique entre l\u2019Inde et le Pakistan, avec des d\u00e9monstrations de force \u00e0 la cl\u00e9. \u00ab\u00a0Je le dis au monde entier : nous identifierons, poursuivrons et punirons les terroristes et ceux qui les soutiennent. Nous les poursuivrons jusqu\u2019au bout de la terre\u00a0\u00bb, a promis Narendra Modi, le Premier ministre indien.<\/p>\n<p>En outre, New Delhi a suspendu le trait\u00e9 sur les eaux de l\u2019Indus, qui, sign\u00e9 \u00e0 Karachi en 1960, r\u00e9partit les affluents du fleuve Indus entre l\u2019Inde et le Pakistan afin de r\u00e9guler le partage des eaux. Ce qui est essentiel \u00e0 l\u2019\u00e9conomie pakistanaise, l\u2019agriculture repr\u00e9sentant 25 % du PIB. <\/p>\n<p>\u00ab\u00a0L\u2019eau appartenant \u00e0 l\u2019Inde s\u2019\u00e9coulait jusque-l\u00e0 vers l\u2019ext\u00e9rieur, elle sera d\u00e9sormais stopp\u00e9e pour servir les int\u00e9r\u00eats de l\u2019Inde et sera utilis\u00e9e pour le pays\u00a0\u00bb, a ainsi fait valoir M. Modi, le 6 mai. Soit quelques heures avant le lancement de l\u2019op\u00e9ration \u00ab\u00a0Sindoor\u00a0\u00bb. <\/p>\n<p>Ainsi, dans la nuit du 6 au 7 mai, l\u2019Indian Air Force a bombard\u00e9 neuf \u00ab\u00a0sites\u00a0\u00bb suppos\u00e9s abriter des militants du Lashkar-e-Taiba dans trois r\u00e9gions pakistanaises, \u00e0 savoir celles de Kotli, Bahwalpur et Muzaffarabad. <\/p>\n<p>\u00ab\u00a0Il y a peu, les forces arm\u00e9es indiennes ont lanc\u00e9 l\u2019op\u00e9ration Sindoor en frappant des infrastructures terroristes au Pakistan [\u2026] d\u2019o\u00f9 les attaques terroristes contre l\u2019Inde ont \u00e9t\u00e9 organis\u00e9es et dirig\u00e9es\u00a0\u00bb, a fait savoir New Delhi. <\/p>\n<p>De son c\u00f4t\u00e9, l\u2019\u00e9tat-major indien a assur\u00e9 qu\u2019aucune \u00ab\u00a0installation militaire pakistanaise\u00a0\u00bb n\u2019avait \u00e9t\u00e9 vis\u00e9e. L\u2019Inde \u00ab\u00a0a fait preuve d\u2019une retenue consid\u00e9rable dans le choix des cibles et la m\u00e9thode d\u2019ex\u00e9cution\u00a0\u00bb, a-t-il soulign\u00e9. <\/p>\n<p>\u00ab\u00a0Neuf camps terroristes ont \u00e9t\u00e9 cibl\u00e9s et d\u00e9truits avec succ\u00e8s. Tous les emplacements ont \u00e9t\u00e9 soigneusement choisis afin d\u2019\u00e9viter toute victime civile ou tout dommage aux infrastructures civiles\u00a0\u00bb, a insist\u00e9 l\u2019Indian Air Force [IAF]. \u00ab\u00a0Les camps vis\u00e9s comprenaient celui de Muridke, o\u00f9 deux des assaillants de Pahaglam s\u2019\u00e9taient entra\u00een\u00e9s, ainsi que ceux de Sarjal, Markaz Ahle Hadith, Barnala, Markaz Abbas  et Mehmoona Joya. <\/p>\n<blockquote class=\"twitter-tweet\">\n<p lang=\"en\" dir=\"ltr\"><a href=\"https:\/\/twitter.com\/hashtag\/WATCH?src=hash&amp;ref_src=twsrc%5Etfw\" target=\"_blank\" rel=\"noopener\">#WATCH<\/a> | <a href=\"https:\/\/twitter.com\/hashtag\/OperationSindoor?src=hash&amp;ref_src=twsrc%5Etfw\" target=\"_blank\" rel=\"noopener\">#OperationSindoor<\/a> | Terror site Markaz Subhan Allah, Bahawalpur, Pakistan, the headquarters of Jaish-e-Mohammed, targeted by Indian Armed Forces.\u00a0\u00bb <a href=\"https:\/\/t.co\/iM4s91ktb8\">pic.twitter.com\/iM4s91ktb8<\/a><\/p>\n<p>\u2014 ANI (@ANI) <a href=\"https:\/\/twitter.com\/ANI\/status\/1919989964491596207?ref_src=twsrc%5Etfw\" target=\"_blank\" rel=\"noopener\">May 7, 2025<\/a><\/p>\n<\/blockquote>\n<p>D\u00e9non\u00e7ant un \u00ab\u00a0acte de guerre\u00a0\u00bb, le Pakistan a r\u00e9pliqu\u00e9 \u00e0 ces frappes par des tirs d\u2019artillerie le long la LoC et affirm\u00e9 avoir abattu au moins cinq avions indiens, dont trois Rafale, un MiG-29 et un Su-30MKI, sans donner plus de d\u00e9tails. C\u00f4t\u00e9 indien, selon plusieurs m\u00e9dias locaux, trois chasseurs de l\u2019IAF se seraient \u00e9cras\u00e9s en Inde, pour des raisons qui n\u2019ont pas \u00e9t\u00e9 pr\u00e9cis\u00e9es. <\/p>\n<p>Plusieurs photographies cens\u00e9es montrer des restes d\u2019avions de combat ont \u00e9t\u00e9 diffus\u00e9es sur les r\u00e9seaux sociaux. Si certaines sont \u00e0 prendre avec des pincettes [l\u2019une d\u2019elles montre les restes d\u2019un MiG-21 perdu en 2021], d\u2019autres paraissent authentiques. Sur plusieurs, on peut voir ce qui semble \u00eatre le bidon externe d\u2019un Rafale [mais aucune trace d\u2019une \u00e9pave ne se trouve \u00e0 proximit\u00e9].<\/p>\n<blockquote class=\"twitter-tweet\">\n<p lang=\"en\" dir=\"ltr\">Wreckage of an Indian fighter jet was seen by an <a href=\"https:\/\/twitter.com\/AFP?ref_src=twsrc%5Etfw\" target=\"_blank\" rel=\"noopener\">@AFP<\/a> photographer at Wuyan \u2014 on the Indian controlled side of Kashmir<br \/>A security source confirmed@AFP it was an Indian aircraft, but the reason for its crash, and the fate of the pilot, was not immediately known <a href=\"https:\/\/twitter.com\/hashtag\/LineOfControl?src=hash&amp;ref_src=twsrc%5Etfw\" target=\"_blank\" rel=\"noopener\">#LineOfControl<\/a> <a href=\"https:\/\/t.co\/wfzFgX8zxl\">pic.twitter.com\/wfzFgX8zxl<\/a><\/p>\n<p>\u2014 Zain Zaman Janjua (@ZainZamanJanjua) <a href=\"https:\/\/twitter.com\/ZainZamanJanjua\/status\/1919964725816807934?ref_src=twsrc%5Etfw\" target=\"_blank\" rel=\"noopener\">May 7, 2025<\/a><\/p>\n<\/blockquote>\n<p>D\u2019autres clich\u00e9s montrent les restes d\u2019un missile air-air MICA. Cependant, on ne peut rien en d\u00e9duire \u00e9tant donn\u00e9 que cette munition est aussi utilis\u00e9e par les Mirage 2000H, <a href=\"https:\/\/www.newindianexpress.com\/states\/odisha\/2020\/Aug\/19\/iaf-test-fires-air-to-air-missiles-ahead-of-rafale-integration-2185422.html\" target=\"_blank\" rel=\"noopener\">voire les Su-30MKI<\/a> de l\u2019IAF. <\/p>\n<blockquote class=\"twitter-tweet\">\n<p lang=\"en\" dir=\"ltr\">\ud83c\uddf5\ud83c\uddf0\u2694\ufe0f\ud83c\uddee\ud83c\uddf3: Footage has emerged from the village of Aklian Kalan in India&rsquo;s Punjab state, located 20 km from Bathinda Air Force Station, showing the wreckage of an Indian Rafale fighter jet. <\/p>\n<p>The video, captured by locals, displays the remains of the jet, including a French MICA\u2026 <a href=\"https:\/\/t.co\/p91epjY3DI\">pic.twitter.com\/p91epjY3DI<\/a><\/p>\n<p>\u2014 SYMBOL OF HOPE\ud83e\udee1 (@Chipropro) <a href=\"https:\/\/twitter.com\/Chipropro\/status\/1920026716954619995?ref_src=twsrc%5Etfw\" target=\"_blank\" rel=\"noopener\">May 7, 2025<\/a><\/p>\n<\/blockquote>\n<p>En revanche, une vid\u00e9o expose les restes pr\u00e9sum\u00e9s d\u2019un r\u00e9acteur M88, qui ne peut appartenir qu\u2019\u00e0 un Rafale. Selon l\u2019\u00e9tat-major pakistanais, il aurait \u00e9t\u00e9 abattu par un JF-17 Thunder. Ce qui reste \u00e0 confirmer. Th\u00e9oriquement, un Rafale n\u2019aurait pas eu besoin de s\u2019aventurer au-dessus du Pakistan pour frapper les positions du Lashkar-e-Taiba avec le missile de croisi\u00e8re SCALP, dont la port\u00e9e est d\u2019au moins 400 km. <\/p>\n<blockquote class=\"twitter-tweet\">\n<p lang=\"en\" dir=\"ltr\">\ud83d\udd3a\ud83c\uddee\ud83c\uddf3\u274c\ud83c\uddf5\ud83c\uddf0:<br \/>Visuals of Rafale&rsquo;s M88 engine from Bathinda, Indian Punjab. The Rafale was destroyed by PAF. <a href=\"https:\/\/t.co\/7OdwD8bnlH\">pic.twitter.com\/7OdwD8bnlH<\/a><\/p>\n<p>\u2014 Tactical Tribune (@TacticalTribun) <a href=\"https:\/\/twitter.com\/TacticalTribun\/status\/1920013025047609467?ref_src=twsrc%5Etfw\" target=\"_blank\" rel=\"noopener\">May 7, 2025<\/a><\/p>\n<\/blockquote>\n<blockquote class=\"twitter-tweet\">\n<p lang=\"en\" dir=\"ltr\">PL-15 price: ~$1-2 million USD per missile.<\/p>\n<p>Rafale price: ~$100-289 million USD per jet.<\/p>\n<p>Result: 3 Rafales 0bliterated.<\/p>\n<p>Dominance delivered: China\u2019s tech, PAF\u2019s might \ud83c\udde8\ud83c\uddf3\ud83d\udca5\u2708\ufe0f <a href=\"https:\/\/t.co\/uwl0aGpIQC\">pic.twitter.com\/uwl0aGpIQC<\/a><\/p>\n<p>\u2014 Defence Pakistan (@Defence_PK99) <a href=\"https:\/\/twitter.com\/Defence_PK99\/status\/1920049905629872158?ref_src=twsrc%5Etfw\" target=\"_blank\" rel=\"noopener\">May 7, 2025<\/a><\/p>\n<\/blockquote>\n<p>Cependant, via un communiqu\u00e9, le minist\u00e8re pakistanais des Affaires \u00e9trang\u00e8res a affirm\u00e9 que l\u2019AIF, \u00ab\u00a0tout en restant dans l\u2019espace a\u00e9rien indien, a viol\u00e9 la souverainet\u00e9 du Pakistan\u00a0\u00bb. Et d\u2019ajouter : \u00ab\u00a0Cet acte d\u2019agression indien a [\u2026] constitu\u00e9 une grave menace pour le trafic a\u00e9rien commercial. Nous condamnons fermement l\u2019action l\u00e2che de l\u2019Inde, qui constitue une violation flagrante de la Charte des Nations unies, du droit international et des normes \u00e9tablies des relations inter\u00e9tatiques\u00a0\u00bb. <\/p>\n<p>Pour le moment, l\u2019IAF n\u2019a pas donn\u00e9 le d\u00e9tail des pertes qu\u2019elle a \u00e9ventuellement subies lors de l\u2019op\u00e9ration \u00ab\u00a0Sindoor\u00a0\u00bb. <\/p>\n<p>Reste \u00e0 voir si l\u2019Inde et le Pakistan en resteront l\u00e0\u2026 A priori, telle n\u2019est pas l\u2019intention d\u2019Islamabad.<\/p>\n<p>\u00ab\u00a0Apr\u00e8s l\u2019attaque de Pahalgam, les dirigeants indiens ont une fois de plus utilis\u00e9 le spectre du terrorisme pour promouvoir leur faux discours victimaire, mettant en p\u00e9ril la paix et la s\u00e9curit\u00e9 r\u00e9gionales. L\u2019action irresponsable de l\u2019Inde a rapproch\u00e9 les deux Etats dot\u00e9s de l\u2019arme nucl\u00e9aire d\u2019un conflit majeur\u00a0\u00bb, a soulign\u00e9 la diplomatie pakistanaise. \u00ab\u00a0La situation continue d\u2019\u00e9voluer. Le Pakistan se r\u00e9serve le droit de r\u00e9agir de mani\u00e8re appropri\u00e9e, au moment et au lieu de son choix, conform\u00e9ment \u00e0 l\u2019article 51 de la Charte des Nations Unies et au droit international\u00a0\u00bb, a-t-elle pr\u00e9venu.<\/p>\n<p>\t\t\t\t\t\t\t\t\t\t\t\t\t<script async src=\"https:\/\/platform.twitter.com\/widgets.js\" charset=\"utf-8\"><\/script><\/p>\n","protected":false},"excerpt":{"rendered":"Depuis 1947, l\u2019Inde et le Pakistan se disputent la r\u00e9gion du Cachemire, coup\u00e9e en deux par une \u00ab\u00a0Ligne&hellip;\n","protected":false},"author":2,"featured_media":82000,"comment_status":"","ping_status":"","sticky":false,"template":"","format":"standard","meta":{"footnotes":""},"categories":[2],"tags":[11,1011,27,2535,5595,18978,1331,18979,18980,12,18981,14488,15828,18982,25,18983],"class_list":{"0":"post-81999","1":"post","2":"type-post","3":"status-publish","4":"format-standard","5":"has-post-thumbnail","7":"category-actualites","8":"tag-actualites","9":"tag-fr","10":"tag-france","11":"tag-frappes","12":"tag-inde","13":"tag-indian-air-force","14":"tag-indopacifique","15":"tag-isi","16":"tag-lashkar-e-taiba","17":"tag-news","18":"tag-pahalgam","19":"tag-pakistan","20":"tag-rafale","21":"tag-raid-aerien","22":"tag-republique-francaise","23":"tag-sindoor"},"share_on_mastodon":{"url":"https:\/\/pubeurope.com\/@fr\/114466865036167445","error":""},"_links":{"self":[{"href":"https:\/\/www.europesays.com\/fr\/wp-json\/wp\/v2\/posts\/81999","targetHints":{"allow":["GET"]}}],"collection":[{"href":"https:\/\/www.europesays.com\/fr\/wp-json\/wp\/v2\/posts"}],"about":[{"href":"https:\/\/www.europesays.com\/fr\/wp-json\/wp\/v2\/types\/post"}],"author":[{"embeddable":true,"href":"https:\/\/www.europesays.com\/fr\/wp-json\/wp\/v2\/users\/2"}],"replies":[{"embeddable":true,"href":"https:\/\/www.europesays.com\/fr\/wp-json\/wp\/v2\/comments?post=81999"}],"version-history":[{"count":0,"href":"https:\/\/www.europesays.com\/fr\/wp-json\/wp\/v2\/posts\/81999\/revisions"}],"wp:featuredmedia":[{"embeddable":true,"href":"https:\/\/www.europesays.com\/fr\/wp-json\/wp\/v2\/media\/82000"}],"wp:attachment":[{"href":"https:\/\/www.europesays.com\/fr\/wp-json\/wp\/v2\/media?parent=81999"}],"wp:term":[{"taxonomy":"category","embeddable":true,"href":"https:\/\/www.europesays.com\/fr\/wp-json\/wp\/v2\/categories?post=81999"},{"taxonomy":"post_tag","embeddable":true,"href":"https:\/\/www.europesays.com\/fr\/wp-json\/wp\/v2\/tags?post=81999"}],"curies":[{"name":"wp","href":"https:\/\/api.w.org\/{rel}","templated":true}]}}