{"id":820565,"date":"2026-03-24T05:51:19","date_gmt":"2026-03-24T05:51:19","guid":{"rendered":"https:\/\/www.europesays.com\/fr\/820565\/"},"modified":"2026-03-24T05:51:19","modified_gmt":"2026-03-24T05:51:19","slug":"les-principales-promesses-du-nouveau-maire-emmanuel-gregoire","status":"publish","type":"post","link":"https:\/\/www.europesays.com\/fr\/820565\/","title":{"rendered":"Les principales promesses du nouveau maire Emmanuel Gr\u00e9goire"},"content":{"rendered":"<p>Qu\u2019est-ce qui va changer pour les Parisiens et Parisiennes, dans les ann\u00e9es \u00e0 venir\u00a0? Quel sera le nouveau visage de la capitale\u00a0? Un petit tour d\u2019horizon des principales promesses du <a href=\"https:\/\/www.20minutes.fr\/politique\/4213008-20260322-resultats-municipales-paris-emmanuel-gregoire-elu-15-points-plus-rachida-dati\" target=\"_blank\" class=\"c-link c-link--is-underlined\" rel=\"nofollow noopener\">nouveau maire Emmanuel Gr\u00e9goire<\/a>, permet de se faire une id\u00e9e.<\/p>\n<p>Interdiction des r\u00e9sidences secondaires<\/p>\n<p>Le <a href=\"https:\/\/www.20minutes.fr\/dossier\/logement\" class=\"c-link c-link--is-underlined\" rel=\"nofollow noopener\" target=\"_blank\">logement <\/a>\u00e9tait l\u2019un des enjeux principaux de la campagne \u00e0 <a href=\"https:\/\/www.20minutes.fr\/paris\/\" class=\"c-link c-link--is-underlined\" rel=\"nofollow noopener\" target=\"_blank\">Paris<\/a>, o\u00f9 nombre d\u2019habitants et habitantes ne parviennent plus \u00e0 se loger. Pour lutter contre ce ph\u00e9nom\u00e8ne, Emmanuel Gr\u00e9goire veut cr\u00e9er 60.000 logements publics (sociaux et abordables), avec un r\u00e9\u00e9quilibrage \u00e0 l\u2019ouest, et souhaite interdire<a href=\"https:\/\/www.20minutes.fr\/societe\/4177650-20251018-souvenirs-enfance-bas-pourquoi-maison-famille-echappe-critiques-residences-secondaires\" class=\"c-link c-link--is-underlined\" rel=\"nofollow noopener\" target=\"_blank\"> les nouvelles r\u00e9sidences secondaires<\/a>. \u00ab\u00a0\u00c0 Paris, un logement sur 5 est vacant ou inoccup\u00e9, soit pr\u00e8s de 300.000 appartements, dont la moiti\u00e9 de r\u00e9sidences secondaires. Dans une ville aussi dense que Paris, il n\u2019est pas normal que des millions de m\u00e8tres carr\u00e9s de logements soient vides\u00a0\u00bb,<a href=\"https:\/\/emmanuel-gregoire-2026.fr\/programme\/programme-detaille.pdf\" target=\"_blank\" class=\"c-link c-link--is-underlined\" rel=\"nofollow noopener\"> argumente son programme.<\/a><\/p>\n<p>Une refonte du p\u00e9riscolaire<\/p>\n<p>Au rayon \u00e9ducation, Emmanuel Gr\u00e9goire veut <a href=\"https:\/\/lessurligneurs.eu\/municipales-a-paris-emmanuel-gregoire-union-de-la-gauche-peut-il-moduler-les-subventions-aux-ecoles-privees\/\" target=\"_blank\" class=\"c-link c-link--is-underlined\" rel=\"nofollow noopener\">moduler les dotations financi\u00e8res aux \u00e9tablissements priv\u00e9s <\/a>en fonction de crit\u00e8res de mixit\u00e9 sociale. Pour faire face aux <a href=\"https:\/\/www.20minutes.fr\/societe\/4202824-20260223-violences-periscolaire-paris-parents-revoltes-enquete-mairie-ecole-emeriau\" class=\"c-link c-link--is-underlined\" rel=\"nofollow noopener\" target=\"_blank\">r\u00e9v\u00e9lations de violences commises par des animateurs dans le p\u00e9riscolaire<\/a>, il s\u2019engage \u00e0 une v\u00e9ritable \u00ab\u00a0refonte\u00a0\u00bb du secteur, et notamment \u00e0 emp\u00eacher qu\u2019un adulte puisse se retrouver seul avec un enfant. \u00ab\u00a0Aucun enfant ne sera jamais laiss\u00e9 seul avec un adulte, afin de rendre impossibles les conditions de l\u2019abus\u00a0\u00bb, \u00e9nonce son programme. Il propose aussi de mettre fin <a href=\"https:\/\/www.20minutes.fr\/paris\/3335267-20220831-mine-sante-neroli-gardienne-ecole-paris-vacataire-depuis-10-ans\" class=\"c-link c-link--is-underlined\" rel=\"nofollow noopener\" target=\"_blank\">aux contrats de vacations morcel\u00e9es <\/a>en recrutant 2.800 agents sur des temps continus. La Ville emploie actuellement 14.000 agents sur les temps p\u00e9riscolaires dont seulement 3.300 titulaires, pour 1.000 contractuels et 10.000 vacataires, favorisant un turn-over qui complique la formation des agents et agentes.<\/p>\n<p>Des amendes sal\u00e9es en cas de d\u00e9p\u00f4t sauvage<\/p>\n<p>En\u00a02025, 71\u00a0% des Parisiens<a href=\"https:\/\/www.leparisien.fr\/paris-75\/securite-proprete-les-parisiens-mecontents-du-bilan-danne-hidalgo-pour-leur-quotidien-13-12-2025-L556DZJTABFSRIM2EFLPA5DN6E.php\" target=\"_blank\" class=\"c-link c-link--is-underlined\" rel=\"nofollow noopener\"> se disaient m\u00e9contents du bilan d\u2019Anne Hidalgo sur la propret\u00e9<\/a>. Le nouveau maire veut cr\u00e9er des brigades anti-incivilit\u00e9s au sein de la police municipale et porter \u00e0 500 euros minimum les <a href=\"https:\/\/www.20minutes.fr\/societe\/4153196-20250525-savez-quoi-exposez-depot-sauvage-dechets\" class=\"c-link c-link--is-underlined\" rel=\"nofollow noopener\" target=\"_blank\">amendes pour d\u00e9p\u00f4t sauvage<\/a>, <a href=\"https:\/\/mairie19.paris.fr\/pages\/responsabilite-et-verbalisation-12814\" target=\"_blank\" class=\"c-link c-link--is-underlined\" rel=\"nofollow noopener\">qui sont actuellement \u00e0 68 euros.<\/a> \u00ab\u00a0Nous mettrons en place une collecte sur rendez-vous \u00e0 domicile et \u00e0 l\u2019\u00e9tage, de tous les gros encombrants \u2013 meubles, \u00e9lectrom\u00e9nager\u2026 \u2013 pour favoriser leur r\u00e9emploi\u00a0\u00bb, promet aussi l\u2019\u00e9dile.<\/p>\n<p>\u00ab\u00a01.000 rues pi\u00e9tonnes\u00a0\u00bb et des \u00ab\u00a0v\u00e9lo-\u00e9coles\u00a0\u00bb<\/p>\n<p>Alors que le <a href=\"https:\/\/www.20minutes.fr\/paris\/3154051-20211022-comment-paris-veut-devenir-100-cyclable-5-ans\" class=\"c-link c-link--is-underlined\" rel=\"nofollow noopener\" target=\"_blank\">plan v\u00e9lo 2020-2026 <\/a>adopt\u00e9 par la majorit\u00e9 sortante n\u2019a \u00e9t\u00e9 mis en \u0153uvre qu\u2019\u00e0 40\u00a0%, beaucoup reste \u00e0 faire, notamment r\u00e9\u00e9quilibrer les am\u00e9nagements entre l\u2019Est et l\u2019Ouest, moins bien dot\u00e9. <a href=\"https:\/\/www.20minutes.fr\/politique\/emmanuel-gregoire\/\" class=\"c-link c-link--is-underlined\" rel=\"nofollow noopener\" target=\"_blank\">Emmanuel Gr\u00e9goire<\/a> a pr\u00e9sent\u00e9 d\u00e9but f\u00e9vrier ses mesures, \u00e0 commencer par la s\u00e9curisation des quinze voies de bus les plus fr\u00e9quent\u00e9es. L\u2019ex-premier adjoint d\u2019Anne Hidalgo promet aussi une \u00ab\u00a0coop\u00e9rative\u00a0\u00bb pour des locations abordables &#8211; notamment de \u00ab\u00a0v\u00e9los-cargos\u00a0\u00bb &#8211; et la cr\u00e9ation d\u2019une \u00ab\u00a0v\u00e9lo-\u00e9cole\u00a0\u00bb dans chaque arrondissement. Au rayon mobilit\u00e9s, l\u2019\u00e9lu PS <a href=\"https:\/\/x.com\/BFMParis\/status\/1867287826695442887\" target=\"_blank\" class=\"c-link c-link--is-underlined\" rel=\"nofollow\">fixe par ailleurs un objectif <\/a>de \u00ab\u00a01.000 rues pi\u00e9tonnes\u00a0\u00bb sur les 6.500 que compte la Ville de Paris, \u00ab\u00a0d\u2019ici la fin du mandat\u00a0\u00bb.<\/p>\n<p>Prot\u00e9ger la diversit\u00e9 commerciale gr\u00e2ce \u00e0 la pr\u00e9emption<\/p>\n<p>Le nouveau maire de Paris veut augmenter<a href=\"https:\/\/www.20minutes.fr\/paris\/1726275-20151108-paris-anne-hidalgo-devoile-plan-attaque-soutenir-petit-commerce\" class=\"c-link c-link--is-underlined\" rel=\"nofollow noopener\" target=\"_blank\"> les moyens allou\u00e9s \u00e0 la pr\u00e9emption des commerces<\/a> en ciblant les zones \u00e0 forte vacance, pour lutter notamment contre la disparition des \u00ab\u00a0commerces utiles\u00a0\u00bb. Les moyens de la soci\u00e9t\u00e9 d\u2019\u00e9conomie mixte Paris Commerces seront renforc\u00e9s pour mieux ma\u00eetriser les loyers et prot\u00e9ger la diversit\u00e9 commerciale. Le candidat n\u2019a toutefois pas pr\u00e9cis\u00e9 l\u2019enveloppe qui sera d\u00e9bloqu\u00e9e.<\/p>\n<p>Des \u00ab\u00a0kiosques\u00a0\u00bb mobiles pour la police municipale<\/p>\n<p>Emmanuel Gr\u00e9goire souhaite recruter 1.000 agents suppl\u00e9mentaires et <a href=\"https:\/\/www.20minutes.fr\/politique\/4195735-20260113-municipales-2026-paris-emmanuel-gregoire-ps-propose-kiosques-mobiles-police-municipale\" class=\"c-link c-link--is-underlined\" rel=\"nofollow noopener\" target=\"_blank\">installer des \u00ab\u00a0kiosques\u00a0\u00bb mobiles<\/a>, inspir\u00e9s des k\u00f4ban japonais, pr\u00e9sent\u00e9s comme des \u00ab\u00a0mini-postes sur le terrain\u00a0\u00bb. R\u00e9partis dans tous les arrondissements et positionn\u00e9s sur les \u00ab\u00a0points chauds\u00a0\u00bb de la capitale, ces kiosques fonctionneraient 24 heures\/24 avec cinq \u00e0 six agents chacun. Le candidat socialiste assume une approche fond\u00e9e sur la visibilit\u00e9 polici\u00e8re. \u00ab\u00a0Une des cl\u00e9s, c\u2019est de consid\u00e9rer que la pr\u00e9sence polici\u00e8re de terrain ne r\u00e8gle, certes, pas tout, mais reste extr\u00eamement efficace contre la d\u00e9linquance. Il faut du bleu sur le terrain\u00a0\u00bb, affirme-t-il.<\/p>\n","protected":false},"excerpt":{"rendered":"Qu\u2019est-ce qui va changer pour les Parisiens et Parisiennes, dans les ann\u00e9es \u00e0 venir\u00a0? Quel sera le nouveau&hellip;\n","protected":false},"author":2,"featured_media":820566,"comment_status":"","ping_status":"","sticky":false,"template":"","format":"standard","meta":{"footnotes":"","_share_on_mastodon":"0"},"categories":[1888],"tags":[11,6688,23612,2761,8186,1777,674,1011,27,662,1908,5107,2381,1137,12,626,1306,25,656,208],"class_list":["post-820565","post","type-post","status-publish","format-standard","has-post-thumbnail","category-paris","tag-actualites","tag-ecole-maternelle","tag-ecole-primaire","tag-elections-municipales-2026","tag-emmanuel-gregoire","tag-eu","tag-europe","tag-fr","tag-france","tag-ile-de-france","tag-logement","tag-maire","tag-mairie-de-paris","tag-mobilite","tag-news","tag-paris","tag-regions","tag-republique-francaise","tag-securite","tag-velo"],"share_on_mastodon":{"url":"https:\/\/pubeurope.com\/@fr\/116282594933219262","error":""},"_links":{"self":[{"href":"https:\/\/www.europesays.com\/fr\/wp-json\/wp\/v2\/posts\/820565","targetHints":{"allow":["GET"]}}],"collection":[{"href":"https:\/\/www.europesays.com\/fr\/wp-json\/wp\/v2\/posts"}],"about":[{"href":"https:\/\/www.europesays.com\/fr\/wp-json\/wp\/v2\/types\/post"}],"author":[{"embeddable":true,"href":"https:\/\/www.europesays.com\/fr\/wp-json\/wp\/v2\/users\/2"}],"replies":[{"embeddable":true,"href":"https:\/\/www.europesays.com\/fr\/wp-json\/wp\/v2\/comments?post=820565"}],"version-history":[{"count":0,"href":"https:\/\/www.europesays.com\/fr\/wp-json\/wp\/v2\/posts\/820565\/revisions"}],"wp:featuredmedia":[{"embeddable":true,"href":"https:\/\/www.europesays.com\/fr\/wp-json\/wp\/v2\/media\/820566"}],"wp:attachment":[{"href":"https:\/\/www.europesays.com\/fr\/wp-json\/wp\/v2\/media?parent=820565"}],"wp:term":[{"taxonomy":"category","embeddable":true,"href":"https:\/\/www.europesays.com\/fr\/wp-json\/wp\/v2\/categories?post=820565"},{"taxonomy":"post_tag","embeddable":true,"href":"https:\/\/www.europesays.com\/fr\/wp-json\/wp\/v2\/tags?post=820565"}],"curies":[{"name":"wp","href":"https:\/\/api.w.org\/{rel}","templated":true}]}}